{"id":321610,"date":"2025-08-15T21:45:16","date_gmt":"2025-08-15T21:45:16","guid":{"rendered":"https:\/\/www.europesays.com\/fr\/321610\/"},"modified":"2025-08-15T21:45:16","modified_gmt":"2025-08-15T21:45:16","slug":"un-hommage-a-donnarumma-au-parc-des-princes","status":"publish","type":"post","link":"https:\/\/www.europesays.com\/fr\/321610\/","title":{"rendered":"Un hommage \u00e0 Donnarumma au Parc des Princes ?"},"content":{"rendered":"<p><img width=\"700\" height=\"350\" src=\"https:\/\/www.europesays.com\/fr\/wp-content\/uploads\/2025\/08\/Donnarumma-2.jpg\" class=\"attachment-jannah-image-post size-jannah-image-post wp-post-image\" alt=\"Donnarumma\" is_main_img=\"1\" decoding=\"async\" fetchpriority=\"high\"  \/><br \/>\n Image :<br \/>\npsg.fr<\/p>\n<p>Alors qu\u2019il n\u2019a pas trouv\u00e9 d\u2019accord pour prolonger avec le<br \/>\nPSG, Gianluigi Donnarumma a annonc\u00e9 son d\u00e9part. Dans sa lettre, il<br \/>\na expliqu\u00e9 esp\u00e9rer pouvoir saluer une derni\u00e8re fois les supporters<br \/>\nparisiens au Parc des Princes. Mais cela s\u2019annonce<br \/>\ncompliqu\u00e9.<\/p>\n<p><strong>Gianluigi Donnarumma<\/strong>, apr\u00e8s quatre ans au<br \/>\n<strong>PSG<\/strong>, va quitter le club de la capitale cet \u00e9t\u00e9.<br \/>\nL\u2019international italien, encore sous contrat jusqu\u2019en juin 2026,<br \/>\nn\u2019a pas r\u00e9ussi \u00e0 trouver un accord pour prolonger son contrat. Vu<br \/>\nqu\u2019il ne souhaitait pas le voir partir libre dans un an, le<br \/>\n<strong>PSG<\/strong> a recrut\u00e9 <strong>Lucas Chevalier<\/strong> et<br \/>\na indiqu\u00e9 la sortie \u00e0 <strong>Gianluigi Donnarumma<\/strong>. Ce<br \/>\ndernier a officialis\u00e9 son d\u00e9part des Rouge &amp; Bleu sur ses r\u00e9seaux<br \/>\nsociaux. Dans sa <a href=\"https:\/\/canal-supporters.com\/donnarumma-annonce-son-depart-du-psg\/\" title=\"\" rel=\"nofollow noopener\" target=\"_blank\">lettre<\/a>, il indique qu\u2019il aimerait pouvoir dire au<br \/>\nrevoir aux supporters du <strong>PSG<\/strong> au <strong>Parc des<br \/>\nPrinces<\/strong>.<\/p>\n<p>A voir aussi : <a href=\"https:\/\/canal-supporters.com\/lagent-de-gianluigi-donnarumma-fracasse-le-psg\/\" title=\"\" rel=\"nofollow noopener\" target=\"_blank\">L\u2019agent de Gianluigi Donnarumma fracasse le PSG<\/a><\/p>\n<p><a href=\"https:\/\/x.com\/CanalSupporters\" target=\"_blank\" rel=\"noopener nofollow\" title=\"\">canalsupporters.com<\/a><\/p>\n<p>Un sujet qui<br \/>\ndivise au sein du PSG<\/p>\n<p>Un hommage pour l\u2019un des h\u00e9ros du titre en <strong>Ligue des<br \/>\nchampions<\/strong>, partage en interne au <strong>PSG<\/strong>,<br \/>\navance <a href=\"https:\/\/rmcsport.bfmtv.com\/football\/clubs\/paris-saint-germain\/un-hommage-a-donnarumma-au-parc-des-princes-la-relation-conflictuelle-avec-le-psg-complique-les-choses_AV-202508150377.html\" target=\"_blank\" rel=\"noopener nofollow\" title=\"\">RMC Sport<\/a>. Dans sa<br \/>\nlettre, <strong>Gianluigi Donnarumma<\/strong>, apr\u00e8s avoir salu\u00e9<br \/>\nles supporters du <strong>PSG<\/strong>, a point\u00e9 du doigt une<br \/>\npersonne pour son d\u00e9part. \u00ab\u00a0Malheureusement, quelqu\u2019un a<br \/>\nd\u00e9cid\u00e9 que je ne pourrais plus faire partie de <a href=\"https:\/\/canal-supporters.com\/les-coulisses-du-divorce-entre-le-psg-et-donnarumma\/\" title=\"\" rel=\"nofollow noopener\" target=\"_blank\">ce groupe<\/a> et contribuer \u00e0 la r\u00e9ussite de<br \/>\nl\u2019\u00e9quipe.\u00a0\u00bb En interne, cette phrase interroge, assure le<br \/>\nm\u00e9dia sportif. Au sein du <strong>PSG<\/strong>, on sait que le<br \/>\npublic parisien veut lui rendre un dernier hommage avant son<br \/>\nd\u00e9part. Sauf que ce communiqu\u00e9 publi\u00e9 la veille de<br \/>\nla\u00a0<strong>Supercoupe d\u2019Europe<\/strong> face \u00e0<br \/>\n<strong>Tottenham\u00a0<\/strong>pointe du doigt\u00a0<strong>Luis<br \/>\nEnrique<\/strong>\u00a0sans le citer, ce qui ne facilite pas les<br \/>\nchoses. De leur c\u00f4t\u00e9, les dirigeants se gardent encore le droit de<br \/>\nr\u00e9pondre au communiqu\u00e9 brandi par <strong>Gianluigi<br \/>\nDonnarumma<\/strong>, assure le m\u00e9dia sportif. Dans la presse<br \/>\nitalienne, l\u2019agent du joueur ne cesse de r\u00e9p\u00e9ter que le<br \/>\n<strong>PSG<\/strong> s\u2019est mal comport\u00e9, allant m\u00eame jusqu\u2019\u00e0<br \/>\nimaginer un recours \u2013 qui a peu de chance d\u2019aboutir \u2013 sur le plan<br \/>\njudiciaire. Le contexte actuel est-il propice \u00e0 un hommage au<br \/>\n<strong>Parc des Princes<\/strong>\u202f? Ce n\u2019est pas certain. Les<br \/>\nprochains jours diront si le souhait de <strong>Donnarumma<\/strong><br \/>\nest r\u00e9alisable, conclut RMC Sport.\u00a0<\/p><\/p>\n","protected":false},"excerpt":{"rendered":"Image : psg.fr Alors qu\u2019il n\u2019a pas trouv\u00e9 d\u2019accord pour prolonger avec le PSG, Gianluigi Donnarumma a annonc\u00e9&hellip;\n","protected":false},"author":2,"featured_media":321611,"comment_status":"","ping_status":"","sticky":false,"template":"","format":"standard","meta":{"footnotes":""},"categories":[2],"tags":[11,81,13121,1011,27,10528,4879,1434,1435,12,153,2334,626,91,92,93,10221,13827,96],"class_list":{"0":"post-321610","1":"post","2":"type-post","3":"status-publish","4":"format-standard","5":"has-post-thumbnail","7":"category-actualites","8":"tag-actualites","9":"tag-canal-supporters","10":"tag-donnarumma","11":"tag-fr","12":"tag-france","13":"tag-gianluigi-donnarumma","14":"tag-hommage","15":"tag-mercato","16":"tag-mercato-psg","17":"tag-news","18":"tag-parc","19":"tag-parc-des-princes","20":"tag-paris","21":"tag-paris-saint-germain","22":"tag-paris-sg","23":"tag-psg","24":"tag-supporters","25":"tag-supporters-psg","26":"tag-une"},"share_on_mastodon":{"url":"https:\/\/pubeurope.com\/@fr\/115034975303799302","error":""},"_links":{"self":[{"href":"https:\/\/www.europesays.com\/fr\/wp-json\/wp\/v2\/posts\/321610","targetHints":{"allow":["GET"]}}],"collection":[{"href":"https:\/\/www.europesays.com\/fr\/wp-json\/wp\/v2\/posts"}],"about":[{"href":"https:\/\/www.europesays.com\/fr\/wp-json\/wp\/v2\/types\/post"}],"author":[{"embeddable":true,"href":"https:\/\/www.europesays.com\/fr\/wp-json\/wp\/v2\/users\/2"}],"replies":[{"embeddable":true,"href":"https:\/\/www.europesays.com\/fr\/wp-json\/wp\/v2\/comments?post=321610"}],"version-history":[{"count":0,"href":"https:\/\/www.europesays.com\/fr\/wp-json\/wp\/v2\/posts\/321610\/revisions"}],"wp:featuredmedia":[{"embeddable":true,"href":"https:\/\/www.europesays.com\/fr\/wp-json\/wp\/v2\/media\/321611"}],"wp:attachment":[{"href":"https:\/\/www.europesays.com\/fr\/wp-json\/wp\/v2\/media?parent=321610"}],"wp:term":[{"taxonomy":"category","embeddable":true,"href":"https:\/\/www.europesays.com\/fr\/wp-json\/wp\/v2\/categories?post=321610"},{"taxonomy":"post_tag","embeddable":true,"href":"https:\/\/www.europesays.com\/fr\/wp-json\/wp\/v2\/tags?post=321610"}],"curies":[{"name":"wp","href":"https:\/\/api.w.org\/{rel}","templated":true}]}}