{"id":321624,"date":"2025-08-15T22:00:13","date_gmt":"2025-08-15T22:00:13","guid":{"rendered":"https:\/\/www.europesays.com\/fr\/321624\/"},"modified":"2025-08-15T22:00:13","modified_gmt":"2025-08-15T22:00:13","slug":"le-dfco-concede-le-nul-face-a-rouen","status":"publish","type":"post","link":"https:\/\/www.europesays.com\/fr\/321624\/","title":{"rendered":"Le DFCO conc\u00e8de le nul face \u00e0 Rouen"},"content":{"rendered":"<p><strong>Apr\u00e8s une premi\u00e8re r\u00e9ussie sur la pelouse d\u2019Orl\u00e9ans, le DFCO accueillait le FC Rouen pour continuer sur sa lanc\u00e9e. Marqu\u00e9 par le retour de Julio Tavares, le groupe dijonnais avait \u00e0 c\u0153ur de confirmer devant son public et de lancer une dynamique.<\/strong><\/p>\n<p>Le coup d\u2019envoi tout juste siffl\u00e9, les Dijonnais vont frapper les premiers.\u00a0 Sur une perte de balle rouennaise, Zoran Moco anticipe parfaitement. Il sert ensuite sur un plateau Yanis Barka qui ouvre son compteur but <strong>(1-0, 2\u2032).<\/strong><\/p>\n<p>Les d\u00e9bats sont ensuite \u00e9quilibr\u00e9s avec une \u00e9quipe rouennaise en place. Celle-ci est \u00e0 l\u2019aff\u00fbt des moindres errements defensifs dijonnais. Sur l\u2019un deux, Paul Delecroix conc\u00e8de un p\u00e9nalty evitable. Kenny Rochas Santos ne se fait pas prier et remet les deux formations \u00e0 \u00e9galit\u00e9. <strong>(21\u2019, 1-1)<\/strong><\/p>\n<p>Juste avant la pause, les joueurs de Baptiste Ridira acc\u00e9l\u00e8rent.\u00a0 Yanis Barka manque de r\u00e9ussite sur une t\u00eate \u00e0 bout portant repouss\u00e9e par le poteau. Dans la foul\u00e9e ou presque, Jordan Mari\u00e9 force Temperton \u00e0 se d\u00e9tendre sur sa droite (45\u2032).<\/p>\n<p>La chaleur n\u2019aidant pas les vingt-deux acteurs, les occasions se font rares. Paul Delecroix passe une soir\u00e9e assez tranquille tout comme Temperton \u00e0 l\u2019oppos\u00e9e. C\u2019est finalement l\u2019entr\u00e9e de notre Julio Tavares qui va raviver la flamme. Dans son style caract\u00e9ristique, notre num\u00e9ro 11 apporte un suppl\u00e9ment d\u2019\u00e2me mais insuffisant pour forcer la d\u00e9cision.<br \/>Le DFCO aurait aim\u00e9 faire deux sur deux. Il doit se contenter du match nul et tentera de garder son invincibilit\u00e9 sur la pelouse de Saint-Brieuc, vendredi prochain.<\/p>\n<p><strong>La fiche du match :<\/strong><br \/>Au Stade Gaston-G\u00e9rard (Dijon), le DFCO et le FC Rouen font match nul 1 \u00e0 1. (1-1)<br \/><strong>Arbitres :<\/strong> Mr Chamel<\/p>\n<p><strong>Buts :<\/strong> Yanis Barka (2\u2019) pour le DFCO, Kenny Rocha Santos (21\u2019) pour le FC Rouen<\/p>\n<p><strong>Avertissements :<\/strong> Paul Delecroix (20\u2019), Zoran Moco (61\u2019), Jordan Mari\u00e9 (71\u2019) pour le DFCO, Dany Goprou (17\u2019), Kenny Rocha Santos (34\u2019) pour le FC Rouen.<\/p>\n<p><strong>DFCO :<\/strong> Delecroix \u2013 Diallo, Diaby Malick, Bernard, Moco \u2013 Mari\u00e9 (c), Vargas-Rios (Bellon, 73\u2019), Ndezi, Lembezat (Tavares, 82\u2019) \u2013 Domingues, Barka (Ntamack, 73\u2019)<\/p>\n<p>\u00a0<\/p>\n","protected":false},"excerpt":{"rendered":"Apr\u00e8s une premi\u00e8re r\u00e9ussie sur la pelouse d\u2019Orl\u00e9ans, le DFCO accueillait le FC Rouen pour continuer sur sa&hellip;\n","protected":false},"author":2,"featured_media":321625,"comment_status":"","ping_status":"","sticky":false,"template":"","format":"standard","meta":{"footnotes":""},"categories":[9587],"tags":[1111,11,1777,674,1011,27,12,5161,25,9590],"class_list":{"0":"post-321624","1":"post","2":"type-post","3":"status-publish","4":"format-standard","5":"has-post-thumbnail","7":"category-rouen","8":"tag-actu","9":"tag-actualites","10":"tag-eu","11":"tag-europe","12":"tag-fr","13":"tag-france","14":"tag-news","15":"tag-normandie","16":"tag-republique-francaise","17":"tag-rouen"},"share_on_mastodon":{"url":"https:\/\/pubeurope.com\/@fr\/115035034338841112","error":""},"_links":{"self":[{"href":"https:\/\/www.europesays.com\/fr\/wp-json\/wp\/v2\/posts\/321624","targetHints":{"allow":["GET"]}}],"collection":[{"href":"https:\/\/www.europesays.com\/fr\/wp-json\/wp\/v2\/posts"}],"about":[{"href":"https:\/\/www.europesays.com\/fr\/wp-json\/wp\/v2\/types\/post"}],"author":[{"embeddable":true,"href":"https:\/\/www.europesays.com\/fr\/wp-json\/wp\/v2\/users\/2"}],"replies":[{"embeddable":true,"href":"https:\/\/www.europesays.com\/fr\/wp-json\/wp\/v2\/comments?post=321624"}],"version-history":[{"count":0,"href":"https:\/\/www.europesays.com\/fr\/wp-json\/wp\/v2\/posts\/321624\/revisions"}],"wp:featuredmedia":[{"embeddable":true,"href":"https:\/\/www.europesays.com\/fr\/wp-json\/wp\/v2\/media\/321625"}],"wp:attachment":[{"href":"https:\/\/www.europesays.com\/fr\/wp-json\/wp\/v2\/media?parent=321624"}],"wp:term":[{"taxonomy":"category","embeddable":true,"href":"https:\/\/www.europesays.com\/fr\/wp-json\/wp\/v2\/categories?post=321624"},{"taxonomy":"post_tag","embeddable":true,"href":"https:\/\/www.europesays.com\/fr\/wp-json\/wp\/v2\/tags?post=321624"}],"curies":[{"name":"wp","href":"https:\/\/api.w.org\/{rel}","templated":true}]}}