{"id":321626,"date":"2025-08-15T22:03:19","date_gmt":"2025-08-15T22:03:19","guid":{"rendered":"https:\/\/www.europesays.com\/fr\/321626\/"},"modified":"2025-08-15T22:03:19","modified_gmt":"2025-08-15T22:03:19","slug":"stade-lavallois-thomas-solide-et-buteur-les-notes-apres-grenoble","status":"publish","type":"post","link":"https:\/\/www.europesays.com\/fr\/321626\/","title":{"rendered":"Stade lavallois. Thomas solide et buteur&#8230; Les notes apr\u00e8s Grenoble"},"content":{"rendered":"<p><img decoding=\"async\" class=\"\" style=\"width:100%\" src=\"https:\/\/www.europesays.com\/fr\/wp-content\/uploads\/2025\/08\/Titouan_Thomas_Stade_lavallois_Guingamp_23_08_24_NG1755292046782.jpg\" alt=\"Titouan Thomas a ouvert le score face \u00e0 Grenoble.\"\/><\/p>\n<p>Titouan Thomas a ouvert le score face \u00e0 Grenoble.<\/p>\n<p>Cr\u00e9dit : Nicolas Geslin\/Oxyg\u00e8ne Radio<\/p>\n<p><strong>SAMASSA (5,5). <\/strong>Il a v\u00e9cu une soir\u00e9e particuli\u00e8rement tranquille malgr\u00e9 quelques ballons qui ont travers\u00e9 sa surface. Il est logiquement battu en un contre un sur le but grenoblois (78&prime;).<\/p>\n<p><strong>VARGAS (6,5).<\/strong> En de\u00e7\u00e0 de son niveau habituel samedi face \u00e0 Saint-Etienne, il \u00e9tait en jambes sur son c\u00f4t\u00e9 droit. Le lat\u00e9ral a travers\u00e9 son c\u00f4t\u00e9 de part en part pour apporter le surnombre et \u00e9galement d\u00e9fendre avec rigueur. Il est r\u00e9compens\u00e9 par une passe d\u00e9cisive sur corner (52&prime;).<\/p>\n<p><strong>COMMARET (6).<\/strong> Il s&rsquo;est montr\u00e9 solide et courageux.<\/p>\n<p><strong>TAVARES (4). <\/strong>Pass\u00e9 sur un long ballon, il a parfois \u00e9t\u00e9 coupable de placements hasardeux. Assez rare pour \u00eatre signal\u00e9. C&rsquo;est lui qui est pris sur le but d&rsquo;Elphege, en compagnie de Mandouki, en laissant trop de place \u00e0 l&rsquo;attaquant pour se retourner.<\/p>\n<p><strong>BIANDA (6).<\/strong> Avec seulement six matches la saison derni\u00e8re en Ligue 2, le d\u00e9fenseur axial gauche jouait ses premi\u00e8res minutes depuis le 13 d\u00e9cembre 2024. Il a \u00e9t\u00e9 propre dans ses interventions et a r\u00e9gn\u00e9 dans les airs. Un match s\u00e9rieux, sans fioritures.<\/p>\n<p><strong>KOKOLO (6,5). <\/strong>Il d\u00e9marre la saison en trombe. Il a d\u00e9vor\u00e9 son c\u00f4t\u00e9 gauche et mis au supplice le flanc droit de la d\u00e9fense grenobloise sans toujours conna\u00eetre la r\u00e9ussite qu&rsquo;il aurait m\u00e9rit\u00e9.<\/p>\n<p><strong>SANNA (4,5).<\/strong> Il lui a fallu une mi-temps pour se mettre dedans avec beaucoup d&rsquo;erreurs techniques. En seconde p\u00e9riode, il est mont\u00e9 en gamme dans l&rsquo;impact et a distill\u00e9 de bons ballons. Quelques incursions dangereuses, mais mal men\u00e9es.<\/p>\n<p><strong>THOMAS (7).<\/strong> Il n&rsquo;\u00e9tait pas loin d&rsquo;ouvrir le score sur corner d&rsquo;entr\u00e9e de jeu (2&prime;). Finalement, il attendu 50 minutes pour placer un coup de t\u00eate vainqueur sur la m\u00eame situation (52&prime;). Autrement, il a mis de l&rsquo;intensit\u00e9 et les coups qu&rsquo;il faut. L&rsquo;un des meilleurs lavallois \u00e0 Grenoble.<\/p>\n<p><strong>SELLOUKI (4). <\/strong>Tr\u00e8s discret. Quelques \u00e9clairs, mais jamais vraiment dans le rythme.<\/p>\n<p><strong>CAMARA (5,5).<\/strong> Il s&rsquo;est procur\u00e9 une \u00e9norme occasion au bout de 50 secondes de jeu, mais a vu Diop sortir la parade (1&prime;). Ensuite, il a \u00e9t\u00e9 disponible entre les lignes m\u00eame s&rsquo;il n&rsquo;a pas toujours choisi les bonnes options.<\/p>\n<p><strong>TCHOKOUNTE (5). <\/strong>En pivot, il a tent\u00e9 d&rsquo;orienter le jeu et l&rsquo;a plut\u00f4t bien fait. Trouv\u00e9 \u00e0 plusieurs reprises dans la surface, il n&rsquo;a jamais \u00e9t\u00e9 en position de faire le mal gr\u00e2ce \u00e0 la bonne pression grenobloise.<\/p>\n","protected":false},"excerpt":{"rendered":"Titouan Thomas a ouvert le score face \u00e0 Grenoble. Cr\u00e9dit : Nicolas Geslin\/Oxyg\u00e8ne Radio SAMASSA (5,5). Il a&hellip;\n","protected":false},"author":2,"featured_media":321627,"comment_status":"","ping_status":"","sticky":false,"template":"","format":"standard","meta":{"footnotes":""},"categories":[9566],"tags":[1111,11,2430,3233,1777,674,63,1011,27,2731,2693,446,12,25,517,60,40802],"class_list":{"0":"post-321626","1":"post","2":"type-post","3":"status-publish","4":"format-standard","5":"has-post-thumbnail","7":"category-grenoble","8":"tag-actu","9":"tag-actualites","10":"tag-auvergne-rhone-alpes","11":"tag-championnat","12":"tag-eu","13":"tag-europe","14":"tag-football","15":"tag-fr","16":"tag-france","17":"tag-grenoble","18":"tag-laval","19":"tag-ligue-2","20":"tag-news","21":"tag-republique-francaise","22":"tag-sport","23":"tag-sports","24":"tag-stade-lavallois"},"share_on_mastodon":{"url":"https:\/\/pubeurope.com\/@fr\/115035046421048684","error":""},"_links":{"self":[{"href":"https:\/\/www.europesays.com\/fr\/wp-json\/wp\/v2\/posts\/321626","targetHints":{"allow":["GET"]}}],"collection":[{"href":"https:\/\/www.europesays.com\/fr\/wp-json\/wp\/v2\/posts"}],"about":[{"href":"https:\/\/www.europesays.com\/fr\/wp-json\/wp\/v2\/types\/post"}],"author":[{"embeddable":true,"href":"https:\/\/www.europesays.com\/fr\/wp-json\/wp\/v2\/users\/2"}],"replies":[{"embeddable":true,"href":"https:\/\/www.europesays.com\/fr\/wp-json\/wp\/v2\/comments?post=321626"}],"version-history":[{"count":0,"href":"https:\/\/www.europesays.com\/fr\/wp-json\/wp\/v2\/posts\/321626\/revisions"}],"wp:featuredmedia":[{"embeddable":true,"href":"https:\/\/www.europesays.com\/fr\/wp-json\/wp\/v2\/media\/321627"}],"wp:attachment":[{"href":"https:\/\/www.europesays.com\/fr\/wp-json\/wp\/v2\/media?parent=321626"}],"wp:term":[{"taxonomy":"category","embeddable":true,"href":"https:\/\/www.europesays.com\/fr\/wp-json\/wp\/v2\/categories?post=321626"},{"taxonomy":"post_tag","embeddable":true,"href":"https:\/\/www.europesays.com\/fr\/wp-json\/wp\/v2\/tags?post=321626"}],"curies":[{"name":"wp","href":"https:\/\/api.w.org\/{rel}","templated":true}]}}