{"id":321628,"date":"2025-08-15T22:05:11","date_gmt":"2025-08-15T22:05:11","guid":{"rendered":"https:\/\/www.europesays.com\/fr\/321628\/"},"modified":"2025-08-15T22:05:11","modified_gmt":"2025-08-15T22:05:11","slug":"une-douche-froide-pour-commencer","status":"publish","type":"post","link":"https:\/\/www.europesays.com\/fr\/321628\/","title":{"rendered":"une douche froide pour commencer"},"content":{"rendered":"<p>La soupe \u00e0 la grimace. <a href=\"https:\/\/www.laprovence.com\/article\/om\/57489436400571\/direct-laprovence-direct-rennes-om-les-olympiens-entament-leur-saison-en-bretagne-suivez-lavant-match\" target=\"_blank\" rel=\"noopener\">L&rsquo;OM a quitt\u00e9 le Roazhon Park la queue entre les jambes ce vendredi soir<\/a> pour l&rsquo;ouverture de la Ligue 1. En sup\u00e9riorit\u00e9 num\u00e9rique pendant pr\u00e8s d&rsquo;une heure, les hommes de Roberto De Zerbi n&rsquo;ont pas r\u00e9ussi \u00e0 venir \u00e0 bout de Rennes (1-0). Pire, ils ont lamentablement craqu\u00e9 en fin de rencontre et les Bretons n&rsquo;ont pas musard\u00e9 en chemin pour les punir, Ludovic Blas se transformant tout \u00e0 la fois en bourreau des ambitions marseillaises et en lib\u00e9rateur de la patrie rennaise (90+ 1). T\u00eates basses, regards incrust\u00e9s dans le sol, les Olympiens \u00e9taient bl\u00eames.<\/p>\n","protected":false},"excerpt":{"rendered":"La soupe \u00e0 la grimace. L&rsquo;OM a quitt\u00e9 le Roazhon Park la queue entre les jambes ce vendredi&hellip;\n","protected":false},"author":2,"featured_media":321629,"comment_status":"","ping_status":"","sticky":false,"template":"","format":"standard","meta":{"footnotes":""},"categories":[2821],"tags":[17,1111,11,9339,829,44938,1777,674,1011,27,45939,4056,12,149,471,584,25,96],"class_list":{"0":"post-321628","1":"post","2":"type-post","3":"status-publish","4":"format-standard","5":"has-post-thumbnail","7":"category-rennes","8":"tag-17","9":"tag-actu","10":"tag-actualites","11":"tag-battu","12":"tag-bretagne","13":"tag-douche","14":"tag-eu","15":"tag-europe","16":"tag-fr","17":"tag-france","18":"tag-froide","19":"tag-lom","20":"tag-news","21":"tag-om","22":"tag-pour","23":"tag-rennes","24":"tag-republique-francaise","25":"tag-une"},"share_on_mastodon":{"url":"https:\/\/pubeurope.com\/@fr\/115035054465382100","error":""},"_links":{"self":[{"href":"https:\/\/www.europesays.com\/fr\/wp-json\/wp\/v2\/posts\/321628","targetHints":{"allow":["GET"]}}],"collection":[{"href":"https:\/\/www.europesays.com\/fr\/wp-json\/wp\/v2\/posts"}],"about":[{"href":"https:\/\/www.europesays.com\/fr\/wp-json\/wp\/v2\/types\/post"}],"author":[{"embeddable":true,"href":"https:\/\/www.europesays.com\/fr\/wp-json\/wp\/v2\/users\/2"}],"replies":[{"embeddable":true,"href":"https:\/\/www.europesays.com\/fr\/wp-json\/wp\/v2\/comments?post=321628"}],"version-history":[{"count":0,"href":"https:\/\/www.europesays.com\/fr\/wp-json\/wp\/v2\/posts\/321628\/revisions"}],"wp:featuredmedia":[{"embeddable":true,"href":"https:\/\/www.europesays.com\/fr\/wp-json\/wp\/v2\/media\/321629"}],"wp:attachment":[{"href":"https:\/\/www.europesays.com\/fr\/wp-json\/wp\/v2\/media?parent=321628"}],"wp:term":[{"taxonomy":"category","embeddable":true,"href":"https:\/\/www.europesays.com\/fr\/wp-json\/wp\/v2\/categories?post=321628"},{"taxonomy":"post_tag","embeddable":true,"href":"https:\/\/www.europesays.com\/fr\/wp-json\/wp\/v2\/tags?post=321628"}],"curies":[{"name":"wp","href":"https:\/\/api.w.org\/{rel}","templated":true}]}}