{"id":321637,"date":"2025-08-15T22:18:11","date_gmt":"2025-08-15T22:18:11","guid":{"rendered":"https:\/\/www.europesays.com\/fr\/321637\/"},"modified":"2025-08-15T22:18:11","modified_gmt":"2025-08-15T22:18:11","slug":"un-homme-percute-par-un-ter-le-trafic-ferroviaire-entre-bordeaux-et-le-pays-basque-doit-reprendre-apres-21-heures","status":"publish","type":"post","link":"https:\/\/www.europesays.com\/fr\/321637\/","title":{"rendered":"un homme percut\u00e9 par un TER, le trafic ferroviaire entre Bordeaux et le Pays basque doit reprendre apr\u00e8s 21 heures"},"content":{"rendered":"<p>Les secours, pompiers et gendarmes qui ont accouru sur place ont constat\u00e9 le d\u00e9c\u00e8s de la victime. Les militaires et les agents de la SNCF proc\u00e8dent aux investigations d\u2019usage pour d\u00e9terminer si le train peut repartir ou non. \u00ab\u00a0La Protection civile a \u00e9t\u00e9 alert\u00e9e dans l\u2019\u00e9ventualit\u00e9 de devoir transf\u00e9rer dans un autre train\u00a0\u00bb, indique la pr\u00e9fecture des Landes.<\/p>\n<p>Trains et TGV bloqu\u00e9s<\/p>\n<p>Cette collision a entra\u00een\u00e9 l\u2019arr\u00eat en pleine voie du train, \u00ab\u00a0constitu\u00e9 de trois rames climatis\u00e9es et transportant 300 passagers, compl\u00e8tent les services de l\u2019\u00c9tat. Il n\u2019y a pas eu d\u2019incident \u00e0 bord.\u00a0\u00bb<\/p>\n<p>La SCNF a imm\u00e9diatement organis\u00e9 leur ravitaillement en eau et paniers-repas, tout comme la mairie qui s\u2019est mobilis\u00e9e pour apporter des bouteilles d\u2019eau si besoin.<\/p>\n<p>Cet accident a entra\u00een\u00e9 une interruption du trafic ferroviaire entre Labouheyre et Morcenx-la-Nouvelle, autrement dit sur l\u2019axe qui relie Bordeaux au Pays basque, en passant par Dax et le sud des Landes, toute la fin de journ\u00e9e. Plusieurs trains, TER ou TGV, sont rest\u00e9s bloqu\u00e9s\u00a0: un en gare d\u2019Ychoux, trois \u00e0 Morcenx-la-Nouvelle, trois \u00e0 Dax. Et la liste s\u2019est allong\u00e9e au fil des heures, en ce week-end prolong\u00e9 du 15\u00a0ao\u00fbt o\u00f9 les rames \u00e9taient bien remplies. Des trains ont aussi \u00e9t\u00e9 annul\u00e9s.<\/p>\n","protected":false},"excerpt":{"rendered":"Les secours, pompiers et gendarmes qui ont accouru sur place ont constat\u00e9 le d\u00e9c\u00e8s de la victime. Les&hellip;\n","protected":false},"author":2,"featured_media":321638,"comment_status":"","ping_status":"","sticky":false,"template":"","format":"standard","meta":{"footnotes":""},"categories":[2817],"tags":[1111,11,1997,1777,674,1011,27,12,2219,25],"class_list":{"0":"post-321637","1":"post","2":"type-post","3":"status-publish","4":"format-standard","5":"has-post-thumbnail","7":"category-bordeaux","8":"tag-actu","9":"tag-actualites","10":"tag-bordeaux","11":"tag-eu","12":"tag-europe","13":"tag-fr","14":"tag-france","15":"tag-news","16":"tag-nouvelle-aquitaine","17":"tag-republique-francaise"},"share_on_mastodon":{"url":"https:\/\/pubeurope.com\/@fr\/115035105222554280","error":""},"_links":{"self":[{"href":"https:\/\/www.europesays.com\/fr\/wp-json\/wp\/v2\/posts\/321637","targetHints":{"allow":["GET"]}}],"collection":[{"href":"https:\/\/www.europesays.com\/fr\/wp-json\/wp\/v2\/posts"}],"about":[{"href":"https:\/\/www.europesays.com\/fr\/wp-json\/wp\/v2\/types\/post"}],"author":[{"embeddable":true,"href":"https:\/\/www.europesays.com\/fr\/wp-json\/wp\/v2\/users\/2"}],"replies":[{"embeddable":true,"href":"https:\/\/www.europesays.com\/fr\/wp-json\/wp\/v2\/comments?post=321637"}],"version-history":[{"count":0,"href":"https:\/\/www.europesays.com\/fr\/wp-json\/wp\/v2\/posts\/321637\/revisions"}],"wp:featuredmedia":[{"embeddable":true,"href":"https:\/\/www.europesays.com\/fr\/wp-json\/wp\/v2\/media\/321638"}],"wp:attachment":[{"href":"https:\/\/www.europesays.com\/fr\/wp-json\/wp\/v2\/media?parent=321637"}],"wp:term":[{"taxonomy":"category","embeddable":true,"href":"https:\/\/www.europesays.com\/fr\/wp-json\/wp\/v2\/categories?post=321637"},{"taxonomy":"post_tag","embeddable":true,"href":"https:\/\/www.europesays.com\/fr\/wp-json\/wp\/v2\/tags?post=321637"}],"curies":[{"name":"wp","href":"https:\/\/api.w.org\/{rel}","templated":true}]}}