{"id":321639,"date":"2025-08-15T22:19:10","date_gmt":"2025-08-15T22:19:10","guid":{"rendered":"https:\/\/www.europesays.com\/fr\/321639\/"},"modified":"2025-08-15T22:19:10","modified_gmt":"2025-08-15T22:19:10","slug":"toulouse-attention-votre-pharmacie-risque-detre-fermee-pour-le-week-end-prolonge","status":"publish","type":"post","link":"https:\/\/www.europesays.com\/fr\/321639\/","title":{"rendered":"Toulouse. Attention, votre pharmacie risque d&rsquo;\u00eatre ferm\u00e9e pour le week-end prolong\u00e9"},"content":{"rendered":"<p>            Par<br \/>\n        <strong><br \/>\n            <a href=\"https:\/\/actu.fr\/auteur\/marie-lamarque\" title=\"Consulter tous les articles de Marie Lamarque\" target=\"_blank\" rel=\"noopener\">Marie Lamarque<\/a><br \/>\n        <\/strong><\/p>\n<p>        Publi\u00e9 le<\/p>\n<p>            15 ao\u00fbt 2025 \u00e0 17h13        <\/p>\n<p>\u00ab\u00a0On sent une \u00e9norme grogne\u00a0\u00bb, soul\u00e8ve <strong>Thierry Leborgne<\/strong>, pharmacien <a href=\"https:\/\/actu.fr\/toulouse\/\" target=\"_blank\" rel=\"noopener\">\u00e0 Toulouse<\/a> et co-pr\u00e9sident Haute-Garonne au sein de l\u2019Union des Syndicats de Pharmaciens d\u2019Officine (USPO). \u00c0 l\u2019entr\u00e9e de son officine, des affiches annoncent depuis plusieurs jours <a href=\"https:\/\/actu.fr\/occitanie\/toulouse_31555\/en-plein-week-end-prolonge-pourquoi-de-nombreuses-pharmacies-seront-fermees-a-toulouse_63016643.html\" target=\"_blank\" rel=\"noopener\">le mouvement pr\u00e9vu pour ce samedi 16 ao\u00fbt 2025<\/a> : \u00ab\u00a0Fermeture exceptionnelle. Votre pharmacie ferme un jour\u2026 pour ne pas fermer pour toujours\u00a0\u00bb.<\/p>\n<p class=\" wall-content\">Et il sera loin d\u2019\u00eatre le seul \u00e0 laisser le rideau baiss\u00e9. <strong>Dans la Ville rose, \u00ab\u00a0on sera environ 80%, voire un peu plus<\/strong>\u00ab\u00a0, explique-t-il, ce vendredi, \u00e0 Actu Toulouse. En comptabilisant ce jour f\u00e9ri\u00e9 du 15 ao\u00fbt et le dimanche 17 ao\u00fbt, cela fera donc<strong> trois jours de fermeture cumul\u00e9s<\/strong>. L\u2019objectif ? Alerter le gouvernement et mettre en avant le r\u00f4le de proximit\u00e9 des pharmacies dans l\u2019acc\u00e8s aux soins.<\/p>\n<p>D\u2019o\u00f9 est parti le mouvement ?<\/p>\n<p class=\" wall-content\">Dans un contexte o\u00f9 le gouvernement pr\u00e9voit <strong>1,7 milliard d\u2019euros d\u2019\u00e9conomies sur les d\u00e9penses de sant\u00e9<\/strong> en 2025, dont <strong>500 millions visant le m\u00e9dicament<\/strong>, c\u2019est <a href=\"https:\/\/www.legifrance.gouv.fr\/jorf\/id\/JORFTEXT000052049992\" target=\"_blank\" rel=\"noopener\">un arr\u00eat\u00e9 minist\u00e9riel, publi\u00e9 le 4 ao\u00fbt<\/a> dernier, qui avait mis le feu aux poudres. Il ent\u00e9rine\u00a0<strong>la baisse des remises commerciales<\/strong> que les laboratoires peuvent accorder aux officines sur les m\u00e9dicaments g\u00e9n\u00e9riques.<\/p>\n<p class=\" wall-content\">Une fa\u00e7on d\u2019encourager la distribution de ces produits, moins chers que les m\u00e9dicaments sous brevet. Les remises consenties par les laboratoires aux pharmacies\u00a0peuvent atteindre jusqu\u2019\u00e0 pr\u00e9sent 40 % du prix\u00a0fabricant hors taxes.<\/p>\n<p class=\" wall-content\">Le nouvel arr\u00eat\u00e9 fixe, \u00e0 compter du 1\u1d49\u02b3 septembre,<strong> les plafonds des remises commerciales \u00e0 30 %<\/strong> pour les m\u00e9dicaments g\u00e9n\u00e9riques et pr\u00e9voit <strong>des baisses successives \u00e0 20 % en 2027<\/strong>.<\/p>\n<p>Vid\u00e9os : en ce moment sur Actu\u00ab\u00a0Pendant deux ans, on se prend des claques\u00a0\u00bb<\/p>\n<p class=\" wall-content\">\u00ab\u00a0C\u2019est la premi\u00e8re fois qu\u2019on nous dit qu\u2019il faut travailler autant, pour gagner moins. D\u2019habitude, c\u2019est pour gagner pareil\u00a0\u00bb, r\u00e9agit Thierry Leborgne. <strong>Pendant deux ans, tous les six mois, on se prend des claques<\/strong>. On nous demande de vendre les g\u00e9n\u00e9riques moins cher, mais nous, on doit les payer plus cher. Qu\u2019est-ce que je suis cens\u00e9 faire ?\u00a0\u00bb, questionne le pharmacien.<\/p>\n<p class=\" wall-content\">Pour lui, c\u2019est un vrai coup qui est donn\u00e9 \u00e0 une profession d\u00e9j\u00e0 mise \u00e0 mal par le manque de m\u00e9decins g\u00e9n\u00e9ralistes. \u00ab\u00a0Cela fait 20 ans que je suis \u00e0 Toulouse, 30 ans que je travaille en pharmacie. J\u2019ai vu le m\u00e9tier \u00e9voluer. On a de plus en plus de travail \u00e0 c\u00f4t\u00e9. Ce qui est tr\u00e8s int\u00e9ressant. Mais on a des charges \u00e0 payer, une entreprise \u00e0 faire tourner. Demain, on ne pourra plus le faire\u00a0\u00bb, explique-t-il.<\/p>\n<p>D\u2019autres actions \u00e0 la rentr\u00e9e<\/p>\n<p class=\" wall-content\">\u00c0 terme, la profession craint la naissance d\u2019un<strong> d\u00e9sert pharmaceutique<\/strong> en France. <a href=\"https:\/\/url.de.m.mimecastprotect.com\/s\/SJF5CLZQWpsEE54JfBf5syYnVf?domain=change.org\" target=\"_blank\" rel=\"noopener\">Une p\u00e9tition<\/a> a \u00e9t\u00e9 diffus\u00e9e afin d\u2019alerter le gouvernement.\u00a0<\/p>\n<p class=\" wall-content\">Interrog\u00e9e par Actu Toulouse, <strong>Marie-Dominique H\u00e9main<\/strong>, pr\u00e9sidente de l\u2019USPO d\u2019Occitanie, indiquait que d\u2019autres mouvements de protestation suivront \u00e0 la rentr\u00e9e. \u00ab Ce n\u2019est que le d\u00e9but. Tout le monde est en col\u00e8re \u00bb, pr\u00e9venait-elle.<\/p>\n<p class=\" wall-content\">Suivez toute l\u2019actualit\u00e9 de vos villes et m\u00e9dias favoris en vous inscrivant \u00e0 <a href=\"https:\/\/moncompte.actu.fr\" title=\"D\u00e9couvez Mon Actu\" rel=\"nofollow noopener\" data-trk=\"{&quot;cta&quot;:{&quot;action&quot;:&quot;https:\\\/\\\/moncompte.actu.fr&quot;,&quot;category&quot;:&quot;mon compte&quot;,&quot;from&quot;:&quot;article footer&quot;,&quot;name&quot;:&quot;Mon actu&quot;,&quot;type&quot;:&quot;cta&quot;}}\" target=\"_blank\">Mon Actu<\/a>.<\/p>\n","protected":false},"excerpt":{"rendered":"Par Marie Lamarque Publi\u00e9 le 15 ao\u00fbt 2025 \u00e0 17h13 \u00ab\u00a0On sent une \u00e9norme grogne\u00a0\u00bb, soul\u00e8ve Thierry Leborgne,&hellip;\n","protected":false},"author":2,"featured_media":321640,"comment_status":"","ping_status":"","sticky":false,"template":"","format":"standard","meta":{"footnotes":""},"categories":[2816],"tags":[1111,11,1777,674,1011,27,6151,12,2680,25,71,104,2312],"class_list":{"0":"post-321639","1":"post","2":"type-post","3":"status-publish","4":"format-standard","5":"has-post-thumbnail","7":"category-toulouse","8":"tag-actu","9":"tag-actualites","10":"tag-eu","11":"tag-europe","12":"tag-fr","13":"tag-france","14":"tag-greve","15":"tag-news","16":"tag-occitanie","17":"tag-republique-francaise","18":"tag-sante","19":"tag-societe","20":"tag-toulouse"},"share_on_mastodon":{"url":"https:\/\/pubeurope.com\/@fr\/115035109278528964","error":""},"_links":{"self":[{"href":"https:\/\/www.europesays.com\/fr\/wp-json\/wp\/v2\/posts\/321639","targetHints":{"allow":["GET"]}}],"collection":[{"href":"https:\/\/www.europesays.com\/fr\/wp-json\/wp\/v2\/posts"}],"about":[{"href":"https:\/\/www.europesays.com\/fr\/wp-json\/wp\/v2\/types\/post"}],"author":[{"embeddable":true,"href":"https:\/\/www.europesays.com\/fr\/wp-json\/wp\/v2\/users\/2"}],"replies":[{"embeddable":true,"href":"https:\/\/www.europesays.com\/fr\/wp-json\/wp\/v2\/comments?post=321639"}],"version-history":[{"count":0,"href":"https:\/\/www.europesays.com\/fr\/wp-json\/wp\/v2\/posts\/321639\/revisions"}],"wp:featuredmedia":[{"embeddable":true,"href":"https:\/\/www.europesays.com\/fr\/wp-json\/wp\/v2\/media\/321640"}],"wp:attachment":[{"href":"https:\/\/www.europesays.com\/fr\/wp-json\/wp\/v2\/media?parent=321639"}],"wp:term":[{"taxonomy":"category","embeddable":true,"href":"https:\/\/www.europesays.com\/fr\/wp-json\/wp\/v2\/categories?post=321639"},{"taxonomy":"post_tag","embeddable":true,"href":"https:\/\/www.europesays.com\/fr\/wp-json\/wp\/v2\/tags?post=321639"}],"curies":[{"name":"wp","href":"https:\/\/api.w.org\/{rel}","templated":true}]}}