{"id":321643,"date":"2025-08-15T22:22:12","date_gmt":"2025-08-15T22:22:12","guid":{"rendered":"https:\/\/www.europesays.com\/fr\/321643\/"},"modified":"2025-08-15T22:22:12","modified_gmt":"2025-08-15T22:22:12","slug":"un-autre-champion-du-monde-apres-giroud-le-gros-coup-de-lille","status":"publish","type":"post","link":"https:\/\/www.europesays.com\/fr\/321643\/","title":{"rendered":"Un autre champion du monde apr\u00e8s Giroud, le gros coup de Lille ?"},"content":{"rendered":"<p>Selon les informations du Petit Lillois, le LOSC r\u00eave en effet d\u2019un nouveau coup d\u2019\u00e9clat sur le march\u00e9 des transferts : rapatrier Benjamin Pavard, champion du monde 2018, pour le faire \u00e9voluer aux c\u00f4t\u00e9s de son comp\u00e8re Olivier Giroud.<\/p>\n<p>Mis \u00e0 l\u2019\u00e9cart \u00e0 l\u2019Inter Milan, o\u00f9 son salaire \u00e9lev\u00e9 et un contrat courant jusqu\u2019en 2028 posent probl\u00e8me, le d\u00e9fenseur tricolore est sur le d\u00e9part. Le club lombard, d\u00e9sireux de s\u2019en s\u00e9parer, pourrait se montrer conciliant sur les conditions, ouvrant la porte \u00e0 un retour dans le Nord, l\u00e0 o\u00f9 Pavard a d\u00e9but\u00e9 sa carri\u00e8re professionnelle.<\/p>\n<p>A lire aussi :Pavard, un sacr\u00e9 leader \u00e0 Lille ?<\/p>\n<p>Pour Lille, cette piste est aussi ambitieuse que symbolique. Apr\u00e8s avoir vu partir plusieurs cadres \u2014 Jonathan David, Lucas Chevalier, Angel Gomes ou encore Bafod\u00e9 Diakit\u00e9 \u2014 l\u2019arriv\u00e9e d\u2019un joueur au pedigree international serait un signal fort avant une saison marqu\u00e9e par la Ligue Europa. La pr\u00e9sence de Giroud, recrut\u00e9 plus t\u00f4t dans l\u2019\u00e9t\u00e9, pourrait peser dans la balance, renfor\u00e7ant l\u2019attractivit\u00e9 du projet lillois pour Pavard. Le duo, d\u00e9j\u00e0 uni sous le maillot bleu en Russie, pourrait devenir un argument marketing et sportif majeur.<\/p>\n<p>En parall\u00e8le, les dirigeants nordistes explorent d\u2019autres options pour leur arri\u00e8re-garde, dont un possible retour en Ligue 1 de Diego Carlos, ancien taulier du FC Nantes aujourd\u2019hui au Fenerbah\u00e7e. Ce dossier pourrait toutefois se d\u00e9bloquer en toute fin de mercato.<\/p>\n<p class=\"dazn-text\"><a href=\"https:\/\/dazn.prf.hn\/click\/camref:1101l5aPuW\" rel=\"nofollow noopener\" target=\"_blank\">Le service Ligue 1+ pour suivre la Ligue 1 McDonald&rsquo;s et tout le contenu DAZN dans un seul abonnement !<\/a><\/p>\n<p>Partagez cette info avec vos amis et vos proches en cliquant ici<br \/> Pour r\u00e9sumer<\/p>\n<p>Le LOSC tente un coup spectaculaire en visant Benjamin Pavard, \u00e9cart\u00e9 de l\u2019Inter Milan, pour rejoindre Olivier Giroud. Apr\u00e8s plusieurs d\u00e9parts majeurs, Lille veut frapper fort avec un deuxi\u00e8me champion du monde. Malgr\u00e9 les obstacles financiers, ce retour symbolique renforcerait l\u2019\u00e9quipe avant la Ligue Europa et marquerait le mercato nordiste.<\/p>\n<p>R\u00e9dacteur<\/p>\n<p><img decoding=\"async\" width=\"76\" height=\"76\" loading=\"lazy\" src=\"https:\/\/www.europesays.com\/fr\/wp-content\/uploads\/2025\/04\/logo-julien-pedebos.jpg\" alt=\"Julien P\u00e9debos\"\/><\/p>\n","protected":false},"excerpt":{"rendered":"Selon les informations du Petit Lillois, le LOSC r\u00eave en effet d\u2019un nouveau coup d\u2019\u00e9clat sur le march\u00e9&hellip;\n","protected":false},"author":2,"featured_media":321644,"comment_status":"","ping_status":"","sticky":false,"template":"","format":"standard","meta":{"footnotes":""},"categories":[2815],"tags":[1111,11,1777,674,1011,27,811,1307,12,25],"class_list":{"0":"post-321643","1":"post","2":"type-post","3":"status-publish","4":"format-standard","5":"has-post-thumbnail","7":"category-lille","8":"tag-actu","9":"tag-actualites","10":"tag-eu","11":"tag-europe","12":"tag-fr","13":"tag-france","14":"tag-hauts-de-france","15":"tag-lille","16":"tag-news","17":"tag-republique-francaise"},"share_on_mastodon":{"url":"https:\/\/pubeurope.com\/@fr\/115035121138574092","error":""},"_links":{"self":[{"href":"https:\/\/www.europesays.com\/fr\/wp-json\/wp\/v2\/posts\/321643","targetHints":{"allow":["GET"]}}],"collection":[{"href":"https:\/\/www.europesays.com\/fr\/wp-json\/wp\/v2\/posts"}],"about":[{"href":"https:\/\/www.europesays.com\/fr\/wp-json\/wp\/v2\/types\/post"}],"author":[{"embeddable":true,"href":"https:\/\/www.europesays.com\/fr\/wp-json\/wp\/v2\/users\/2"}],"replies":[{"embeddable":true,"href":"https:\/\/www.europesays.com\/fr\/wp-json\/wp\/v2\/comments?post=321643"}],"version-history":[{"count":0,"href":"https:\/\/www.europesays.com\/fr\/wp-json\/wp\/v2\/posts\/321643\/revisions"}],"wp:featuredmedia":[{"embeddable":true,"href":"https:\/\/www.europesays.com\/fr\/wp-json\/wp\/v2\/media\/321644"}],"wp:attachment":[{"href":"https:\/\/www.europesays.com\/fr\/wp-json\/wp\/v2\/media?parent=321643"}],"wp:term":[{"taxonomy":"category","embeddable":true,"href":"https:\/\/www.europesays.com\/fr\/wp-json\/wp\/v2\/categories?post=321643"},{"taxonomy":"post_tag","embeddable":true,"href":"https:\/\/www.europesays.com\/fr\/wp-json\/wp\/v2\/tags?post=321643"}],"curies":[{"name":"wp","href":"https:\/\/api.w.org\/{rel}","templated":true}]}}