{"id":321656,"date":"2025-08-15T22:31:15","date_gmt":"2025-08-15T22:31:15","guid":{"rendered":"https:\/\/www.europesays.com\/fr\/321656\/"},"modified":"2025-08-15T22:31:15","modified_gmt":"2025-08-15T22:31:15","slug":"les-beaux-lilas-des-indes-de-la-rue-de-largonne-paris-19e","status":"publish","type":"post","link":"https:\/\/www.europesays.com\/fr\/321656\/","title":{"rendered":"Les beaux lilas des Indes de la rue de l&rsquo;Argonne (Paris 19e)"},"content":{"rendered":"<p><img loading=\"lazy\" decoding=\"async\" class=\"aligncenter wp-image-75317\" src=\"https:\/\/www.europesays.com\/fr\/wp-content\/uploads\/2025\/08\/Lilas-des-Indes_Lagerstroemia-indica_arbre_fleurs_Paris_ete_aout_2025_05.jpg\" alt=\"Lilas des Indes, Lagerstroemia indica, arbre, Paris 19e (75)\" width=\"800\" height=\"600\"\/><\/p>\n<p><strong>Les lilas des Indes plant\u00e9s sur la placette qui longe la rue de l\u2019Argonne (Paris 19e) devant l\u2019h\u00f4tel des imp\u00f4ts sont maintenant bien \u00e9tablis, avec des houppiers bien ronds et couverts de fleurs en ce moment.<\/strong><\/p>\n<p><img loading=\"lazy\" decoding=\"async\" class=\"aligncenter wp-image-75318\" src=\"https:\/\/www.europesays.com\/fr\/wp-content\/uploads\/2025\/08\/Lilas-des-Indes_Lagerstroemia-indica_arbre_fleurs_Paris_ete_aout_2025_04.jpg\" alt=\"Lilas des Indes, Lagerstroemia indica, arbre, Paris 19e (75)\" width=\"800\" height=\"600\"\/><\/p>\n<p>Certains arbres ont p\u00e9riclit\u00e9 et ont \u00e9t\u00e9 remplac\u00e9s par d\u2019autres lilas des Indes, \u00e0 floraison rose vif. Mais ils sont plus tardifs et ils sont encore ch\u00e9tifs. Les arbres les plus anciens sont des boules de fleurs.<\/p>\n<p><img loading=\"lazy\" decoding=\"async\" class=\"aligncenter wp-image-75319\" src=\"https:\/\/www.europesays.com\/fr\/wp-content\/uploads\/2025\/08\/Lilas-des-Indes_Lagerstroemia-indica_arbre_fleurs_Paris_ete_aout_2025_03.jpg\" alt=\"Lilas des Indes, Lagerstroemia indica, arbre, Paris 19e (75)\" width=\"800\" height=\"600\"\/><\/p>\n<p>Leur nom de lilas des Indes leur va parfaitement quand on voit la profusion de grappes de fleurs qui recouvrent presque le feuillage et toute la ramure de l\u2019arbre.<\/p>\n<p><img loading=\"lazy\" decoding=\"async\" class=\"aligncenter size-full wp-image-75320\" src=\"https:\/\/www.europesays.com\/fr\/wp-content\/uploads\/2025\/08\/Lilas-des-Indes_Lagerstroemia-indica_arbre_fleurs_Paris_ete_aout_2025_02.jpg\" alt=\"Lilas des Indes, Lagerstroemia indica, arbre, Paris 19e (75)\" width=\"598\" height=\"797\"\/><\/p>\n<p>Ces arbres ayant suffisamment de place, ils ont pu d\u00e9velopper leur ramure en coussin avec une forme arrondie et aplatie. De parfaits arbres d\u2019ombrage, tr\u00e8s n\u00e9cessaires ces derniers jours avec la canicule qui s\u2019est install\u00e9e une nouvelle fois sur la France et la r\u00e9gion parisienne.<\/p>\n<p><img loading=\"lazy\" decoding=\"async\" class=\"aligncenter wp-image-75321\" src=\"https:\/\/www.europesays.com\/fr\/wp-content\/uploads\/2025\/08\/Lilas-des-Indes_Lagerstroemia-indica_arbre_fleurs_Paris_ete_aout_2025_01.jpg\" alt=\"Lilas des Indes, Lagerstroemia indica, arbre, Paris 19e (75)\" width=\"800\" height=\"600\"\/><\/p>\n","protected":false},"excerpt":{"rendered":"Les lilas des Indes plant\u00e9s sur la placette qui longe la rue de l\u2019Argonne (Paris 19e) devant l\u2019h\u00f4tel&hellip;\n","protected":false},"author":2,"featured_media":321657,"comment_status":"","ping_status":"","sticky":false,"template":"","format":"standard","meta":{"footnotes":""},"categories":[1888],"tags":[11,8489,45940,1777,674,19396,2574,1011,27,42192,45941,42193,12,626,9145,9146,25,45942],"class_list":{"0":"post-321656","1":"post","2":"type-post","3":"status-publish","4":"format-standard","5":"has-post-thumbnail","7":"category-paris","8":"tag-actualites","9":"tag-arbre","10":"tag-arbre-a-fleurs","11":"tag-eu","12":"tag-europe","13":"tag-fleur","14":"tag-fleurs","15":"tag-fr","16":"tag-france","17":"tag-lagerstroemia","18":"tag-lagerstroemia-indica","19":"tag-lilas-des-indes","20":"tag-news","21":"tag-paris","22":"tag-paris-19e","23":"tag-paris-19eme","24":"tag-republique-francaise","25":"tag-rue-de-largonne"},"share_on_mastodon":{"url":"https:\/\/pubeurope.com\/@fr\/115035156421837796","error":""},"_links":{"self":[{"href":"https:\/\/www.europesays.com\/fr\/wp-json\/wp\/v2\/posts\/321656","targetHints":{"allow":["GET"]}}],"collection":[{"href":"https:\/\/www.europesays.com\/fr\/wp-json\/wp\/v2\/posts"}],"about":[{"href":"https:\/\/www.europesays.com\/fr\/wp-json\/wp\/v2\/types\/post"}],"author":[{"embeddable":true,"href":"https:\/\/www.europesays.com\/fr\/wp-json\/wp\/v2\/users\/2"}],"replies":[{"embeddable":true,"href":"https:\/\/www.europesays.com\/fr\/wp-json\/wp\/v2\/comments?post=321656"}],"version-history":[{"count":0,"href":"https:\/\/www.europesays.com\/fr\/wp-json\/wp\/v2\/posts\/321656\/revisions"}],"wp:featuredmedia":[{"embeddable":true,"href":"https:\/\/www.europesays.com\/fr\/wp-json\/wp\/v2\/media\/321657"}],"wp:attachment":[{"href":"https:\/\/www.europesays.com\/fr\/wp-json\/wp\/v2\/media?parent=321656"}],"wp:term":[{"taxonomy":"category","embeddable":true,"href":"https:\/\/www.europesays.com\/fr\/wp-json\/wp\/v2\/categories?post=321656"},{"taxonomy":"post_tag","embeddable":true,"href":"https:\/\/www.europesays.com\/fr\/wp-json\/wp\/v2\/tags?post=321656"}],"curies":[{"name":"wp","href":"https:\/\/api.w.org\/{rel}","templated":true}]}}