{"id":321666,"date":"2025-08-15T22:36:12","date_gmt":"2025-08-15T22:36:12","guid":{"rendered":"https:\/\/www.europesays.com\/fr\/321666\/"},"modified":"2025-08-15T22:36:12","modified_gmt":"2025-08-15T22:36:12","slug":"le-royaume-uni-va-poursuivre-plus-de-60-personnes-pour-avoir-soutenu-un-groupe-pro-palestinien-interdit","status":"publish","type":"post","link":"https:\/\/www.europesays.com\/fr\/321666\/","title":{"rendered":"Le Royaume-Uni va poursuivre plus de 60 personnes pour avoir soutenu un groupe pro-palestinien interdit"},"content":{"rendered":"<p class=\"c-chapo \">\n  Plus de 700 personnes ont \u00e9t\u00e9 arr\u00eat\u00e9es depuis que le groupe a \u00e9t\u00e9 interdit en tant qu&rsquo;organisation \u00ab\u00a0terroriste\u00a0\u00bb d\u00e9but juillet, apr\u00e8s des actes de vandalisme perp\u00e9tr\u00e9s par ses militants.\n<\/p>\n<p>            lire plus tard<\/p>\n<p id=\"dialog__title\" class=\"dialog__title\">Pour sauvegarder cet article, connectez-vous ou cr\u00e9ez un compte franceinfo<\/p>\n<p class=\"dialog__description\">Sans paiement. Sans abonnement.<\/p>\n<p>        Fermer la fen\u00eatre d\u2019activation des notifications France Info<\/p>\n<p>            cr\u00e9er votre compte<\/p>\n<p>            se connecter<\/p>\n<p>        Fermer la fen\u00eatre de pr\u00e9sentation<\/p>\n<p>    <img loading=\"lazy\" decoding=\"async\" class=\"signature__image lazyload\" width=\"100\" height=\"100\" data- alt=\"\" src=\"https:\/\/www.europesays.com\/fr\/wp-content\/uploads\/2025\/05\/64a68815cd1a7_placeholder-36b69ec8.png\"\/><\/p>\n<p>    Publi\u00e9 le 15\/08\/2025 22:14<\/p>\n<p>        Temps de lecture : 1min<\/p>\n<p>    <img decoding=\"async\"  alt=\"Un homme qui participait \u00e0 une manifestation de soutien \u00e0 Palestine Action, le 9 ao\u00fbt \u00e0 Londres, est interpell\u00e9. (CHRIS J RATCLIFFE \/ AFP)\" width=\"432\" height=\"243\" src=\"https:\/\/www.europesays.com\/fr\/wp-content\/uploads\/2025\/08\/000-69779mh-689f9505ec05e371295998.jpg\" fetchpriority=\"high\"\/><\/p>\n<p>      Un homme qui participait \u00e0 une manifestation de soutien \u00e0 Palestine Action, le 9 ao\u00fbt \u00e0 Londres, est interpell\u00e9. (CHRIS J RATCLIFFE \/ AFP)<\/p>\n<p>Un nombre impressionnant. Au moins 60 personnes seront poursuivies, en plus de trois d\u00e9j\u00e0 inculp\u00e9es, pour avoir \u00ab\u00a0manifest\u00e9 leur soutien\u00a0\u00bb au groupe Palestine Action interdit au Royaume-Uni depuis d\u00e9but juillet, a annonc\u00e9 vendredi 15 ao\u00fbt la police de Londres. \u00ab\u00a0Nous avons mis en place des dispositions qui nous permettront d&rsquo;enqu\u00eater et de poursuivre un nombre important de personnes chaque semaine si n\u00e9cessaire\u00a0\u00bb, a d\u00e9clar\u00e9 la police dans un communiqu\u00e9.<\/p>\n<p>Plus de 700 personnes <a href=\"https:\/\/www.franceinfo.fr\/monde\/proche-orient\/guerre\/au-royaume-uni-la-police-arrete-466-personnes-lors-d-une-manifestation-en-soutien-a-palestine-action-une-organisation-interdite_7428256.html\" rel=\"nofollow noopener\" target=\"_blank\">ont \u00e9t\u00e9 arr\u00eat\u00e9es<\/a> depuis que le groupe a \u00e9t\u00e9 interdit en tant qu&rsquo;organisation terroriste d\u00e9but juillet, dont 522 lors d&rsquo;une manifestation le week-end dernier pour avoir brandi des pancartes en soutien au groupe. Ce chiffre est l&rsquo;un des plus \u00e9lev\u00e9s jamais enregistr\u00e9s lors d&rsquo;une manifestation dans la capitale britannique.<\/p>\n<p>Trois personnes ont d\u00e9j\u00e0 \u00e9t\u00e9 inculp\u00e9es la semaine derni\u00e8re en vertu de la loi antiterroriste pour avoir soutenu Palestine Action, apr\u00e8s avoir \u00e9t\u00e9 arr\u00eat\u00e9es lors d&rsquo;une manifestation en juillet. Elles encourent jusqu&rsquo;\u00e0 six mois de prison.<\/p>\n<p>Palestine Action, qui a d\u00e9clar\u00e9 que ses militants r\u00e9agissaient au soutien militaire indirect apport\u00e9 par le Royaume-Uni \u00e0 Isra\u00ebl dans le cadre de la guerre \u00e0 Gaza, a \u00e9t\u00e9 ajout\u00e9e d\u00e9but juillet \u00e0 la liste des organisations consid\u00e9r\u00e9es comme \u00ab\u00a0terroristes\u00a0\u00bb au Royaume-Uni, apr\u00e8s des actes de vandalisme perp\u00e9tr\u00e9s par ses militants, notamment sur une base de l&rsquo;arm\u00e9e de l&rsquo;air. Plusieurs institutions et ONG, dont les Nations unies, Amnesty International et Greenpeace, ont critiqu\u00e9 cette interdiction, la qualifiant d&rsquo;abus juridique, et ont averti que les arrestations qui en d\u00e9coulaient mena\u00e7aient la libert\u00e9 d&rsquo;expression.<\/p>\n<p class=\"related-tags__title\" role=\"heading\" aria-level=\"2\">les mots-cl\u00e9s associ\u00e9s \u00e0 cet article\n    <\/p>\n","protected":false},"excerpt":{"rendered":"Plus de 700 personnes ont \u00e9t\u00e9 arr\u00eat\u00e9es depuis que le groupe a \u00e9t\u00e9 interdit en tant qu&rsquo;organisation \u00ab\u00a0terroriste\u00a0\u00bb&hellip;\n","protected":false},"author":2,"featured_media":321667,"comment_status":"","ping_status":"","sticky":false,"template":"","format":"standard","meta":{"footnotes":""},"categories":[1588],"tags":[11,1777,674,12,473,1853,1851,1850,1852],"class_list":{"0":"post-321666","1":"post","2":"type-post","3":"status-publish","4":"format-standard","5":"has-post-thumbnail","7":"category-royaume-uni","8":"tag-actualites","9":"tag-eu","10":"tag-europe","11":"tag-news","12":"tag-royaume-uni","13":"tag-royaume-uni-de-grande-bretagne-et-dirlande-du-nord","14":"tag-uk","15":"tag-united-kingdom","16":"tag-united-kingdom-of-great-britain-and-northern-ireland"},"share_on_mastodon":{"url":"https:\/\/pubeurope.com\/@fr\/115035176383078180","error":""},"_links":{"self":[{"href":"https:\/\/www.europesays.com\/fr\/wp-json\/wp\/v2\/posts\/321666","targetHints":{"allow":["GET"]}}],"collection":[{"href":"https:\/\/www.europesays.com\/fr\/wp-json\/wp\/v2\/posts"}],"about":[{"href":"https:\/\/www.europesays.com\/fr\/wp-json\/wp\/v2\/types\/post"}],"author":[{"embeddable":true,"href":"https:\/\/www.europesays.com\/fr\/wp-json\/wp\/v2\/users\/2"}],"replies":[{"embeddable":true,"href":"https:\/\/www.europesays.com\/fr\/wp-json\/wp\/v2\/comments?post=321666"}],"version-history":[{"count":0,"href":"https:\/\/www.europesays.com\/fr\/wp-json\/wp\/v2\/posts\/321666\/revisions"}],"wp:featuredmedia":[{"embeddable":true,"href":"https:\/\/www.europesays.com\/fr\/wp-json\/wp\/v2\/media\/321667"}],"wp:attachment":[{"href":"https:\/\/www.europesays.com\/fr\/wp-json\/wp\/v2\/media?parent=321666"}],"wp:term":[{"taxonomy":"category","embeddable":true,"href":"https:\/\/www.europesays.com\/fr\/wp-json\/wp\/v2\/categories?post=321666"},{"taxonomy":"post_tag","embeddable":true,"href":"https:\/\/www.europesays.com\/fr\/wp-json\/wp\/v2\/tags?post=321666"}],"curies":[{"name":"wp","href":"https:\/\/api.w.org\/{rel}","templated":true}]}}