{"id":321668,"date":"2025-08-15T22:37:46","date_gmt":"2025-08-15T22:37:46","guid":{"rendered":"https:\/\/www.europesays.com\/fr\/321668\/"},"modified":"2025-08-15T22:37:46","modified_gmt":"2025-08-15T22:37:46","slug":"attaque-sur-un-marche-de-noel-en-allemagne-joe-biden-denonce-un-acte-abject","status":"publish","type":"post","link":"https:\/\/www.europesays.com\/fr\/321668\/","title":{"rendered":"Attaque sur un march\u00e9 de No\u00ebl en Allemagne : Joe Biden d\u00e9nonce un acte \u00ababject\u00bb"},"content":{"rendered":"<p>20:45<\/p>\n<p>C&rsquo;est la fin de ce direct<\/p>\n<p>Merci de l&rsquo;avoir suivi. Passez une bonne fin de soir\u00e9e.<\/p>\n<p>20:40<\/p>\n<p>Un nouvel hommage \u00e0 Magdebourg<\/p>\n<p>\u00c0 19h03 locale, heure de l&rsquo;attaque de vendredi, les cloches de toutes les \u00e9glises de la ville de Magdebourg ont sonn\u00e9 en hommage aux victimes, avant un office religieux dans sa cath\u00e9drale, auquel a particip\u00e9 aussi le chef de l&rsquo;Etat Frank-Walter Steinmeier. Environ 2\u00a0000 personnes se sont r\u00e9unies devant l\u2019\u00e9difice pour se recueillir malgr\u00e9 une pluie battante, selon des journalistes de l\u2019AFP.<\/p>\n<p><img decoding=\"async\" src=\"https:\/\/www.europesays.com\/fr\/wp-content\/uploads\/2025\/08\/S43ZHUA5GRCSTE57X5CR3NSDRU.jpg\"\/>AFP\/Ronny Hartmann<\/p>\n<p>18:16<\/p>\n<p>Joe Biden d\u00e9nonce un acte \u00ab abject \u00bb<\/p>\n<p>\u00ab Aucune population &#8211; ni aucune famille &#8211; ne devrait endurer un tel \u00e9v\u00e8nement abject et sombre, en particulier quelques jours avant un jour de joie et de paix \u00bb, a d\u00e9clar\u00e9 le pr\u00e9sident am\u00e9ricain Joe Biden dans un communiqu\u00e9, adressant les \u00ab condol\u00e9ances sinc\u00e8res \u00bb des \u00c9tats-Unis \u00ab pour le peuple allemand en deuil apr\u00e8s cette terrible attaque \u00bb.<\/p>\n<p>18:08<\/p>\n<p>\u00c0 Magdebourg, des passants continuent de se recueillir<\/p>\n<p>De nombreux anonymes continuent de rendre hommage aux victimes de l&rsquo;attaque de Magdebourg ce samedi. Parmi elles, Michael, un ing\u00e9nieur qui se recueille sur le porche de l&rsquo;\u00e9glise Johannis. Il se dit \u00ab choqu\u00e9 \u00bb. \u00ab Je n&rsquo;aurais jamais cru que cela \u00e9tait possible ici \u00bb, souligne-t-il aupr\u00e8s de l&rsquo;AFP.<\/p>\n<p><img decoding=\"async\" src=\"https:\/\/www.europesays.com\/fr\/wp-content\/uploads\/2025\/08\/FVMJIJPSHZG6XFQMOWY4IZDPBU.jpg\"\/>AFP\/Ronny Hartmann<\/p>\n<p>16:44<\/p>\n<p>\u00ab Il ne s&rsquo;agissait pas d&rsquo;un djihadiste connu et suivi \u00bb, assurent les autorit\u00e9s<\/p>\n<p>Le procureur allemand Horst Walter Nopens assure que l&rsquo;auteur de l&rsquo;attaque de Magdebourg n&rsquo;\u00e9tait pas suivi par les services de la justice allemands. \u00ab Il ne s&rsquo;agissait pas d&rsquo;un djihadiste connu et suivi \u00bb par les autorit\u00e9s, insiste-t-il. Les motivations de Taleb A. restent encore floues, mais il s&rsquo;est pr\u00e9c\u00e9demment pr\u00e9sent\u00e9 comme un \u00ab ath\u00e9e \u00bb qui avait \u00e9t\u00e9 \u00ab menac\u00e9 de mort pour apostasie de l&rsquo;islam \u00bb en Arabie saoudite.<\/p>\n<p>16:20<\/p>\n<p>Le suspect m\u00e9content du traitement des r\u00e9fugi\u00e9s saoudiens en Allemagne<\/p>\n<p>Les motivations du suspect restent encore floues \u00e0 ce stade, pr\u00e9cise le procureur allemand Horst Walter Nopens. Il note cependant chez Taleb A. \u00ab une insatisfaction sur la fa\u00e7on dont les r\u00e9fugi\u00e9s saoudiens sont trait\u00e9s en Allemagne \u00bb. A ce stade, le procureur affirme n&rsquo;avoir \u00ab pas connaissance \u00bb de condamnations ayant vis\u00e9 le suspect de l&rsquo;attaque par le pass\u00e9. \u00ab Nous cherchons \u00e0 d\u00e9terminer les motivations du suspect \u00bb, ont insist\u00e9 les autorit\u00e9s allemandes au cours de leur conf\u00e9rence de presse.<\/p>\n<p>16:12<\/p>\n<p>\u00ab Il est possible qu&rsquo;il y ait plus de cinq victimes \u00bb apr\u00e8s l&rsquo;attaque, indique la mairie de Magdebourg<\/p>\n<p>Selon Ronni Krug, adjoint au maire de la commune de Magdebourg, \u00ab il est possible \u00bb que l&rsquo;attaque contre le march\u00e9 de No\u00ebl ait caus\u00e9 \u00ab plus de cinq victimes \u00bb. Un dernier bilan fait \u00e9tat <a href=\"https:\/\/www.leparisien.fr\/faits-divers\/cinq-morts-dont-un-enfant-de-9-ans-200-blesses-ce-que-lon-sait-des-victimes-de-lattaque-du-marche-de-noel-de-magdebourg-21-12-2024-IQBJGSQ2OVEQHM7YKYH7WBI3YY.php\" target=\"_blank\" rel=\"nofollow noopener\">d&rsquo;un enfant de 9 ans tu\u00e9 ainsi que quatre adultes<\/a>. Plus de 200 personnes ont \u00e9galement \u00e9t\u00e9 bless\u00e9es.<\/p>\n<p>16:10<\/p>\n<p>La police allemande \u00e9voque un \u00ab sc\u00e9nario de type attentat \u00bb<\/p>\n<p>En d\u00e9taillant le d\u00e9roul\u00e9 de l&rsquo;attaque sur le march\u00e9 de No\u00ebl de Magdebourg, la police allemande \u00e9voque un \u00ab sc\u00e9nario de type attentat \u00bb et exclut toute pr\u00e9sence de complice aux c\u00f4t\u00e9s du suspect. \u00ab Il s&rsquo;agit d&rsquo;un loup solitaire \u00bb, a comment\u00e9 la police.<\/p>\n<p>\u00ab Il n&rsquo;y a qu&rsquo;un seul auteur \u00bb, confirme de son c\u00f4t\u00e9 le procureur allemand Horst Walter Nopens. Taleb A. fera par ailleurs l&rsquo;objet d&rsquo;un \u00ab mandat d&rsquo;arr\u00eat \u00bb et \u00ab sera transf\u00e9r\u00e9 en vue de son proc\u00e8s \u00bb pour homicide sur cinq personnes et tentative d&rsquo;homicide sur 200 personnes.<\/p>\n<p>15:56<\/p>\n<p>En Autriche, la police intensifie sa pr\u00e9sence sur les march\u00e9s de No\u00ebl<\/p>\n<p>\u00ab En raison de l&rsquo;incident survenu \u00e0 Magdebourg, qui n&rsquo;est en aucun cas li\u00e9 \u00e0 l&rsquo;Autriche, la d\u00e9cision a \u00e9t\u00e9 prise d&rsquo;intensifier la pr\u00e9sence polici\u00e8re \u00e0 Vienne, en se concentrant sur les march\u00e9s de No\u00ebl de la ville \u00e0 partir de samedi \u00bb, a d\u00e9clar\u00e9 David Pawlik, porte-parole de la police autrichienne \u00e0 l&rsquo;AFP.<\/p>\n<p><img decoding=\"async\" src=\"https:\/\/www.europesays.com\/fr\/wp-content\/uploads\/2025\/08\/TPNNBF3RPZCRRM26M65AGYRVHY.jpg\"\/>AFP\/Joe Klamar<\/p>\n<p>Le porte-parole a pr\u00e9cis\u00e9 qu&rsquo;il n&rsquo;y avait \u00ab aucune menace sp\u00e9cifique \u00bb \u00e0 Vienne, ajoutant que les autorit\u00e9s autrichiennes \u00e9taient en contact \u00e9troit avec leurs homologues en Allemagne. Les mesures de s\u00e9curit\u00e9 sur les march\u00e9s de No\u00ebl de plusieurs autres provinces autrichiennes, dont la Haute-Autriche, la Basse-Autriche et le Burgenland, ont \u00e9galement \u00e9t\u00e9 renforc\u00e9es.<\/p>\n<p>15:29<\/p>\n<p>Le suspect s&rsquo;\u00e9tait pr\u00e9c\u00e9demment pr\u00e9sent\u00e9 comme \u00ab ath\u00e9e \u00bb<\/p>\n<p>Dans un entretien aupr\u00e8s de l&rsquo;Agence France Presse en 2022, <a href=\"https:\/\/www.leparisien.fr\/faits-divers\/une-voiture-fonce-sur-un-marche-de-noel-en-allemagne-le-suspect-arrete-est-un-medecin-dorigine-saoudienne-20-12-2024-4T4ISCNHD5DRZPRJTYQ6PVSZMY.php\" target=\"_blank\" rel=\"nofollow noopener\">Taleb A.<\/a>, suspect de l&rsquo;attaque sur le march\u00e9 de No\u00ebl de Magdebourg, s&rsquo;\u00e9tait pr\u00e9sent\u00e9 comme \u00ab un Saoudien ath\u00e9e \u00bb, affirmant que les \u00ab jeunes saoudiens, en particulier les femmes, ne fuient pas seulement le r\u00e9gime saoudien, ils fuient aussi l&rsquo;islam \u00bb. \u00ab L&rsquo;\u00e9ducation islamique rigoureuse est la cause de tous les probl\u00e8mes des musulmans, en particulier des femmes \u00bb, selon lui.<\/p>\n<p>14:58<\/p>\n<p>Le suspect aurait d\u00fb compara\u00eetre au tribunal le 19 d\u00e9cembre, selon le journal allemand Spiegel<\/p>\n<p>Selon les informations du journal allemand Spiegel, le parquet de Berlin avait ouvert une enqu\u00eate contre Taleb A. pour \u00ab utilisation abusive des appels d&rsquo;urgence \u00bb, et devait compra\u00eetre jeudi 19 d\u00e9cembre, la veille de son crime.\u00a0<\/p>\n<p>En f\u00e9vrier dernier, Taleb A. se serait pr\u00e9sent\u00e9 \u00e0 la police pour d\u00e9poser une plainte. M\u00e9content du service des policiers, il aurait appel\u00e9 le num\u00e9ro d&rsquo;urgence des pompiers, alors qu&rsquo;il \u00e9tait encore au commissariat, pour demander un \u00ab avis juridique \u00bb. En raison de l&rsquo;utilisation abusive du num\u00e9ro d&rsquo;urgence, il aurait re\u00e7u une amende. Sanction contre laquelle il a fait appel. Mais selon une porte-parole du parquet de Berlin, l&rsquo;homme ne s&rsquo;est pas pr\u00e9sent\u00e9 \u00e0 l&rsquo;audience jeudi et son objection a \u00e9t\u00e9 rejet\u00e9e.\u00a0<\/p>\n<p>14:50<\/p>\n<p>La gauche d\u00e9nonce le manque de prudence de l&rsquo;extr\u00eame droite<\/p>\n<p>Deux des principaux leaders de la gauche critiquent la pr\u00e9cipitation de l&rsquo;extr\u00eame droite \u00e0 d\u00e9noncer l&rsquo;attentat du march\u00e9 de No\u00ebl de Magdebourg en Allemagne comme \u00ab islamiste \u00bb alors que la personnalit\u00e9 de l&rsquo;auteur n&rsquo;indiquait en rien ce fait.<\/p>\n<p>\u00ab Tourner sept fois sa langue dans sa bouche avant de livrer ses pr\u00e9jug\u00e9s dont le seul objet est de cultiver le racisme antimusulman \u00bb, a d\u00e9clar\u00e9 sur X le Premier secr\u00e9taire du parti socialiste Olivier Faure, en repostant le message de Jordan Bardella, pr\u00e9sident du RN.<\/p>\n<blockquote class=\"twitter-tweet\" align=\"center\">\n<p lang=\"fr\" dir=\"ltr\">Tourner sept fois sa langue dans sa bouche avant de livrer ses pr\u00e9jug\u00e9s dont le seul objet est de cultiver le racisme anti musulmans. <a href=\"https:\/\/t.co\/EgnUg6paTz\" rel=\"nofollow\">https:\/\/t.co\/EgnUg6paTz<\/a><\/p>\n<p>\u2014 Olivier Faure (@faureolivier) <a href=\"https:\/\/twitter.com\/faureolivier\/status\/1870389720640864445?ref_src=twsrc%5Etfw\" rel=\"nofollow noopener\" target=\"_blank\">December 21, 2024<\/a><\/p><\/blockquote>\n<p>De m\u00eame, le coordinateur politique de La France insoumise Manuel Bompard fustige des \u00ab dirigeants d&rsquo;extr\u00eame droite (qui) se sont jet\u00e9s comme des vautours sur l&rsquo;attaque de Magdebourg pour d\u00e9verser leur haine anti-musulmans \u00bb. \u00ab On apprend que l&rsquo;auteur pr\u00e9sum\u00e9 de l&rsquo;attaque est un partisan de leurs id\u00e9es, soutien du parti AfD. N&rsquo;oubliez jamais que l&rsquo;extr\u00eame droite tue \u00bb, ajoute le d\u00e9put\u00e9 de Marseille.<\/p>\n<blockquote class=\"twitter-tweet\" align=\"center\">\n<p lang=\"fr\" dir=\"ltr\">Les dirigeants d\u2019extr\u00eame-droite se sont jet\u00e9s comme des vautours sur l\u2019attaque de Magdebourg pour d\u00e9verser leur haine anti-musulmans.<\/p>\n<p>On apprend que l\u2019auteur pr\u00e9sum\u00e9 de l\u2019attaque est un partisan de leurs id\u00e9es, soutien du parti AFD.<\/p>\n<p>N\u2019oubliez jamais que l\u2019extr\u00eame-droite tue. <a href=\"https:\/\/t.co\/UmpjPpYfyo\" rel=\"nofollow\">pic.twitter.com\/UmpjPpYfyo<\/a><\/p>\n<p>\u2014 Manuel Bompard (@mbompard) <a href=\"https:\/\/twitter.com\/mbompard\/status\/1870389421088165935?ref_src=twsrc%5Etfw\" rel=\"nofollow noopener\" target=\"_blank\">December 21, 2024<\/a><\/p><\/blockquote>\n<p>14:42<\/p>\n<p>Un grand tournoi de natation annul\u00e9 ce week-end<\/p>\n<p>Le grand tournoi de natation \u00ab Coupe de la capitale du Land Magdebourg \u00bb, qui devait se tenir dans la salle de natation de l&rsquo;Elbe \u00e0 Magdebourg ce week-end, est annul\u00e9, annonce la municipalit\u00e9 <a href=\"https:\/\/x.com\/Ottostadt\/status\/1870431719691899285\" target=\"_blank\" rel=\"nofollow\">sur X<\/a>. Les commerces resteront \u00e9galement ferm\u00e9s le dimanche 29 d\u00e9cembre.\u00a0<\/p>\n<p>14:28<\/p>\n<p>\u00ab L\u2019acte terrible d\u2019hier ne rentre pas dans le sch\u00e9ma connu jusqu&rsquo;\u00e0 pr\u00e9sent \u00bb, observe l&rsquo;aspirant chancelier Friedrich Merz<\/p>\n<p>Le chr\u00e9tien-d\u00e9mocrate, qui portera les couleurs de la CDU-CSU aux \u00e9lections l\u00e9gislatives du 23\u00a0f\u00e9vrier\u00a02025, invite les politiques \u00e0 l&rsquo;introspection apr\u00e8s l&rsquo;attaque meurtri\u00e8re \u00e0 Magdebourg, perp\u00e9tr\u00e9 par un homme au profil intrigant.\u00a0<\/p>\n<p>\u00ab Une fois de plus, des innocents sont victimes des conflits qui ont lieu en Allemagne. N\u00e9anmoins, l&rsquo;acte terrible d&rsquo;hier \u00e0 Magdebourg ne s&rsquo;inscrit pas dans le sch\u00e9ma connu jusqu&rsquo;\u00e0 pr\u00e9sent. Cela nous oblige, nous, politiques, \u00e0 faire d\u2019abord une pause et \u00e0 \u00e9valuer ce qui s\u2019est pass\u00e9 hier sur la base de preuves fiables. Il reste insupportable que nous puissions plus nous r\u00e9unir et c\u00e9l\u00e9brer sans craintes. Nous devons arr\u00eater cela \u00bb, analyse Friedrich Merz sur X.<\/p>\n<blockquote class=\"twitter-tweet\" align=\"center\">\n<p lang=\"de\" dir=\"ltr\">Wieder werden unschuldige Menschen Opfer von Auseinandersetzungen, die in Deutschland ausgetragen werden. Dennoch passt die schreckliche Tat des gestrigen Tages in <a href=\"https:\/\/twitter.com\/hashtag\/Magdeburg?src=hash&amp;ref_src=twsrc%5Etfw\" rel=\"nofollow noopener\" target=\"_blank\">#Magdeburg<\/a> nicht in das bisher bekannte Muster. Das verpflichtet uns Politiker, zun\u00e4chst innezuhalten und erst auf\u2026<\/p>\n<p>\u2014 Friedrich Merz (@_FriedrichMerz) <a href=\"https:\/\/twitter.com\/_FriedrichMerz\/status\/1870444461857345847?ref_src=twsrc%5Etfw\" rel=\"nofollow noopener\" target=\"_blank\">December 21, 2024<\/a><\/p><\/blockquote>\n<p>14:10<\/p>\n<p>Les bougies, fleurs et autres objets s&rsquo;accumulent \u00e0 Magdebourg<\/p>\n<p>Des fleurs, bougies, messages et autres objets ont \u00e9t\u00e9 d\u00e9pos\u00e9s pr\u00e8s du march\u00e9 de No\u00ebl de Magdebourg ces derni\u00e8res heures, pour rendre hommage aux victimes de l&rsquo;attaque. Les \u00e9lus pass\u00e9s dans la ville, comme le chancelier Olaf Scholz, ont \u00e9galement d\u00e9pos\u00e9 des fleurs. Les passants continuent d&rsquo;en amener en ce d\u00e9but d&rsquo;apr\u00e8s-midi.<\/p>\n<p><img decoding=\"async\" src=\"https:\/\/www.europesays.com\/fr\/wp-content\/uploads\/2025\/08\/D3U346JU3FBL7DSKHQQLDHQ33E.jpg\"\/>Ronny HARTMANN \/ AFP<img decoding=\"async\" src=\"https:\/\/www.europesays.com\/fr\/wp-content\/uploads\/2025\/08\/TXIOANCKVJBOLNO5UVNDZIKC5U.jpg\"\/>Ronny HARTMANN \/ AFP<img decoding=\"async\" src=\"https:\/\/www.europesays.com\/fr\/wp-content\/uploads\/2025\/08\/I3FJEHR56ZHJTGTSYX43WYHIPY.jpg\"\/>Ronny HARTMANN \/ AFP<\/p>\n<p>13:58<\/p>\n<p>La Ligue allemande de football annonce une minute de silence avant les rencontres de ce weekend<\/p>\n<p>Les rencontres de football de premi\u00e8re et de deuxi\u00e8me divisions en Allemagne d\u00e9buteront ce week-end avec une minute de silence en hommage aux victimes de l&rsquo;attaque de Magdebourg, a annonc\u00e9 la Ligue allemande de football (DFL) dans un communiqu\u00e9. \u00ab Le football professionnel allemand est choqu\u00e9 par l&rsquo;attaque contre le march\u00e9 de No\u00ebl \u00e0 Magdebourg. La DFL recommande le port d&rsquo;un brassard noir de deuil pour les rencontres de Bundesliga et de 2. Liga ce week-end (15e et 17e journ\u00e9es), et soutient des minutes de silence en hommage aux victimes \u00bb.<\/p>\n<blockquote class=\"twitter-tweet\" align=\"center\">\n<p lang=\"de\" dir=\"ltr\">Der deutsche Profifu\u00dfball trauert um die Opfer des Anschlags in <a href=\"https:\/\/twitter.com\/hashtag\/Magdeburg?src=hash&amp;ref_src=twsrc%5Etfw\" rel=\"nofollow noopener\" target=\"_blank\">#Magdeburg<\/a>. Die DFL empfiehlt f\u00fcr die weiteren Begegnungen der <a href=\"https:\/\/twitter.com\/hashtag\/Bundesliga?src=hash&amp;ref_src=twsrc%5Etfw\" rel=\"nofollow noopener\" target=\"_blank\">#Bundesliga<\/a> und 2. Bundesliga an diesem Wochenende das Tragen eines Trauerflors und unterst\u00fctzt Schweigeminuten vor dem Anpfiff.<\/p>\n<p>\u2014 DFL Deutsche Fu\u00dfball Liga (@DFL_Official) <a href=\"https:\/\/twitter.com\/DFL_Official\/status\/1870385614417207672?ref_src=twsrc%5Etfw\" rel=\"nofollow noopener\" target=\"_blank\">December 21, 2024<\/a><\/p><\/blockquote>\n<p>13:48<\/p>\n<p>Les drapeaux mis en berne en Allemagne<\/p>\n<p>Plusieurs institutions ont d\u00e9clar\u00e9 avoir mis leurs drapeaux en berne ce samedi, apr\u00e8s l&rsquo;attaque du march\u00e9 de No\u00ebl de Magdebourg, sur ordre du minist\u00e8re de l&rsquo;Int\u00e9rieur.<\/p>\n<blockquote class=\"twitter-tweet\" align=\"center\">\n<p lang=\"de\" dir=\"ltr\">Th\u00fcringen steht in Trauer vereint an der Seite unserer Nachbarn in Sachsen-Anhalt. F\u00fcr den heutigen Tag hat Ministerpr\u00e4sident Mario Voigt Trauerbeflaggung f\u00fcr das Geb\u00e4ude der Th\u00fcringer Staatskanzlei angeordnet. Unsere Gedanken sind bei den Opfern, ihren Familien und Freunden. <a href=\"https:\/\/t.co\/e637z4KgqW\" rel=\"nofollow\">pic.twitter.com\/e637z4KgqW<\/a><\/p>\n<p>\u2014 Stefan Gruhner (@StefanGruhner) <a href=\"https:\/\/twitter.com\/StefanGruhner\/status\/1870388982779171290?ref_src=twsrc%5Etfw\" rel=\"nofollow noopener\" target=\"_blank\">December 21, 2024<\/a><\/p><\/blockquote>\n<p>13:39<\/p>\n<p>Les \u00e9lus de l&rsquo;AfD d\u00e9noncent la politique migratoire du pays<\/p>\n<p>Sans surprise, les \u00e9lus de l&rsquo;AfD, parti d&rsquo;extr\u00eame droite allemand, ont d\u00e9nonc\u00e9 la politique migratoire du pays qui a permis au principal suspect, de nationalit\u00e9 saoudienne, de s&rsquo;installer en Allemagne. \u00ab Qui a laiss\u00e9 Taleb A. entrer dans le pays ? Qui ne le fait pas ? Qui l&rsquo;aurait expuls\u00e9 ? Qui ne le fait pas ? Nous connaissons tous les r\u00e9ponses \u00bb, d\u00e9plore sur X le d\u00e9put\u00e9 europ\u00e9en Tomasz Froelich.<\/p>\n<p>13:26<\/p>\n<p>\u00ab Notre pays tout entier pleure Magdebourg \u00bb, \u00e9crit le chancelier<\/p>\n<p>\u00ab Notre pays tout entier pleure Magdebourg \u00bb, \u00e9crit sur X le chancelier allemand Olaf Scholz, qui s&rsquo;est rendu sur place ce samedi. \u00ab Il est terrible de constater combien de personnes ont \u00e9t\u00e9 tu\u00e9es et bless\u00e9es ici, lors d&rsquo;un joyeux march\u00e9 de No\u00ebl, avec une brutalit\u00e9 incroyable. Je souhaite \u00e0 toutes les victimes et \u00e0 leurs familles force et un prompt r\u00e9tablissement corps et \u00e2me. \u00bb<\/p>\n<blockquote class=\"twitter-tweet\" align=\"center\">\n<p lang=\"de\" dir=\"ltr\">Unser ganzes Land trauert mit Magdeburg. Es ist furchtbar, wie viele hier auf einem fr\u00f6hlichen Weihnachtsmarkt mit unfassbarer Brutalit\u00e4t get\u00f6tet und verletzt wurden. Ich w\u00fcnsche allen Opfern und ihren Angeh\u00f6rigen von Herzen Kraft und schnelle Genesung an Leib und Seele. <a href=\"https:\/\/t.co\/Y5KsRZo1ED\" rel=\"nofollow\">pic.twitter.com\/Y5KsRZo1ED<\/a><\/p>\n<p>\u2014 Bundeskanzler Olaf Scholz (@Bundeskanzler) <a href=\"https:\/\/twitter.com\/Bundeskanzler\/status\/1870441227088244945?ref_src=twsrc%5Etfw\" rel=\"nofollow noopener\" target=\"_blank\">December 21, 2024<\/a><\/p><\/blockquote>\n<p>13:17<\/p>\n<p>L&rsquo;auteur pr\u00e9sum\u00e9 est \u00ab islamophobe \u00bb, selon le minist\u00e8re de l&rsquo;Int\u00e9rieur allemand<\/p>\n<p>L&rsquo;auteur pr\u00e9sum\u00e9 de l&rsquo;attaque meurtri\u00e8re sur le march\u00e9 No\u00ebl de Magdebourg, est \u00ab islamophobe \u00bb, a d\u00e9clar\u00e9 la ministre de l&rsquo;Int\u00e9rieur allemande Nancy Faeser venue avec le chancelier sur les lieux du drame. Interrog\u00e9e par des journalistes sur les motivations du suspect, elle a d\u00e9clar\u00e9 que \u00ab la seule chose \u00bb qu&rsquo;elle \u00e9tait en mesure de confimer est \u00ab qu&rsquo;il est islamophobe \u00bb au vu de ses prises de position connues.<\/p>\n<p>13:05<\/p>\n<p>La France en \u00e9tat d&rsquo;alerte \u00e0 l&rsquo;approche des f\u00eates<\/p>\n<p>A l&rsquo;approche des f\u00eates chr\u00e9tiennes et juives de fin d&rsquo;ann\u00e9e, le ministre de l&rsquo;Int\u00e9rieur Bruno Retailleau a envoy\u00e9 un communiqu\u00e9 aux pr\u00e9fets vendredi, rappelant la s\u00e9curisation des lieux de culte juifs, chr\u00e9tiens et musulmans \u00ab rendue n\u00e9cessaire par le contexte actuel \u00bb. Il invite notamment les forces de s\u00e9curit\u00e9 \u00e0 redoubler de vigilance \u00ab aux heures d&rsquo;arriv\u00e9e et de d\u00e9part des fid\u00e8les lors des principaux rassemblements et offices \u00bb, et \u00e0 porte \u00ab une attention particuli\u00e8re aux v\u00e9hicules en stationnement \u00e0 proximit\u00e9 des lieux de rassemblement et de culte \u00bb.\u00a0<\/p>\n<p>12:26<\/p>\n<p>Olaf Scholz appelle \u00e0 \u00ab ne pas ajouter de haine \u00e0 l&rsquo;horreur \u00bb, alors que la soci\u00e9t\u00e9 est divis\u00e9e<\/p>\n<p><img decoding=\"async\" src=\"https:\/\/www.europesays.com\/fr\/wp-content\/uploads\/2025\/08\/G5SG7PWHYNDETBR6RUB444EXII.jpg\"\/>REUTERS\/Axel Schmidt<\/p>\n<p>Le chancelier allemand Olaf Scholz, pr\u00e9sent \u00e0 Magdebourg a d\u00e9nonc\u00e9 aupr\u00e8s de la presse <a href=\"https:\/\/www.leparisien.fr\/faits-divers\/attaque-mortelle-sur-un-marche-de-noel-un-acte-terrible-et-fou-reagit-le-chancelier-allemand-scholz-21-12-2024-LI5QHE3WGVEQ5ORY4LCUWFLANA.php\" target=\"_blank\" rel=\"nofollow noopener\">un \u00ab acte terrible et fou \u00bb<\/a>. Mais il appelle \u00e0 \u00ab ne pas ajouter de haine \u00e0 l&rsquo;horreur \u00bb et \u00e0 la \u00ab coh\u00e9sion nationale \u00bb, alors que l&rsquo;extr\u00eame droite allemande a r\u00e9cup\u00e9r\u00e9 le drame pour d\u00e9noncer l&rsquo;immigration, \u00e0 l&rsquo;approche des \u00e9lections l\u00e9gislatives allemandes anticip\u00e9es du 23 f\u00e9vrier.\u00a0<\/p>\n<p>Olaf Scholz a promis d&rsquo;agir contre \u00ab ceux qui veulent semer la haine \u00bb. \u00ab Quand cette folie prendra-t-elle fin ? \u00bb, a \u00e9crit sur le r\u00e9seau X la copr\u00e9sidente de l&rsquo;AfD Alice Weidel, dont le parti est cr\u00e9dit\u00e9 de la deuxi\u00e8me place dans les sondages, \u00e0 pr\u00e8s de 20 %. Plusieurs attentats ont \u00e9t\u00e9 commis ces derniers mois par des \u00e9trangers.<\/p>\n<p>12:20<\/p>\n<p>Plus de 200 bless\u00e9s, dont une quarantaine tr\u00e8s gri\u00e8vement<\/p>\n<p>\u00abIl n&rsquo;y a pas de lieu plus plaisible, plus agr\u00e9able qu&rsquo;un march\u00e9 de No\u00ebl. Quel \u00e9v\u00e9nement \u00e9pouvantable que de voir une telle brutalit\u00e9 s&rsquo;exercer contre autant de personnes !\u00bb, se d\u00e9sole le chancelier allemand Olaf Scholz, qui rappelle le bilan : 5 morts et \u00ab plus de 200 personnes bless\u00e9es, dont une quarantaine tr\u00e8s gri\u00e8vement, on ne sait pas si elles s&rsquo;en sortiront \u00bb.\u00a0<\/p>\n<p>Il assure \u00e9galement du soutien psychologique qui sera apport\u00e9 aux secours, eux-m\u00eames traumatis\u00e9s par les sc\u00e8nes de l&rsquo;attentat. \u00ab Il faut maintenant faire toute la lumi\u00e8re sur cette affaire. \u00bb<\/p>\n<p>12:13<\/p>\n<p>\u00ab Cet \u00e9v\u00e9nement est effroyable \u00bb, t\u00e9moigne le ministre r\u00e9gional<\/p>\n<p>\u00ab Ce lieu est entr\u00e9 dans l&rsquo;histoire tragique de Magdebourg, il restera un lieu de comm\u00e9moration pour l&rsquo;histoire de notre pays \u00bb, d\u00e9clare Reiner Haseloff, ministre-pr\u00e9sident de la r\u00e9gion de Saxe-Anhalt. Un certain nombre d&rsquo;enjeux devront \u00eatre soulev\u00e9s quant \u00e0 la s\u00e9curit\u00e9, mais l&rsquo;heure est au recueillement. Nous avons la mission de retirer des cons\u00e9quences. \u00bb<\/p>\n<p>12:12<\/p>\n<p>Le bilan s&rsquo;alourdit et passe \u00e0 5 morts<\/p>\n<p>Au moins cinq personnes seraient mortes dans l&rsquo;attentat de Magdebourg, d\u00e9clare Reiner Haseloff, ministre-pr\u00e9sident de la r\u00e9gion de Saxe-Anhalt. Le pr\u00e9c\u00e9dent bilan faisait \u00e9tat de deux morts, dont un enfant en bas \u00e2ge. Les autorit\u00e9s d\u00e9nombrent \u00e9galement pr\u00e8s de 200 bless\u00e9s.\u00a0<\/p>\n<p>11:54<\/p>\n<p>La Saxe, r\u00e9gion voisine, ne voit pas de menace particuli\u00e8re sur ses march\u00e9s de No\u00ebl<\/p>\n<p>Le minist\u00e8re de l&rsquo;Int\u00e9rieur de Dresde ne voit actuellement aucune menace concr\u00e8te pour les march\u00e9s de No\u00ebl de Saxe, le Land voisin. \u00ab Nous voulons qu&rsquo;il soit possible de visiter les march\u00e9s de No\u00ebl sans souci dans les prochains jour \u00bb, a d\u00e9clar\u00e9 Armin Schuster.<\/p>\n<p>11:40<\/p>\n<p>Le march\u00e9 de No\u00ebl n&rsquo;ouvrira plus \u00e0 Magdebourg<\/p>\n<p><img decoding=\"async\" src=\"https:\/\/www.europesays.com\/fr\/wp-content\/uploads\/2025\/08\/EOTQWZEMU5GCLOSSV2MEQMVOD4.jpg\"\/>REUTERS\/Axel Schmidt<\/p>\n<p>\u00ab Des gens sont morts ici. Ouvrir un march\u00e9 signifie que les gens boivent et mangent du vin chaud l\u00e0 o\u00f9 les gens sont morts. Je ne peux pas approuver cela, et cela n&rsquo;arrivera pas \u00bb, a d\u00e9clar\u00e9 Ronni Krug, adjoint aux ressources humaines, aux services aux citoyens et \u00e0 l&rsquo;ordre de la ville de Magdebourg. Les autres festivit\u00e9s de la ville, comme les illuminations de No\u00ebl, sont \u00e9galement annul\u00e9es.\u00a0<\/p>\n<p>11:30<\/p>\n<p>Elon Musk estime que le chancelier allemand devrait d\u00e9missionner<\/p>\n<p>Le milliardaire Elon Musk, qui devrait rejoindre l&rsquo;administration du pr\u00e9sident \u00e9lu am\u00e9ricain Donald Trump en tant que conseiller ext\u00e9rieur, a appel\u00e9 le chancelier allemand Olaf Scholz \u00e0 d\u00e9missionner apr\u00e8s l&rsquo;attaque meurtri\u00e8re sur le march\u00e9 de No\u00ebl de Magdebourg.\u00a0<\/p>\n<p>\u00ab Scholz devrait d\u00e9missionner imm\u00e9diatement. Imb\u00e9cile incomp\u00e9tent \u00bb, a-t-il \u00e9crit.<\/p>\n<blockquote class=\"twitter-tweet\" align=\"center\">\n<p lang=\"en\" dir=\"ltr\">Scholz should resign immediately. Incompetent fool.<\/p>\n<p>\u2014 Elon Musk (@elonmusk) <a href=\"https:\/\/twitter.com\/elonmusk\/status\/1870204253752697317?ref_src=twsrc%5Etfw\" rel=\"nofollow noopener\" target=\"_blank\">December 20, 2024<\/a><\/p><\/blockquote>\n<p>11:18<\/p>\n<p>Olaf Scholz sur place<\/p>\n<p><img decoding=\"async\" src=\"https:\/\/www.europesays.com\/fr\/wp-content\/uploads\/2025\/08\/VR3LKPUY5NEX7O5Y2NFAJCQ36E.jpg\"\/>REUTERS\/Axel Schmidt<\/p>\n<p>Le chancelier, en pleine campagne \u00e9lectorale, est arriv\u00e9 sur place, v\u00eatu de noir, avec le Premier ministre de Saxe-Anhalt, Reiner Haseloff et la ministre allemande de l&rsquo;Int\u00e9rieur.<\/p>\n<p>10:54<\/p>\n<p>Le chancelier Olaf Scholz sur place vers 11 heures<\/p>\n<p>Vers 11 heures, le chancelier Olaf Scholz devrait \u00eatre sur les lieux de l&rsquo;attaque en compagnie du Premier ministre de Saxe-Anhalt, Reiner Haseloff. Tous deux souhaitent \u00ab s\u2019informer sur le travail des enqu\u00eateurs \u00bb, indique le gouvernement du Land. Ils parleront ensuite \u00e0 la presse.\u00a0<\/p>\n<p>10:49<\/p>\n<p>S\u00e9curit\u00e9 renforc\u00e9e sur les march\u00e9s de No\u00ebl \u00e0 Berlin, Leipzig, Hambourg et en Bavi\u00e8re<\/p>\n<p>La police berlinoise renforce sa pr\u00e9sence sur les march\u00e9s de No\u00ebl de la capitale, a annonc\u00e9 Iris Spranger, s\u00e9natrice de l&rsquo;Int\u00e9rieur de Berlin. C&rsquo;est aussi le cas en Bavi\u00e8re, \u00e0 Leipzig et \u00e0 Hambourg.\u00a0<\/p>\n<p>Cependant, il n&rsquo;existe aucune preuve d&rsquo;une menace sp\u00e9cifique contre les march\u00e9s de No\u00ebl bavarois. Des r\u00e8gles de s\u00e9curit\u00e9 plus strictes \u00e9taient d\u00e9j\u00e0 appliqu\u00e9es avant leur ouverture. Le Christkindlesmarkt de Nuremberg, l&rsquo;un des march\u00e9s de No\u00ebl les plus c\u00e9l\u00e8bres au monde, se tient en Bavi\u00e8re.<\/p>\n<p>10:36<\/p>\n<p>La Saxe-Anhalt ordonne de mettre les drapeaux en berne<\/p>\n<p>L&rsquo;Etat de Saxe-Anhalt, o\u00f9 se trouve Magdebourg, a ordonn\u00e9 que des drapeaux soient en berne sur tous les b\u00e2timents officiels, en signe \u00ab d&rsquo;hommage aux victimes de l&rsquo;attentat \u00bb. Comme l&rsquo;a annonc\u00e9 le minist\u00e8re de l&rsquo;Int\u00e9rieur, l&rsquo;ordonnance s&rsquo;applique jusqu&rsquo;\u00e0 lundi \u00e0 toutes les autorit\u00e9s et aux institutions qu&rsquo;elles supervisent &#8211; ainsi qu&rsquo;aux districts et communes de Saxe-Anhalt.<\/p>\n<p>10:26<\/p>\n<p>Plusieurs perquisitions \u00e0 Bernbourg, ville o\u00f9 vit le suspect selon des m\u00e9dias allemands<\/p>\n<p>Des policiers lourdement arm\u00e9s ont perquisitionn\u00e9 plusieurs propri\u00e9t\u00e9s \u00e0 Bernbourg vendredi soir, selon les m\u00e9dias allemands. La ville se trouve \u00e0 environ 50 kilom\u00e8tres au sud de Magdebourg. Selon Tamara Zieschang (CDU), ministre de l&rsquo;Int\u00e9rieur de Saxe-Anhalt, le suspect Taleb A. r\u00e9siderait \u00e0 Bernbourg.<\/p>\n<p>10:21<\/p>\n<p>\u00ab Il a \u00e9t\u00e9 tra\u00een\u00e9 et arrach\u00e9 \u00e0 moi \u00bb : en Allemagne, les victimes de l\u2019attaque sur le march\u00e9 de No\u00ebl sous le choc<\/p>\n<p><img decoding=\"async\" src=\"https:\/\/www.europesays.com\/fr\/wp-content\/uploads\/2025\/08\/EUSDOKC7VVG6FAGCUCGEE3PM5A.jpg\"\/>AFP\/ John Macdougall<\/p>\n<p>Tous d\u00e9crivent une attaque fulgurante qui a, en quelques secondes, fauch\u00e9 des dizaines de personnes entre les chalets install\u00e9s dans la commune de Magdebourg, vendredi soir. \u00ab\u00a0Beaucoup de gens ont saut\u00e9 sur le c\u00f4t\u00e9 \u00e0 la derni\u00e8re seconde, mais tout le monde n\u2019y est pas parvenu. Le conducteur a roul\u00e9 sans tenir compte des pertes, tout s\u2019est pass\u00e9 \u00e0 une vitesse fulgurante\u00a0\u00bb, rapporte le journal Mitteldeutsche Zeitung. Retrouvez les t\u00e9moignages de victimes <a href=\"https:\/\/www.leparisien.fr\/faits-divers\/il-a-ete-traine-et-arrache-a-moi-en-allemagne-les-victimes-de-lattaque-sur-le-marche-de-noel-sous-le-choc-21-12-2024-2UETQNBCFVBWDK5TBT2JK5CPLA.php\" target=\"_blank\" rel=\"nofollow noopener\">dans cet article<\/a>.\u00a0<\/p>\n<p>10:16<\/p>\n<p>L&rsquo;Arabie saoudite aurait averti les autorit\u00e9s allemandes sur le profil extr\u00e9miste du suspect, selon Reuters<\/p>\n<p>Une source saoudienne a d\u00e9clar\u00e9 \u00e0 Reuters que le royaume avait averti les autorit\u00e9s allemandes au sujet de l&rsquo;agresseur, qui, selon la source, avait publi\u00e9 des opinions extr\u00e9mistes sur son compte personnel X.<\/p>\n<p>10:12<\/p>\n<p>S\u00e9curit\u00e9 renforc\u00e9e sur les march\u00e9s de No\u00ebl de l&rsquo;Etat de Hesse, en Allemagne<\/p>\n<p>\u00ab La pr\u00e9sence polici\u00e8re sur les march\u00e9s de No\u00ebl de Hesse est d\u00e9j\u00e0 exceptionnellement \u00e9lev\u00e9e \u00bb, a d\u00e9clar\u00e9 le ministre de l&rsquo;Int\u00e9rieur Roman Poseck (CDU). N\u00e9anmoins, les effectifs seront \u00ab \u00e0 nouveau consid\u00e9rablement augment\u00e9s dans les prochains jours \u00bb. \u00ab Les consignes de s\u00e9curit\u00e9 en mati\u00e8re de blocage des v\u00e9hicules \u00bb seront \u00e9galement revues.<\/p>\n<p>10:06<\/p>\n<p>L&rsquo;extr\u00eame droite (AfD) demande une r\u00e9union de la commission de l&rsquo;Int\u00e9rieur<\/p>\n<p>Le groupe parlementaire de l&rsquo;AfD (extr\u00eame droite) en Saxe-Anhalt demande une r\u00e9union sp\u00e9ciale de la commission de l&rsquo;Int\u00e9rieur, pour clarifier d&rsquo;\u00e9ventuelles fautes ou manquements. \u00ab Il faut clarifier ce qui est connu, qui a agi et qui n&rsquo;a pas agi \u00bb, a d\u00e9clar\u00e9 le porte-parole du groupe parlementaire AfD, Matthias B\u00fcttner, au Parlement du Land de Magdebourg.\u00a0<\/p>\n<p>10:01<\/p>\n<p>La s\u00e9curit\u00e9 sur les march\u00e9s de No\u00ebl en Allemagne avait pourtant \u00e9t\u00e9 renforc\u00e9e<\/p>\n<p>Comment une voiture a-t-elle pu foncer \u00e0 toute vitesse sur un march\u00e9 de No\u00ebl noir de monde, alors que l&rsquo;Allemagne est en alerte attentat ? Il y avait bien des plots en ciment cens\u00e9s emp\u00eacher l&rsquo;intrusion d&rsquo;un v\u00e9hicule sur le march\u00e9 de Magdebourg. Le dispositif avait m\u00eame \u00e9t\u00e9 renforc\u00e9.\u00a0<\/p>\n<p>Mais il y a \u00ab manifestement une faille dans le dispositif de s\u00e9curit\u00e9 \u00bb, car la voiture a pu s&rsquo;engouffrer sur le march\u00e9 de No\u00ebl et renverser des dizaines de personnes avant d&rsquo;\u00eatre arr\u00eat\u00e9e, explique le correspondant \u00e0 Berlin de BFMTV.<\/p>\n<p>09:50<\/p>\n<p>\u00ab Attention aux r\u00e9cup\u00e9rations \u00bb, pr\u00e9vient Eric Coquerel (LFI)<\/p>\n<p>Invit\u00e9 sur franceinfo ce matin, le d\u00e9put\u00e9 LFI Eric Coquerel a r\u00e9agi \u00e0 l&rsquo;attaque mortelle sur le march\u00e9 de No\u00ebl de Magdebourg. \u00ab Gardons-nous de conclusions trop h\u00e2tives. J&rsquo;ai cru comprendre que la personne ne correspond pas au terrorisme islamiste. Ce serait le cas, \u00e7a ne me poserait pas de probl\u00e8me de le dire et de le d\u00e9noncer. \u00bb Comme l&rsquo;a fait Jordan Bardella et l&rsquo;extr\u00eame-droite allemande. \u00ab Attention aux r\u00e9cup\u00e9rations, poursuit-il. Tenons-nous en pour l\u2019instant \u00e0 la solidarit\u00e9. \u00bb<\/p>\n<blockquote class=\"twitter-tweet\" align=\"center\">\n<p lang=\"fr\" dir=\"ltr\">Attaque sur un march\u00e9 de No\u00ebl en Allemagne : \u00ab\u00a0Gardons-nous de conclusions trop h\u00e2tives [&#8230;] Attention aux r\u00e9cup\u00e9rations\u00a0\u00bb, r\u00e9agit \u00c9ric Coquerel, d\u00e9put\u00e9 LFI. \u201cTenons-nous en pour l\u2019instant \u00e0 la solidarit\u00e9.\u201d <a href=\"https:\/\/t.co\/dnb9l9CsNh\" rel=\"nofollow\">pic.twitter.com\/dnb9l9CsNh<\/a><\/p>\n<p>\u2014 franceinfo (@franceinfo) <a href=\"https:\/\/twitter.com\/franceinfo\/status\/1870377596636057866?ref_src=twsrc%5Etfw\" rel=\"nofollow noopener\" target=\"_blank\">December 21, 2024<\/a><\/p><\/blockquote>\n<p>09:30<\/p>\n<p>Huit ans, presque jour pour jour, apr\u00e8s l&rsquo;attentat au march\u00e9 de No\u00ebl de Berlin<\/p>\n<p>L&rsquo;attaque est survenue huit ans presque jour pour jour apr\u00e8s un acte similaire commis sur un <a href=\"https:\/\/www.leparisien.fr\/international\/un-camion-fonce-dans-un-marche-de-noel-a-berlin-plusieurs-morts-19-12-2016-6474930.php\" target=\"_blank\" rel=\"nofollow noopener\">march\u00e9 de No\u00ebl de Berlin en 2016<\/a>, alors que l&rsquo;Allemagne, en pleine campagne \u00e9lectorale, est en \u00e9tat d&rsquo;alerte contre le risque d&rsquo;attentats. Pour les autorit\u00e9s la date n&rsquo;est pas une co\u00efncidence et a \u00e9t\u00e9 choisie \u00e0 dessein. Revendiqu\u00e9 par le groupe Etat islamique, l\u2019attentat de 2016 avait fait treize\u00a0morts et plus de 60 bless\u00e9s.<\/p>\n<p>09:15<\/p>\n<p>L&rsquo;Arabie saoudite, pays d&rsquo;origine du suspect, condamne l&rsquo;attaque<\/p>\n<p>L&rsquo;Arabie saoudite, pays d&rsquo;origine du suspect, a condamn\u00e9 l&rsquo;attaque et a affirm\u00e9 son \u00ab rejet de la violence \u00bb.\u00a0<\/p>\n<p>08:46<\/p>\n<p>La police en qu\u00eate de vid\u00e9os et d&rsquo;images prises par les civils<\/p>\n<p>La ville de Magdebourg, \u00ab en deuil \u00bb, invite les t\u00e9moins de la sc\u00e8ne \u00e0 transmettre leurs vid\u00e9os et photos du crime \u00e0 la police. \u00ab Veuillez ne pas partager de sp\u00e9culations ni de photos et vid\u00e9os du crime sur les r\u00e9seaux sociaux. La d\u00e9sinformation rend le travail d\u2019enqu\u00eate plus difficile \u00bb, pr\u00e9vient-elle sur X.<\/p>\n<p>De son c\u00f4t\u00e9 aussi, la police continue de demander que \u00ab des t\u00e9moins, des photos et des vid\u00e9os de ce qu&rsquo;il s&rsquo;est pass\u00e9 au march\u00e9 de No\u00ebl de Magdebourg soient envoy\u00e9s via le portail d&rsquo;information \u00bb.\u00a0<\/p>\n<blockquote class=\"twitter-tweet\" align=\"center\">\n<p lang=\"de\" dir=\"ltr\">Die Ermittlungen der Polizei unterst\u00fctzen:<\/p>\n<p>Videos und Bilder der Tat hier einreichen \ud83d\udc49<a href=\"https:\/\/t.co\/cvJdLBwUaf\" rel=\"nofollow\">https:\/\/t.co\/cvJdLBwUaf<\/a><br \/>Bitte teilt keine Spekulationen oder Bilder und Videos der Tat \u00fcber die Sozialen Medien und Messenger. Fehlinformationen erschweren die Ermittlungsarbeit.<\/p>\n<p>\u2014 Ottostadt Magdeburg (@Ottostadt) <a href=\"https:\/\/twitter.com\/Ottostadt\/status\/1870360299305308247?ref_src=twsrc%5Etfw\" rel=\"nofollow noopener\" target=\"_blank\">December 21, 2024<\/a><\/p><\/blockquote>\n<p>08:23<\/p>\n<p>La municipalit\u00e9 demande d&rsquo;\u00e9viter \u00ab la sc\u00e8ne de crime \u00bb<\/p>\n<p>Alors que le march\u00e9 se tenait au centre-ville de Magdebourg, commune de 250 000 habitants, le quartier est compl\u00e8tement boucl\u00e9. \u00ab \u00c9tant donn\u00e9 que toute la zone autour du Vieux March\u00e9 est boucl\u00e9e et constitue une sc\u00e8ne de crime, nous vous demandons de l&rsquo;\u00e9viter autant que possible \u00bb, \u00e9crit la municipalit\u00e9 sur ses r\u00e9seaux sociaux.\u00a0<\/p>\n<p>08:20<\/p>\n<p>\u00ab C&rsquo;est inimaginable \u00bb, raconte un t\u00e9moin de la sc\u00e8ne<\/p>\n<p><img decoding=\"async\" src=\"https:\/\/www.europesays.com\/fr\/wp-content\/uploads\/2025\/08\/YJXMK4SHLZDPHPCLISE4DIDD2I.jpg\"\/>\u00a0<\/p>\n<p>Il \u00e9tait environ 19 heures lorsqu&rsquo;une BMW a franchi l&rsquo;enceinte du march\u00e9, slalomant dans les all\u00e9es \u00ab sur plus de 400 m\u00e8tres \u00bb, selon la police. \u00ab Nous avons vu le toit de la voiture, puis c&rsquo;est arriv\u00e9. Tout le monde \u00e9tait allong\u00e9 sur le sol, des enfants, des hommes, des bless\u00e9s, c&rsquo;est inimaginable \u00bb, a racont\u00e9 un t\u00e9moin \u00e0 la cha\u00eene de t\u00e9l\u00e9vision Welt TV.<\/p>\n<p>\u00ab C&rsquo;est terrible, il y avait un cadavre \u00e0 c\u00f4t\u00e9 de moi pendant tout ce temps. Je pensais que j&rsquo;allais juste au march\u00e9 de No\u00ebl et une telle chose arrive. Le monde est malade \u00bb, a ajout\u00e9 sa compagne.<\/p>\n<p>08:04<\/p>\n<p>Un lieu de recueillement \u00e9rig\u00e9 ce samedi et une comm\u00e9moration \u00e0 la cath\u00e9drale de Magdebourg \u00e0 19 heures<\/p>\n<p>La place du centre-ville accueillant les r\u00e9jouissances va se transformer en lieu de recueillement. De premiers bouquets de fleurs ont \u00e9t\u00e9 d\u00e9pos\u00e9s par des anonymes, rapportent les m\u00e9dias locaux.\u00a0<\/p>\n<p><img decoding=\"async\" src=\"https:\/\/www.europesays.com\/fr\/wp-content\/uploads\/2025\/08\/LLSB6XMSMRFF5NS3M5G46O4KME.jpg\"\/>Magdebourg, Allemagne, le 21 d\u00e9cembre 2024. Heiko Rebsch\/dpa<\/p>\n<p>\u00ab Un lieu comm\u00e9moratif sera \u00e9rig\u00e9 aujourd&rsquo;hui au portail ouest de l&rsquo;\u00e9glise Saint-Jean, pr\u00e9cise la ville de Magdebourg. L\u00e0, vous pourrez exprimer votre inqui\u00e9tude et vous recueillir aux c\u00f4t\u00e9s des autres. Il y aura \u00e9galement une heure comm\u00e9morative dans la cath\u00e9drale de Magdebourg \u00e0 19 heures. \u00bb\u00a0<\/p>\n<p>08:01<\/p>\n<p>Annulation des \u00e9v\u00e9nements et fermeture des \u00e9tablissements culturels jusqu&rsquo;au 23 d\u00e9cembre \u00e0 Magdebourg<\/p>\n<p>\u00ab Jusqu&rsquo;au 23 d\u00e9cembre, il n&rsquo;y aura plus d&rsquo;\u00e9v\u00e9nements culturels \u00e0 Magdebourg et toutes les institutions culturelles resteront ferm\u00e9es \u00bb, indique la municipalit\u00e9.<\/p>\n<p>07:55<\/p>\n<p>Le profil de l&rsquo;auteur pr\u00e9sum\u00e9<\/p>\n<p><img decoding=\"async\" src=\"https:\/\/www.europesays.com\/fr\/wp-content\/uploads\/2025\/08\/T4PTXAJAVFCAPLAVFQWEHP7IPE.jpg\"\/>Voiture avec laquelle le suspect a fonc\u00e9 dans la foule. REUTERS\/Axel Schmidt \u00a0\u00a0<\/p>\n<p>Le profil de l&rsquo;auteur pr\u00e9sum\u00e9, pr\u00e9sent\u00e9 dans les m\u00e9dias allemands comme Taleb A., arr\u00eat\u00e9 \u00e0 bord de la voiture-b\u00e9lier, intrigue.<\/p>\n<p>Au contraire m\u00eame, ses prises de positions fr\u00e9quentes sur les r\u00e9seaux sociaux dressent le portrait d&rsquo;un homme se sentant pers\u00e9cut\u00e9, ayant rompu avec l&rsquo;islam et d\u00e9non\u00e7ant les \u00abdangers\u00bb d&rsquo;une islamisation de l&rsquo;Allemagne.<\/p>\n<p>Certains m\u00e9dias lui pr\u00eatent m\u00eame des accointances avec l&rsquo;extr\u00eame droite allemande. Il \u00e9tait en tout cas connu dans la communaut\u00e9 des \u00e9migr\u00e9s saoudiens en Allemagne et aidait des demandeurs d&rsquo;asile, des femmes notamment. \u00ab Les motivations restent myst\u00e9rieuses, un arri\u00e8re-plan islamiste semble exclu \u00bb, juge l&rsquo;hebdomadaire Der Spiegel.<\/p>\n<p>07:50<\/p>\n<p>La maire de Magdebourg, Simone Borris, a fondu en larmes<\/p>\n<p><img decoding=\"async\" src=\"https:\/\/www.europesays.com\/fr\/wp-content\/uploads\/2025\/08\/W6V7MVVDK5H37EKGNT3LMN6PM4.jpg\"\/>AFP\/John Macdougall<\/p>\n<p>La maire de Magdebourg, Simone Borris, a fondu en larmes face \u00e0 la presse : \u00ab Je n&rsquo;aurais jamais pu imaginer que la ville soit touch\u00e9e par un tel \u00e9v\u00e9nement. J&rsquo;esp\u00e8re qu&rsquo;apr\u00e8s la phase de deuil, nous parviendrons \u00e0 retrouver une vie collective, que nous ne perdrons pas la joie de vivre, qu&rsquo;il sera tout simplement possible de continuer \u00e0 profiter de la vie. \u00bb<\/p>\n<p>Elle a annonc\u00e9 une c\u00e9r\u00e9monie \u00e0 la cath\u00e9drale ce samedi soir.<\/p>\n<p>07:46<\/p>\n<p>R\u00e9cup\u00e9ration politique<\/p>\n<p>L&rsquo;extr\u00eame droite allemande s&rsquo;est saisie de cette affaire \u00e0 l&rsquo;approche des \u00e9lections l\u00e9gislatives allemandes anticip\u00e9es du 23 f\u00e9vrier, o\u00f9 la question de l&rsquo;immigration jouera un r\u00f4le important, suite \u00e0 plusieurs attentats commis ces derniers mois par des \u00e9trangers.<\/p>\n<p>\u00ab Quand cette folie prendra-t-elle fin ? \u00bb, a \u00e9crit sur le r\u00e9seau X la copr\u00e9sidente de l&rsquo;AfD, Alice Weidel, dont le parti est cr\u00e9dit\u00e9 de la deuxi\u00e8me place dans les sondages, \u00e0 pr\u00e8s de 20%.<\/p>\n<p>07:38<\/p>\n<p>Les premi\u00e8res r\u00e9actions en France<\/p>\n<p>La cheffe de file de l&rsquo;extr\u00eame droite Marine Le Pen (RN) a d\u00e9nonc\u00e9 un \u00ab acte de guerre contre un symbole de notre civilisation \u00bb.<\/p>\n<p>La pr\u00e9sidente de l&rsquo;Assembl\u00e9e Ya\u00ebl Braun-Pivet a elle d\u00e9plor\u00e9 \u00ab l&rsquo;horreur \u00bb visant \u00ab un lieu o\u00f9 seule devrait r\u00e9gner la joie \u00bb.\u00a0<\/p>\n<p>\u00ab Je pense \u00e0 toutes ces familles touch\u00e9es et meurtries\u00a0\u00bb, a r\u00e9agi Edouard Philippe, ancien Premier ministre et maire du Havre, \u00ab ville jumel\u00e9e \u00bb avec Magdebourg.<\/p>\n<p>La vice-pr\u00e9sidente LFI de l&rsquo;Assembl\u00e9e Nad\u00e8ge Abomangoli a exprim\u00e9 sa \u00ab solidarit\u00e9 avec le peuple allemand frapp\u00e9 par l&rsquo;horreur \u00bb. \u00ab La police et la justice doivent faire toute la lumi\u00e8re sur cette suspicion d&rsquo;attentat \u00bb, a-t-elle ajout\u00e9.<\/p>\n<p>\u00ab Toutes mes pens\u00e9es aux habitants de Magdebourg, aux visiteurs du march\u00e9 de No\u00ebl et aux bless\u00e9s \u00bb, a \u00e9galement d\u00e9clar\u00e9 la cheffe des d\u00e9put\u00e9s \u00e9cologistes Cyrielle Chatelain.<\/p>\n<p><script async src=\"https:\/\/platform.twitter.com\/widgets.js\" charset=\"utf-8\"><\/script><\/p>\n","protected":false},"excerpt":{"rendered":"20:45 C&rsquo;est la fin de ce direct Merci de l&rsquo;avoir suivi. Passez une bonne fin de soir\u00e9e. 20:40&hellip;\n","protected":false},"author":2,"featured_media":321669,"comment_status":"","ping_status":"","sticky":false,"template":"","format":"standard","meta":{"footnotes":""},"categories":[1587],"tags":[11,672,1804,38240,271,1805,1803,3057,1777,674,1801,1227,12,1802,3058],"class_list":{"0":"post-321668","1":"post","2":"type-post","3":"status-publish","4":"format-standard","5":"has-post-thumbnail","7":"category-allemagne","8":"tag-actualites","9":"tag-allemagne","10":"tag-bundesrepublik-deutschland","11":"tag-christmas","12":"tag-crime","13":"tag-de","14":"tag-deutschland","15":"tag-essential","16":"tag-eu","17":"tag-europe","18":"tag-germany","19":"tag-horizontal","20":"tag-news","21":"tag-republique-federale-dallemagne","22":"tag-topshots"},"share_on_mastodon":{"url":"https:\/\/pubeurope.com\/@fr\/115035180263034609","error":""},"_links":{"self":[{"href":"https:\/\/www.europesays.com\/fr\/wp-json\/wp\/v2\/posts\/321668","targetHints":{"allow":["GET"]}}],"collection":[{"href":"https:\/\/www.europesays.com\/fr\/wp-json\/wp\/v2\/posts"}],"about":[{"href":"https:\/\/www.europesays.com\/fr\/wp-json\/wp\/v2\/types\/post"}],"author":[{"embeddable":true,"href":"https:\/\/www.europesays.com\/fr\/wp-json\/wp\/v2\/users\/2"}],"replies":[{"embeddable":true,"href":"https:\/\/www.europesays.com\/fr\/wp-json\/wp\/v2\/comments?post=321668"}],"version-history":[{"count":0,"href":"https:\/\/www.europesays.com\/fr\/wp-json\/wp\/v2\/posts\/321668\/revisions"}],"wp:featuredmedia":[{"embeddable":true,"href":"https:\/\/www.europesays.com\/fr\/wp-json\/wp\/v2\/media\/321669"}],"wp:attachment":[{"href":"https:\/\/www.europesays.com\/fr\/wp-json\/wp\/v2\/media?parent=321668"}],"wp:term":[{"taxonomy":"category","embeddable":true,"href":"https:\/\/www.europesays.com\/fr\/wp-json\/wp\/v2\/categories?post=321668"},{"taxonomy":"post_tag","embeddable":true,"href":"https:\/\/www.europesays.com\/fr\/wp-json\/wp\/v2\/tags?post=321668"}],"curies":[{"name":"wp","href":"https:\/\/api.w.org\/{rel}","templated":true}]}}