{"id":321681,"date":"2025-08-15T22:45:15","date_gmt":"2025-08-15T22:45:15","guid":{"rendered":"https:\/\/www.europesays.com\/fr\/321681\/"},"modified":"2025-08-15T22:45:15","modified_gmt":"2025-08-15T22:45:15","slug":"louis-bielle-biarrey-13-essais-une-saison-a-toute-berzingue-une-compilation-video-qui-regale","status":"publish","type":"post","link":"https:\/\/www.europesays.com\/fr\/321681\/","title":{"rendered":"Louis Bielle-Biarrey : 13 essais, une saison \u00e0 toute berzingue, une compilation vid\u00e9o qui r\u00e9gale"},"content":{"rendered":"<p>                13 <a href=\"https:\/\/www.lerugbynistere.fr\/videos\/essais.php\" ui-sref=\"app.tag\" alt=\"Essais\" data-route=\"app.tag\" data-param=\"slug\" data-id=\"essais\" rel=\"nofollow noopener\" target=\"_blank\">essais<\/a> et une saison XXL<\/p>\n<p>On savait qu\u2019il avait des cannes de feu. Mais cette saison 2024\/2025, Louis Bielle-Biarrey a mis tout le monde d\u2019accord : 13 essais en <a href=\"https:\/\/www.lerugbynistere.fr\/championnats\/top-14\" ui-sref=\"app.competition({competitionId: 1})\" alt=\"Top 14\" data-route=\"app.competition\" data-param=\"competitionId\" data-id=\"1\" rel=\"nofollow noopener\" target=\"_blank\">Top 14<\/a>, meilleur marqueur du championnat, et toujours cette capacit\u00e9 \u00e0 transformer une simple opportunit\u00e9 en action d\u00e9cisive.<\/p>\n<p><a class=\"inserer_lien_article\" href=\"https:\/\/www.lerugbynistere.fr\/news\/top-14-ubb-une-saison-historique-mais-terminee-rince-le-dilemme-de-louis-bielle-biarrey-pour-la-suite-2207251649.php\" data-id=\"45631\" data-route=\"app.article\" data-param=\"articleId\" ui-sref=\"app.article({articleId: 45631})\" alt=\"TOP 14. UBB. Une saison historique mais termin\u00e9e &#039;&#039;rinc\u00e9&#039;&#039; : le dilemme de Louis Bielle-Biarrey pour la suite\" title=\"TOP 14. UBB. Une saison historique mais termin\u00e9e &#039;&#039;rinc\u00e9&#039;&#039; : le dilemme de Louis Bielle-Biarrey pour la suite\" rel=\"nofollow noopener\" target=\"_blank\"><img decoding=\"async\" src=\"https:\/\/www.europesays.com\/fr\/wp-content\/uploads\/2025\/08\/louis-bielle-biarrey-22-07-25-6096.jpg\" alt=\"TOP 14. UBB. Une saison historique mais termin\u00e9e ''rinc\u00e9'' : le dilemme de Louis Bielle-Biarrey pour la suite\"\/>TOP 14. UBB. Une saison historique mais termin\u00e9e \u00a0\u00bbrinc\u00e9\u00a0\u00bb : le dilemme de Louis Bielle-Biarrey pour la suite<\/a>Que ce soit sur un ballon de r\u00e9cup\u00e9ration, une combinaison millim\u00e9tr\u00e9e ou un simple coup de pied \u00e0 suivre, <strong>le Bordelais a fait parler sa vitesse, sa vista et son sang-froid<\/strong>. Pour les d\u00e9fenses adverses, c\u2019\u00e9tait un peu comme tenter de plaquer une anguille\u2026 mais avec des pointes \u00e0 36 km\/h voire pr\u00e8s de 38 km\/h, comme son record.<\/p>\n<p>Et ce n\u2019est pas que l\u2019UBB qui a profit\u00e9 de ses fulgurances. Bielle-Biarrey a aussi brill\u00e9 avec le <a href=\"https:\/\/www.lerugbynistere.fr\/equipes-nationales\/xv-de-france.php\" ui-sref=\"app.team({teamId: 65})\" alt=\"XV de France\" data-route=\"app.team\" data-param=\"teamId\" data-id=\"65\" rel=\"nofollow noopener\" target=\"_blank\">XV de France<\/a>, encha\u00eenant les matches, les kilom\u00e8tres et les franchissements. R\u00e9sultat : <strong>une saison rinc\u00e9e<\/strong>, comme il l\u2019avouait lui-m\u00eame, mais un compteur d\u2019essais qui parle pour lui.<\/p>\n<p>La <a href=\"https:\/\/www.lerugbynistere.fr\/videos\/\" ui-sref=\"app.category(categoryId: 1})\" alt=\"Vid\u00e9o\" data-route=\"app.category\" data-param=\"categoryId\" data-id=\"1\" rel=\"nofollow noopener\" target=\"_blank\">vid\u00e9o<\/a> qui r\u00e9gale<\/p>\n<p>Pour revivre ses 13 r\u00e9alisations, rien de mieux qu\u2019une compilation qui encha\u00eene les fulgurances. Appuis courts, crochets d\u00e9vastateurs, courses tranchantes\u2026 et surtout cette finition qui fait toute la diff\u00e9rence dans le rugby de haut niveau.<\/p>\n<p>Chaque essai raconte une histoire : le timing parfait, la lecture du jeu, l\u2019instinct du finisseur. Des gestes simples en apparence, mais qui demandent une lucidit\u00e9 et une technique chirurgicale.<\/p>\n<\/p>\n<p>On retiendra aussi sa r\u00e9gularit\u00e9 : pas d\u2019explosion ponctuelle, mais un fil rouge tout au long de la saison. L\u2019ailier de 22 ans a r\u00e9pondu pr\u00e9sent dans les gros rendez-vous, et c\u2019est souvent l\u00e0 que les grands joueurs se distinguent.<\/p>\n<p>Avec une telle efficacit\u00e9, pas \u00e9tonnant que les supporters girondins et tricolores voient en lui un futur cadre pour de longues ann\u00e9es. Et si 2024\/2025 n\u2019\u00e9tait qu\u2019un amuse-bouche ? <strong>Les supporters tricolores esp\u00e8rent qu&rsquo;il poursuivra sur sa lanc\u00e9e jusqu&rsquo;en 2027 voire au-del\u00e0.<a class=\"inserer_lien_article\" href=\"https:\/\/www.lerugbynistere.fr\/news\/top-14-fatigue-rince-mais-heureux-louis-bielle-biarrey-ubb-se-confie-sur-sa-fin-de-saison-0707251255.php\" data-id=\"45486\" data-route=\"app.article\" data-param=\"articleId\" ui-sref=\"app.article({articleId: 45486})\" alt=\"Top 14. &#039;&#039;Fatigu\u00e9, rinc\u00e9&#039;&#039;, mais heureux : Louis Bielle-Biarrey (UBB) se confie sur sa fin de saison\" title=\"Top 14. &#039;&#039;Fatigu\u00e9, rinc\u00e9&#039;&#039;, mais heureux : Louis Bielle-Biarrey (UBB) se confie sur sa fin de saison\" rel=\"nofollow noopener\" target=\"_blank\"><img decoding=\"async\" src=\"https:\/\/www.europesays.com\/fr\/wp-content\/uploads\/2025\/07\/louis-bielle-biarrey-sante-07-07-25-6091.jpg\" alt=\"Top 14. ''Fatigu\u00e9, rinc\u00e9'', mais heureux : Louis Bielle-Biarrey (UBB) se confie sur sa fin de saison\"\/>Top 14. \u00a0\u00bbFatigu\u00e9, rinc\u00e9\u00a0\u00bb, mais heureux : Louis Bielle-Biarrey (UBB) se confie sur sa fin de saison<\/a><br \/><\/strong><\/p>\n","protected":false},"excerpt":{"rendered":"13 essais et une saison XXL On savait qu\u2019il avait des cannes de feu. Mais cette saison 2024\/2025,&hellip;\n","protected":false},"author":2,"featured_media":321682,"comment_status":"","ping_status":"","sticky":false,"template":"","format":"standard","meta":{"footnotes":""},"categories":[1416],"tags":[1011,27,479,1468,60],"class_list":{"0":"post-321681","1":"post","2":"type-post","3":"status-publish","4":"format-standard","5":"has-post-thumbnail","7":"category-rugby","8":"tag-fr","9":"tag-france","10":"tag-rugby","11":"tag-rugby-football","12":"tag-sports"},"share_on_mastodon":{"url":"https:\/\/pubeurope.com\/@fr\/115035211409669309","error":""},"_links":{"self":[{"href":"https:\/\/www.europesays.com\/fr\/wp-json\/wp\/v2\/posts\/321681","targetHints":{"allow":["GET"]}}],"collection":[{"href":"https:\/\/www.europesays.com\/fr\/wp-json\/wp\/v2\/posts"}],"about":[{"href":"https:\/\/www.europesays.com\/fr\/wp-json\/wp\/v2\/types\/post"}],"author":[{"embeddable":true,"href":"https:\/\/www.europesays.com\/fr\/wp-json\/wp\/v2\/users\/2"}],"replies":[{"embeddable":true,"href":"https:\/\/www.europesays.com\/fr\/wp-json\/wp\/v2\/comments?post=321681"}],"version-history":[{"count":0,"href":"https:\/\/www.europesays.com\/fr\/wp-json\/wp\/v2\/posts\/321681\/revisions"}],"wp:featuredmedia":[{"embeddable":true,"href":"https:\/\/www.europesays.com\/fr\/wp-json\/wp\/v2\/media\/321682"}],"wp:attachment":[{"href":"https:\/\/www.europesays.com\/fr\/wp-json\/wp\/v2\/media?parent=321681"}],"wp:term":[{"taxonomy":"category","embeddable":true,"href":"https:\/\/www.europesays.com\/fr\/wp-json\/wp\/v2\/categories?post=321681"},{"taxonomy":"post_tag","embeddable":true,"href":"https:\/\/www.europesays.com\/fr\/wp-json\/wp\/v2\/tags?post=321681"}],"curies":[{"name":"wp","href":"https:\/\/api.w.org\/{rel}","templated":true}]}}