{"id":321687,"date":"2025-08-15T22:49:11","date_gmt":"2025-08-15T22:49:11","guid":{"rendered":"https:\/\/www.europesays.com\/fr\/321687\/"},"modified":"2025-08-15T22:49:11","modified_gmt":"2025-08-15T22:49:11","slug":"alcaraz-au-rendez-vous-des-demi-finales-a-cincinnati","status":"publish","type":"post","link":"https:\/\/www.europesays.com\/fr\/321687\/","title":{"rendered":"Alcaraz au rendez-vous des demi-finales \u00e0 Cincinnati"},"content":{"rendered":"<p>L\u2019Espagnol a \u00e9limin\u00e9 Andrey Rublev en trois sets (6-3, 4-6, 7-5) ce vendredi et se retrouve en demi-finale.<\/p>\n<p class=\"fig-paragraph\"><a href=\"http:\/\/www.lefigaro.fr\/sports\/tennis\/wimbledon\/wimbledon-sinner-alcaraz-une-belle-rivalite-partie-pour-durer-20250714\" data-fig-type=\"Article\" data-gtm-custom-categorie=\"navigation\" data-gtm-custom-action=\"crossclick\" data-gtm-custom-label=\"Contextuel\" data-gtm-event=\"customEventSPE\" data-fig-domain=\"LEFIGARO\" target=\"_blank\" rel=\"noopener\">Carlos Alcaraz<\/a>\u00a0s&rsquo;est qualifi\u00e9 pour les demi-finales du Masters 1000 de Cincinnati en battant vendredi Andrey Rublev en trois sets 6-3, 4-6, 7-5. L&rsquo;Espagnol affrontera pour une place en finale le vainqueur du match entre l&rsquo;Am\u00e9ricain Ben Shelton et l&rsquo;Allemand Alexander Zverev, pr\u00e9vu plus tard vendredi.<\/p>\n<p class=\"fig-paragraph\">La premi\u00e8re demi-finale opposera le Fran\u00e7ais\u00a0<a href=\"http:\/\/www.lefigaro.fr\/sports\/tennis\/158-de-qi-nadal-pokemon-6-choses-a-savoir-sur-terence-atmane-nouvelle-sensation-du-tennis-francais-20250814\" data-fig-type=\"NewsFlash\" data-gtm-custom-categorie=\"navigation\" data-gtm-custom-action=\"crossclick\" data-gtm-custom-label=\"Contextuel\" data-gtm-event=\"customEventSPE\" data-fig-domain=\"LEFIGARO\" target=\"_blank\" rel=\"noopener\">T\u00e9rence Atmane<\/a>, \u00e9norme surprise du tournoi, au N.1 mondial, l&rsquo;Italien Jannik Sinner, tenant du titre. Rublev a tenu t\u00eate \u00e0 Alcaraz mais a craqu\u00e9 dans le dernier jeu, commettant deux doubles fautes, dont une sur la balle de match, et une grosse erreur de revers.<\/p>\n<p>                                    <a class=\"fig-a11y-skip a11y-hidden\" href=\"#fig-a11y-skip-main-inarticle\"><br \/>\n        Passer la publicit\u00e9<br \/>\n    <\/a><\/p>\n<p class=\"fig-paragraph\">Le N.2 mondial avait servi pour le match \u00e0 5-3 mais le Russe (11e) avait r\u00e9ussi \u00e0 d\u00e9breaker. C&rsquo;est le deuxi\u00e8me set perdu \u00e0 Cincinnati par Alcaraz, qui en avait d\u00e9j\u00e0 c\u00e9d\u00e9 un au Bosnien Damir Dzumhur lors de son entr\u00e9e en lice.<\/p>\n","protected":false},"excerpt":{"rendered":"L\u2019Espagnol a \u00e9limin\u00e9 Andrey Rublev en trois sets (6-3, 4-6, 7-5) ce vendredi et se retrouve en demi-finale.&hellip;\n","protected":false},"author":2,"featured_media":321688,"comment_status":"","ping_status":"","sticky":false,"template":"","format":"standard","meta":{"footnotes":""},"categories":[1412],"tags":[10746,4169,7779,1451,1452,1453,1454,1455,1011,27,60],"class_list":{"0":"post-321687","1":"post","2":"type-post","3":"status-publish","4":"format-standard","5":"has-post-thumbnail","7":"category-f1","8":"tag-andrey-rublev","9":"tag-atp","10":"tag-carlos-alcaraz","11":"tag-f1","12":"tag-formula-1","13":"tag-formula1","14":"tag-formule-1","15":"tag-formule1","16":"tag-fr","17":"tag-france","18":"tag-sports"},"share_on_mastodon":{"url":"https:\/\/pubeurope.com\/@fr\/115035226984648397","error":""},"_links":{"self":[{"href":"https:\/\/www.europesays.com\/fr\/wp-json\/wp\/v2\/posts\/321687","targetHints":{"allow":["GET"]}}],"collection":[{"href":"https:\/\/www.europesays.com\/fr\/wp-json\/wp\/v2\/posts"}],"about":[{"href":"https:\/\/www.europesays.com\/fr\/wp-json\/wp\/v2\/types\/post"}],"author":[{"embeddable":true,"href":"https:\/\/www.europesays.com\/fr\/wp-json\/wp\/v2\/users\/2"}],"replies":[{"embeddable":true,"href":"https:\/\/www.europesays.com\/fr\/wp-json\/wp\/v2\/comments?post=321687"}],"version-history":[{"count":0,"href":"https:\/\/www.europesays.com\/fr\/wp-json\/wp\/v2\/posts\/321687\/revisions"}],"wp:featuredmedia":[{"embeddable":true,"href":"https:\/\/www.europesays.com\/fr\/wp-json\/wp\/v2\/media\/321688"}],"wp:attachment":[{"href":"https:\/\/www.europesays.com\/fr\/wp-json\/wp\/v2\/media?parent=321687"}],"wp:term":[{"taxonomy":"category","embeddable":true,"href":"https:\/\/www.europesays.com\/fr\/wp-json\/wp\/v2\/categories?post=321687"},{"taxonomy":"post_tag","embeddable":true,"href":"https:\/\/www.europesays.com\/fr\/wp-json\/wp\/v2\/tags?post=321687"}],"curies":[{"name":"wp","href":"https:\/\/api.w.org\/{rel}","templated":true}]}}