{"id":321694,"date":"2025-08-15T22:53:12","date_gmt":"2025-08-15T22:53:12","guid":{"rendered":"https:\/\/www.europesays.com\/fr\/321694\/"},"modified":"2025-08-15T22:53:12","modified_gmt":"2025-08-15T22:53:12","slug":"un-appel-aux-corses-pour-enrichir-une-exposition-sur-la-vie-du-peintre-maurice-utrillo","status":"publish","type":"post","link":"https:\/\/www.europesays.com\/fr\/321694\/","title":{"rendered":"Un appel aux Corses pour enrichir une exposition sur la vie du peintre Maurice Utrillo"},"content":{"rendered":"<p>\u00ab\u00a0Je partis vers la fin de cette ann\u00e9e 1913 vers une destination lointaine et exotique. J&rsquo;avais jet\u00e9 mon d\u00e9volu sur la Corse, pays sauvage et aride.\u00a0\u00bb* Le peintre <a href=\"https:\/\/www.corsematin.com\/article\/culture-loisirs\/12542724197457\/ajaccio-le-musee-fesch-enrichit-sa-collection-corse\" target=\"_blank\" rel=\"noopener\">Maurice Utrillo accoste ainsi \u00e0 Ajaccio<\/a> et de l\u00e0, rejoint Belgod\u00e8re, \u00ab\u00a0o\u00f9 il prend pension chez Monsieur Bernet qui loue des chambres, croit savoir Pamela de Montleau. De l\u00e0, il fera de fr\u00e9quentes balades dans le Cortenais, le Nebbiu, la Castagniccia\u2026\u00a0\u00bb<\/p>\n<p><strong>Passionn\u00e9e d&rsquo;art et enqu\u00eatrice dans l&rsquo;\u00e2me<\/strong>, cette Charentaise aime surtout les petites histoires qui se cachent dans la grande. Aujourd&rsquo;hui employ\u00e9e par une maison d&rsquo;\u00e9dition sp\u00e9cialis\u00e9e dans les guides de voyage, elle a crois\u00e9 Maurice Utrillo un peu par hasard, au d\u00e9but de cette ann\u00e9e\u00a0: \u00ab\u00a0Je suis \u00e0 Paris, je rentre d&rsquo;une r\u00e9union et je re\u00e7ois le texto d&rsquo;un ami, Philippe Cassereau, qui me propose d&rsquo;aller voir une exposition de Suzanne Valadon, la m\u00e8re d&rsquo;Utrillo. Lui-m\u00eame a \u00e9pous\u00e9 une Charentaise et v\u00e9cu \u00e0 Angoul\u00eame o\u00f9 il s&rsquo;y est mari\u00e9, il a peint la r\u00e9gion, les remparts de la ville, les \u00e9glises\u2026 L&rsquo;id\u00e9e de cr\u00e9er une exposition autour de sa peinture est venue comme \u00e7a.\u00a0\u00bb<\/p>\n<p>Utrillo s&rsquo;installe \u00e0 Belgod\u00e8re et se prom\u00e8ne souvent dans le Nebbiu ou \u00e0 Corte<\/p>\n<p>L&rsquo;attachement au territoire de Pamela de Montleau r\u00e9sonne comme un \u00e9cho \u00e0 celui du peintre qui, un si\u00e8cle plus t\u00f4t, a aim\u00e9 repr\u00e9senter des petits bouts de France que beaucoup ne voyaient pas\u00a0: \u00ab\u00a0C&rsquo;\u00e9tait une occasion de mettre en avant notre territoire.\u00a0\u00bb Mais hors de question pour autant, de s&rsquo;arr\u00eater l\u00e0\u00a0: \u00ab\u00a0Utrillo a beaucoup peint Montmartre, et il est surtout connu pour \u00e7a, mais il a aussi boug\u00e9, et il peignait beaucoup d&rsquo;apr\u00e8s des cartes postales. <strong>Ce peintre mondialement connu<\/strong> est aussi celui des r\u00e9gions, des \u00e9glises paum\u00e9es et je reste persuad\u00e9e que gr\u00e2ce \u00e0 lui, on pourrait mettre en valeur des territoires un peu oubli\u00e9s, inconnus ou insolites.\u00a0\u00bb<\/p>\n","protected":false},"excerpt":{"rendered":"\u00ab\u00a0Je partis vers la fin de cette ann\u00e9e 1913 vers une destination lointaine et exotique. J&rsquo;avais jet\u00e9 mon&hellip;\n","protected":false},"author":2,"featured_media":321695,"comment_status":"","ping_status":"","sticky":false,"template":"","format":"standard","meta":{"footnotes":""},"categories":[1358],"tags":[17,7431,1348,1384,1385,1007,13644,1687,1386,58,45943,59,3293,1011,27,471,96],"class_list":{"0":"post-321694","1":"post","2":"type-post","3":"status-publish","4":"format-standard","5":"has-post-thumbnail","7":"category-arts-et-design","8":"tag-17","9":"tag-appel","10":"tag-arts","11":"tag-arts-and-design","12":"tag-arts-et-design","13":"tag-aux","14":"tag-corses","15":"tag-culture-loisirs","16":"tag-design","17":"tag-divertissement","18":"tag-enrichir","19":"tag-entertainment","20":"tag-exposition","21":"tag-fr","22":"tag-france","23":"tag-pour","24":"tag-une"},"share_on_mastodon":{"url":"https:\/\/pubeurope.com\/@fr\/115035242765091018","error":""},"_links":{"self":[{"href":"https:\/\/www.europesays.com\/fr\/wp-json\/wp\/v2\/posts\/321694","targetHints":{"allow":["GET"]}}],"collection":[{"href":"https:\/\/www.europesays.com\/fr\/wp-json\/wp\/v2\/posts"}],"about":[{"href":"https:\/\/www.europesays.com\/fr\/wp-json\/wp\/v2\/types\/post"}],"author":[{"embeddable":true,"href":"https:\/\/www.europesays.com\/fr\/wp-json\/wp\/v2\/users\/2"}],"replies":[{"embeddable":true,"href":"https:\/\/www.europesays.com\/fr\/wp-json\/wp\/v2\/comments?post=321694"}],"version-history":[{"count":0,"href":"https:\/\/www.europesays.com\/fr\/wp-json\/wp\/v2\/posts\/321694\/revisions"}],"wp:featuredmedia":[{"embeddable":true,"href":"https:\/\/www.europesays.com\/fr\/wp-json\/wp\/v2\/media\/321695"}],"wp:attachment":[{"href":"https:\/\/www.europesays.com\/fr\/wp-json\/wp\/v2\/media?parent=321694"}],"wp:term":[{"taxonomy":"category","embeddable":true,"href":"https:\/\/www.europesays.com\/fr\/wp-json\/wp\/v2\/categories?post=321694"},{"taxonomy":"post_tag","embeddable":true,"href":"https:\/\/www.europesays.com\/fr\/wp-json\/wp\/v2\/tags?post=321694"}],"curies":[{"name":"wp","href":"https:\/\/api.w.org\/{rel}","templated":true}]}}