{"id":321712,"date":"2025-08-15T23:02:07","date_gmt":"2025-08-15T23:02:07","guid":{"rendered":"https:\/\/www.europesays.com\/fr\/321712\/"},"modified":"2025-08-15T23:02:07","modified_gmt":"2025-08-15T23:02:07","slug":"les-pleurs-dun-bebe-sement-le-chaos-et-declenchent-une-bagarre-dans-un-avion-londres-lisbonne-le-parisien","status":"publish","type":"post","link":"https:\/\/www.europesays.com\/fr\/321712\/","title":{"rendered":"Les pleurs d\u2019un b\u00e9b\u00e9 s\u00e8ment le chaos et d\u00e9clenchent une bagarre dans un avion Londres-Lisbonne &#8211; Le Parisien"},"content":{"rendered":"<ol>\n<li><a href=\"https:\/\/news.google.com\/rss\/articles\/CBMi_gFBVV95cUxQZTZUanVETk9mT2xFNDNLQnJ1U1J3WnM5MXBRQl9NN290S1JId19sUnR6VzV6LUJoZUp3NThNcXVveUJGUEJmN1VxV0d6cVZUVEl0ZkdHQVEtYU1DdmJheE9VSlFaUy1FOXVMNHplSENYOVV5V2JabkRRUDJJYUhwMlFYTFI2dE9uLVpVMXJTWVpPZnpvdGVrRlZWb3RqYVRKOW55dURtWldqdlktZFpqcTF2Rkhxa0xvYUhNMjdxNkVGSU9uZzdZbjUtT1BnMmFVbmIxS1BUbGk4NlNMVGJWeVhYakxNVS0tRmRoSTZQRmVMMWhpOGt1SC1QUGZ5UQ?oc=5\" target=\"_blank\" rel=\"nofollow noopener\">Les pleurs d\u2019un b\u00e9b\u00e9 s\u00e8ment le chaos et d\u00e9clenchent une bagarre dans un avion Londres-Lisbonne<\/a>&nbsp;&nbsp;Le Parisien<\/li>\n<li><a href=\"https:\/\/news.google.com\/rss\/articles\/CBMizgFBVV95cUxORG44Ny1CMjdheExmd2MxMkxtN2F1R2pUbmxSOFVFVUpTeHdpZXBwZ1EzdGN3UmZZcFpQc1J6TnF5ZjBBVTlLZUp4TUs2a1NYR3JlVWdhaHE3eVI0QnFVUjhvdGdKZ1FOMjZUOGZMNlRjQkRkYi0tdkpTVEtqVVg3ZmRWVDl3akhfR1pVWDJUZlJVUzg4SGlkbmpNMGtOM3pISE81ZTBPUmVKZl9GOS1VaGwwZGxkeXRReG52Z045X0tieWNfcDhuWG9TNnREUQ?oc=5\" target=\"_blank\" rel=\"nofollow noopener\">Une bagarre \u00e9clate dans un avion Londres-Lisbonne \u00e0 cause des pleurs d\u2019un b\u00e9b\u00e9<\/a>&nbsp;&nbsp;Portail Orange<\/li>\n<li><a href=\"https:\/\/news.google.com\/rss\/articles\/CBMijAJBVV95cUxOTjE0Y3l4LVN4RlMyTkhvRjMweEhMMmVuOE8zVzduUDdhRWNwRWU0QzVXemlQaGJlOG5SMlc2VnA1a0NGcHpycU1ITWFjN18ycl9JcGQ3QVpPV0FHYl9EbGNwOVNxejh1ekJXS2w1MWdSNmpaNFhIS1hVNEZGbVJFQ3BOZWY0WUdybXpXZy1US2lSZXlVb3pxdVFITkZUeFZQMUNwNlRDeXFXNndTU2xhSkV0XzJFYWNSdWI3dFVSRV9KT0M0TDA0bzhSdUJtN3QtTDhCdjdwU3A1NHdHQ0xLWTgtV2FTUHBKSkhHdHpyVGZDM2dxX094aXZ2YllfMzFybXFmRnZSajRpcmo1?oc=5\" target=\"_blank\" rel=\"nofollow noopener\">Elle aurait \u00e9t\u00e9 d\u00e9clench\u00e9e par les pleurs d\u2019un b\u00e9b\u00e9 : une bagarre \u00e9clate entre deux passagers apr\u00e8s l\u2019atterrissage d\u2019un avion Ryanair<\/a>&nbsp;&nbsp;L&rsquo;Ind\u00e9pendant<\/li>\n<li><a href=\"https:\/\/news.google.com\/rss\/articles\/CBMivwFBVV95cUxOaENsaWlyMlVYV1hSSFh2TldFQzVTWE9lbDl2RV9ZUno3UFFfblpnQkF6ZkxjVXIwVVNQbXZRTjh5RHQwem1OQkMyZWIxdE5Md2hncnRQZngzR0dpN0NmOW43WHdQcFdWTmdBbkVyS1hXRG5ITGJSMUlsS0lVUEVHMnVFV05HdTNLQ3BhSXZpc1NrVnlSVTFrSnM0TXdzSXRRc3pKNXpmRlJoNDJDcW5mU3pzVHlyUUpmaUJSOG84Zw?oc=5\" target=\"_blank\" rel=\"nofollow noopener\">Chaos \u00e0 bord d\u2019un vol Ryanair : \u00ab des pleurs de b\u00e9b\u00e9 d\u00e9clenchent une bagarre \u00bb<\/a>&nbsp;&nbsp;Air Journal<\/li>\n<li><a href=\"https:\/\/news.google.com\/rss\/articles\/CBMiywFBVV95cUxPTkVQZlRCVk11OHRrTTcxQ2dRNVg4WkJXODJBUTZBamtobjQxSnVUUlR4N1NOelc4Q0ZhQkFPZERSTjlCdkN2ZmtYYUJ3R0stM2JvRmIwZVpJTFFDUkMtZkNLVGNGQ0FaR2JHM0tnaHVlUllWcU5mbVEwcUdvRHNldU0ydXdxRDY4ZnF5WmZ3bGthODJ4RXkwRW8tc3dENUVTaVYxMllkS2tmeHRWRUtQUzh0bFo0Y2w4MXc4UWUyUDRfUDQyNkUyWktJcw?oc=5\" target=\"_blank\" rel=\"nofollow noopener\">Les pleurs d\u2019un enfant provoquent un incident grave sur un vol Ryanair : \u00ab L\u2019appareil a \u00e9t\u00e9 accueilli par la police locale et ces passagers ont \u00e9t\u00e9 d\u00e9barqu\u00e9s \u00bb (vid\u00e9o)<\/a>&nbsp;&nbsp;Sudinfo<\/li>\n<\/ol>\n","protected":false},"excerpt":{"rendered":"Les pleurs d\u2019un b\u00e9b\u00e9 s\u00e8ment le chaos et d\u00e9clenchent une bagarre dans un avion Londres-Lisbonne&nbsp;&nbsp;Le Parisien Une bagarre&hellip;\n","protected":false},"author":2,"featured_media":1445,"comment_status":"","ping_status":"","sticky":false,"template":"","format":"standard","meta":{"footnotes":""},"categories":[6],"tags":[35,33,34,1011,27],"class_list":{"0":"post-321712","1":"post","2":"type-post","3":"status-publish","4":"format-standard","5":"has-post-thumbnail","7":"category-economie","8":"tag-business","9":"tag-economie","10":"tag-economy","11":"tag-fr","12":"tag-france"},"share_on_mastodon":{"url":"https:\/\/pubeurope.com\/@fr\/115035278133179056","error":""},"_links":{"self":[{"href":"https:\/\/www.europesays.com\/fr\/wp-json\/wp\/v2\/posts\/321712","targetHints":{"allow":["GET"]}}],"collection":[{"href":"https:\/\/www.europesays.com\/fr\/wp-json\/wp\/v2\/posts"}],"about":[{"href":"https:\/\/www.europesays.com\/fr\/wp-json\/wp\/v2\/types\/post"}],"author":[{"embeddable":true,"href":"https:\/\/www.europesays.com\/fr\/wp-json\/wp\/v2\/users\/2"}],"replies":[{"embeddable":true,"href":"https:\/\/www.europesays.com\/fr\/wp-json\/wp\/v2\/comments?post=321712"}],"version-history":[{"count":0,"href":"https:\/\/www.europesays.com\/fr\/wp-json\/wp\/v2\/posts\/321712\/revisions"}],"wp:featuredmedia":[{"embeddable":true,"href":"https:\/\/www.europesays.com\/fr\/wp-json\/wp\/v2\/media\/1445"}],"wp:attachment":[{"href":"https:\/\/www.europesays.com\/fr\/wp-json\/wp\/v2\/media?parent=321712"}],"wp:term":[{"taxonomy":"category","embeddable":true,"href":"https:\/\/www.europesays.com\/fr\/wp-json\/wp\/v2\/categories?post=321712"},{"taxonomy":"post_tag","embeddable":true,"href":"https:\/\/www.europesays.com\/fr\/wp-json\/wp\/v2\/tags?post=321712"}],"curies":[{"name":"wp","href":"https:\/\/api.w.org\/{rel}","templated":true}]}}