{"id":321721,"date":"2025-08-15T23:08:25","date_gmt":"2025-08-15T23:08:25","guid":{"rendered":"https:\/\/www.europesays.com\/fr\/321721\/"},"modified":"2025-08-15T23:08:25","modified_gmt":"2025-08-15T23:08:25","slug":"les-secrets-de-la-castine-et-la-cite-daffrique","status":"publish","type":"post","link":"https:\/\/www.europesays.com\/fr\/321721\/","title":{"rendered":"les secrets de la Castine et la cit\u00e9 d\u2019Affrique"},"content":{"rendered":"<p>Destination Nancy propose une balade guid\u00e9e familiale de 2,5\u00a0km, sans d\u00e9nivel\u00e9, ponctu\u00e9e de bornes p\u00e9dagogiques. Vous y d\u00e9couvrirez les particularit\u00e9s du site de la Castine\u00a0: son histoire li\u00e9e aux anciennes mines de Ludres, ainsi que sa faune et sa flore. La visite se poursuivra vers le site arch\u00e9ologique de la cit\u00e9 d\u2019Affrique, un ancien habitat fortifi\u00e9 de hauteur, datant du Ve\u00a0si\u00e8cle avant J\u00e9sus-Christ. Pr\u00e9voir de bonnes chaussures de marche et une bouteille d\u2019eau.<\/p>\n<p class=\"note\">Mercredi 20\u00a0ao\u00fbt, \u00e0 14\u00a0h\u00a030, Maison des loisirs, parking plateau, \u00e0 Ludres. Tarif\u00a0: 5\u00a0\u20ac. R\u00e9servations au 03\u00a083\u00a035\u00a080\u00a010.<\/p>\n","protected":false},"excerpt":{"rendered":"Destination Nancy propose une balade guid\u00e9e familiale de 2,5\u00a0km, sans d\u00e9nivel\u00e9, ponctu\u00e9e de bornes p\u00e9dagogiques. Vous y d\u00e9couvrirez&hellip;\n","protected":false},"author":2,"featured_media":321722,"comment_status":"","ping_status":"","sticky":false,"template":"","format":"standard","meta":{"footnotes":""},"categories":[9635],"tags":[1111,11,7782,1687,1704,1777,674,1011,27,775,11413,9649,1702,12,25],"class_list":{"0":"post-321721","1":"post","2":"type-post","3":"status-publish","4":"format-standard","5":"has-post-thumbnail","7":"category-nancy","8":"tag-actu","9":"tag-actualites","10":"tag-balades-et-randonnees","11":"tag-culture-loisirs","12":"tag-edition-nancy-et-agglomeration","13":"tag-eu","14":"tag-europe","15":"tag-fr","16":"tag-france","17":"tag-grand-est","18":"tag-ludres","19":"tag-metropole-du-grand-nancy-54b2","20":"tag-nancy","21":"tag-news","22":"tag-republique-francaise"},"share_on_mastodon":{"url":"https:\/\/pubeurope.com\/@fr\/115035301662730554","error":""},"_links":{"self":[{"href":"https:\/\/www.europesays.com\/fr\/wp-json\/wp\/v2\/posts\/321721","targetHints":{"allow":["GET"]}}],"collection":[{"href":"https:\/\/www.europesays.com\/fr\/wp-json\/wp\/v2\/posts"}],"about":[{"href":"https:\/\/www.europesays.com\/fr\/wp-json\/wp\/v2\/types\/post"}],"author":[{"embeddable":true,"href":"https:\/\/www.europesays.com\/fr\/wp-json\/wp\/v2\/users\/2"}],"replies":[{"embeddable":true,"href":"https:\/\/www.europesays.com\/fr\/wp-json\/wp\/v2\/comments?post=321721"}],"version-history":[{"count":0,"href":"https:\/\/www.europesays.com\/fr\/wp-json\/wp\/v2\/posts\/321721\/revisions"}],"wp:featuredmedia":[{"embeddable":true,"href":"https:\/\/www.europesays.com\/fr\/wp-json\/wp\/v2\/media\/321722"}],"wp:attachment":[{"href":"https:\/\/www.europesays.com\/fr\/wp-json\/wp\/v2\/media?parent=321721"}],"wp:term":[{"taxonomy":"category","embeddable":true,"href":"https:\/\/www.europesays.com\/fr\/wp-json\/wp\/v2\/categories?post=321721"},{"taxonomy":"post_tag","embeddable":true,"href":"https:\/\/www.europesays.com\/fr\/wp-json\/wp\/v2\/tags?post=321721"}],"curies":[{"name":"wp","href":"https:\/\/api.w.org\/{rel}","templated":true}]}}