{"id":321725,"date":"2025-08-15T23:10:23","date_gmt":"2025-08-15T23:10:23","guid":{"rendered":"https:\/\/www.europesays.com\/fr\/321725\/"},"modified":"2025-08-15T23:10:23","modified_gmt":"2025-08-15T23:10:23","slug":"lequilibre-essentiel-de-charlie-winston-sur-la-cote","status":"publish","type":"post","link":"https:\/\/www.europesays.com\/fr\/321725\/","title":{"rendered":"L'\u00a0\u00bb\u00e9quilibre essentiel\u00a0\u00bb de Charlie Winston sur la C\u00f4te"},"content":{"rendered":"<p>S\u2019il n\u2019arbore plus son chapeau trilby \u00e0 bord court, son veston en tweed (port\u00e9 sur une chemise blanche) lui donne toujours un petit c\u00f4t\u00e9 dandy so British&#8230; M\u00eame combin\u00e9 \u00e0 un bermuda rouge et des baskets bleues! Neuf ans d\u00e9j\u00e0 que Charlie Winston a fait le choix, comme il nous l\u2019explique dans un fran\u00e7ais quasi-impeccable, de s\u2019\u00e9tablir sur la French Riviera, \u00e0 Villeneuve-Loubet. Pour les beaux yeux d\u2019une Azur\u00e9enne originaire de Cagnes-sur-Mer devenue son \u00e9pouse et la m\u00e8re de leurs deux enfants, \u00e2g\u00e9s de 8 et 11 ans. \u00ab\u00a0Nous nous sommes rencontr\u00e9s en 2011 \u00e0 Los Angeles, rembobine-t-il, et pendant deux ans, elle m\u2019a suivi en tourn\u00e9e! Nous n\u2019avions pas d\u2019adresse fixe. On a v\u00e9cu ensuite un peu \u00e0 Paris, avant de nous installer dans une maison \u00e0 Londres. Constamment emplie d\u2019une bande de musiciens et d\u2019amis. Pas \u00e9vident pour la vie de famille. Et pour elle qui a grandi avec les montagnes, le soleil, la plage, c\u2019\u00e9tait difficile de vivre dans cette grisaille, tout en \u00e9tant confront\u00e9e \u00e0 une mentalit\u00e9 tr\u00e8s diff\u00e9rente.\u00a0\u00bb<\/p>\n<p>Son cercle d\u2019amis azur\u00e9ens<\/p>\n<p>Cap alors sur la C\u00f4te d\u2019Azur, o\u00f9 le hobo (vagabond en anglais) a enfin pos\u00e9 ses valises, et sa guitare, en 2016. Et a d\u00fb \u00e0 son tour s\u2019adapter: \u00ab\u00a0Cela m\u2019a pris un bon moment pour comprendre les diff\u00e9rences entre les deux cultures. Et \u00e0 pr\u00e9sent je suis tr\u00e8s content, parce j\u2019ai d\u00e9sormais mes propres amis ici, pas seulement ceux de ma femme. Cela m\u2019apporte un \u00e9quilibre essentiel, entre deux tourn\u00e9es. La seule chose qui me manque par rapport \u00e0 Londres ou une grande ville en g\u00e9n\u00e9ral, c\u2019est la cr\u00e9ativit\u00e9 musicale, le fait de pouvoir assister \u00e0 \u00e9norm\u00e9ment de concerts. Mais j\u2019ai fait un travail sur moi pour accepter que mon existence avait chang\u00e9, y compris de ce point de vue l\u00e0. La vie est un myst\u00e8re&#8230; On croit la contr\u00f4ler, mais il n\u2019en est rien!\u00a0\u00bb<\/p>\n<p>Son enfance dans une ambiance de f\u00eate permanente<\/p>\n<p>Et d\u2019ajouter: \u00ab\u00a0Quand on accepte \u00e7a, c\u2019est plus facile. Vous savez, j\u2019ai \u00e9t\u00e9 \u00e9lev\u00e9 dans l\u2019id\u00e9e de procurer de la joie autour de moi. Mes parents \u00e9tant chanteurs, j\u2019ai grandi dans un h\u00f4tel o\u00f9 il y avait toujours une ambiance tr\u00e8s festive, car il y avait deux salles de spectacle, deux restaurants, et deux bars. J\u2019assistais \u00e0 des mariages, des repr\u00e9sentations de th\u00e9\u00e2tre, des concerts et m\u00eame \u00e0 des spectacles de cabarets avec des danseuses de French Cancan, lors des soir\u00e9es \u00e0 th\u00e8me sur la France \u00e0 l\u2019occasion desquelles on mangeait des escargots et des cuisses de grenouilles.\u00a0\u00bb Un avant-go\u00fbt de sa vie de l\u2019autre c\u00f4t\u00e9 du Channel. Et une enfance atypique, une vie de \u00ab\u00a0saltimbanque\u00a0\u00bb tourn\u00e9e vers le public, qui explique sans doute sa propension et son aisance pour \u00e9tablir une connexion en acc\u00e9l\u00e9r\u00e9 avec celui-ci.<\/p>\n<p>Un nouvel opus fin 2025<\/p>\n<p>Comme on l\u2019a une fois de plus constat\u00e9 depuis le d\u00e9but de sa tourn\u00e9e, \u00e0 guichets ferm\u00e9s, qui le m\u00e8nera de nouveau par chez nous le 15 novembre \u00e0 la Seyne-sur-Mer. Multi-instrumentiste \u2013 guitare, basse, batterie, piano \u2013 tout comme ses musiciens, Charlie Winston a embarqu\u00e9 le public avec son \u00e9nergie g\u00e9n\u00e9reuse et ses m\u00e9lodies ent\u00eatantes, entre rythmes entra\u00eenants et ballades intimes. En attendant de nous faire d\u00e9couvrir, d\u2019ici \u00e0 la fin de l\u2019ann\u00e9e, son nouvel opus: Love isn\u2019t easy. Dont un premier single, Never enough, est sorti au mois de mai. Apr\u00e8s plus de deux ans pass\u00e9es sur les routes, Charlie Winston s\u2019est en effet replong\u00e9 en studio pour \u00e9crire son sixi\u00e8me album. Entour\u00e9 de Fran\u00e7ois Lasserre \u00e0 la guitare, Louis Sommer \u00e0 la basse et No\u00e9 Benita \u00e0 la batterie, Charlie nous a concoct\u00e9 ce voyage intime port\u00e9 par des grooves lumineux.<\/p>\n<p>L\u2019amour sous toutes ses formes<\/p>\n<p>Dans cet opus, cet artiste sensible explore l\u2019amour sous toutes ses formes: celui que l\u2019on partage, celui que l\u2019on construit, et celui, surtout, que l\u2019on apprend \u00e0 accorder \u00e0 soi-m\u00eame. \u00ab\u00a0Cet album raconte une histoire d\u2019amour. Pas une romance \u00e9ph\u00e9m\u00e8re, mais une relation profonde qui se construit lentement. Il \u00e9voque le d\u00e9but, le milieu et la fin potentielle de l\u2019histoire de deux personnes. Mais il parle aussi de l\u2019amour de soi. Apr\u00e8s tout, n\u2019est-ce pas l\u00e0 que se mesure la qualit\u00e9 de toutes les relations personnelles? Et y parvenir, cela demande beaucoup de patience et de courage. La facilit\u00e9, c\u2019est de se laisser aller \u00e0 des actions n\u00e9gatives dict\u00e9es par la peur.\u00a0\u00bb<\/p>\n<p><strong>Savoir+<\/strong><\/p>\n<p>Charlie Winston. Samedi 15 novembre \u00e0 20h30. Centre culturel Tisot. Tarif: 27,50 euros. Rens. 04.94.06.94.77. <a href=\"http:\/\/www.la-seyne.fr\" target=\"_blank\" rel=\"noopener nofollow\">www.la-seyne.fr<\/a><\/p>\n<p>              <img ci-src=\"https:\/\/www.nicematin.com\/culture\/protec\/DATA_ART_16065426-KM9VmoDn.png?vh=bf4683&amp;ci_seal=66f62e4948\" alt=\"\"\/><\/p>\n<p>Personnalit\u00e9 plus complexe qu\u2019on ne pourrait le supposer, Charlie Winston se d\u00e9voile plus qu\u2019il n\u2019y parait en chanson. La preuve, par trois titres.<\/p>\n<p>1) \u00ab\u00a0Exile\u00a0\u00bb (extraite de l\u2019album \u00ab\u00a0As I am\u00a0\u00bb, r\u00e9alis\u00e9 par Vianney en 2022)<\/p>\n<p>\u00ab\u00a0C\u2019est une chanson qui \u00e9voque trois choses dans ma vie. L\u2019exil d\u2019abord, lorsque je me suis \u00e9tabli sur la C\u00f4te d\u2019Azur avec ma femme, qui a grandi ici. C\u2019\u00e9tait aussi une forme d\u2019exil vis-\u00e0-vis de ma musique, parce que je suis beaucoup plus c\u00e9l\u00e8bre ici que je ne le suis en Angleterre. J\u2019ai un ami qui est venu me voir \u00e0 Roquebrune-sur-Argens, lorsque j\u2019y ai donn\u00e9 un concert. Il s\u2019attendait \u00e0 voir 500 personnes, il a \u00e9t\u00e9 \u00e9poustoufl\u00e9 d\u2019en voir des milliers! Cela a \u00e9t\u00e9 difficile pour moi de comprendre, de l\u00e2cher prise, de rompre d\u2019une certaine fa\u00e7on avec mon enfance. Maintenant c\u2019est fait, je suis devenu un expatri\u00e9. Dans ce morceau je confesse que je ne suis plus vraiment un sujet britannique, que je suis \u2018\u2018frenglish\u2019\u2019. Et je suis fier de parler votre langue, m\u00eame si c\u2019est facile pour moi, \u00e9tant donn\u00e9 que mon \u00e9pouse est fran\u00e7aise. Cette chanson parle, enfin, de mon succ\u00e8s dans une famille de musiciens, une autre forme d\u2019exil.\u00a0\u00bb<\/p>\n<p>2) \u00ab\u00a0Like a hobo\u00a0\u00bb (extraite de l\u2019album \u00ab\u00a0Make way\u00a0\u00bb, sorti en 2007)<\/p>\n<p>\u00ab\u00a0Souvent les gens me demandent si c\u2019est ennuyeux pour moi de chanter encore ce titre, alors que c\u2019est vraiment une chanson que je ne me suis jamais lass\u00e9 d\u2019interpr\u00e9ter. Et j\u2019en suis tr\u00e8s heureux. Tout comme Boxes, extraite du m\u00eame album, elle dit beaucoup de moi et de ma vie. De mes valeurs, celles qui m\u2019ont \u00e9t\u00e9 transmises par mes parents. \u00c0 commencer par la t\u00e9nacit\u00e9.\u00a0\u00bb<\/p>\n<p>3) \u00ab\u00a0Uncounscious\u00a0\u00bb (\u00ab\u00a0As I am\u00a0\u00bb)<\/p>\n<p>\u00ab\u00a0Cette chanson \u00e9voque ce qui a vraiment \u00e9t\u00e9 un miracle dans ma vie, une renaissance. En 2016, j\u2019ai quitt\u00e9 la musique. Je ne pouvais plus envisager de retourner sur sc\u00e8ne avec toutes les douleurs terribles dans le dos que j\u2019ai \u00e9prouv\u00e9es durant les tourn\u00e9es. J\u2019ai tout essay\u00e9 pour r\u00e9soudre ce probl\u00e8me, les m\u00e9dicaments, les massages, le yoga. Mais en fait le probl\u00e8me n\u2019\u00e9tait pas dans mon corps, c\u2019\u00e9tait dans ma vie, c\u2019\u00e9tait dans ma t\u00eate, dans mes traumatismes. Comme cela arrive \u00e0 chacun de nous au moins une fois dans sa vie d\u2019avoir un probl\u00e8me psychosomatique. En particulier au milieu de sa vie, parce qu\u2019il y a beaucoup plus de responsabilit\u00e9s. Et j\u2019ai surmont\u00e9 la douleur gr\u00e2ce \u00e0 une m\u00e9thode qui consiste \u00e0 remonter aux origines \u00e9motionnelles de celle-ci pour mieux s\u2019en lib\u00e9rer.\u00a0\u00bb<\/p>\n","protected":false},"excerpt":{"rendered":"S\u2019il n\u2019arbore plus son chapeau trilby \u00e0 bord court, son veston en tweed (port\u00e9 sur une chemise blanche)&hellip;\n","protected":false},"author":2,"featured_media":321726,"comment_status":"","ping_status":"","sticky":false,"template":"","format":"standard","meta":{"footnotes":""},"categories":[9619],"tags":[1111,11,251,1777,674,1011,27,12,882,25,2310],"class_list":{"0":"post-321725","1":"post","2":"type-post","3":"status-publish","4":"format-standard","5":"has-post-thumbnail","7":"category-toulon","8":"tag-actu","9":"tag-actualites","10":"tag-culture","11":"tag-eu","12":"tag-europe","13":"tag-fr","14":"tag-france","15":"tag-news","16":"tag-provence-alpes-cote-dazur","17":"tag-republique-francaise","18":"tag-toulon"},"share_on_mastodon":{"url":"https:\/\/pubeurope.com\/@fr\/115035309544354136","error":""},"_links":{"self":[{"href":"https:\/\/www.europesays.com\/fr\/wp-json\/wp\/v2\/posts\/321725","targetHints":{"allow":["GET"]}}],"collection":[{"href":"https:\/\/www.europesays.com\/fr\/wp-json\/wp\/v2\/posts"}],"about":[{"href":"https:\/\/www.europesays.com\/fr\/wp-json\/wp\/v2\/types\/post"}],"author":[{"embeddable":true,"href":"https:\/\/www.europesays.com\/fr\/wp-json\/wp\/v2\/users\/2"}],"replies":[{"embeddable":true,"href":"https:\/\/www.europesays.com\/fr\/wp-json\/wp\/v2\/comments?post=321725"}],"version-history":[{"count":0,"href":"https:\/\/www.europesays.com\/fr\/wp-json\/wp\/v2\/posts\/321725\/revisions"}],"wp:featuredmedia":[{"embeddable":true,"href":"https:\/\/www.europesays.com\/fr\/wp-json\/wp\/v2\/media\/321726"}],"wp:attachment":[{"href":"https:\/\/www.europesays.com\/fr\/wp-json\/wp\/v2\/media?parent=321725"}],"wp:term":[{"taxonomy":"category","embeddable":true,"href":"https:\/\/www.europesays.com\/fr\/wp-json\/wp\/v2\/categories?post=321725"},{"taxonomy":"post_tag","embeddable":true,"href":"https:\/\/www.europesays.com\/fr\/wp-json\/wp\/v2\/tags?post=321725"}],"curies":[{"name":"wp","href":"https:\/\/api.w.org\/{rel}","templated":true}]}}