{"id":321727,"date":"2025-08-15T23:11:09","date_gmt":"2025-08-15T23:11:09","guid":{"rendered":"https:\/\/www.europesays.com\/fr\/321727\/"},"modified":"2025-08-15T23:11:09","modified_gmt":"2025-08-15T23:11:09","slug":"lex-candidat-a-la-mairie-eddie-goujit-mis-en-examen-pour-usurpation-et-escroqueries","status":"publish","type":"post","link":"https:\/\/www.europesays.com\/fr\/321727\/","title":{"rendered":"l\u2019ex-candidat \u00e0 la mairie Eddie Goujit mis en examen pour usurpation et escroqueries"},"content":{"rendered":"\n<p>Recherch\u00e9 par la police depuis plusieurs mois, l\u2019ex-candidat fantasque \u00e0 la mairie de Toulon, Eddie Goujit, a \u00e9t\u00e9 mis en examen, mercredi 13\u00a0ao\u00fbt, des chefs de faux et usage de faux, usurpation de titres, tentatives d\u2019escroqueries, escroqueries et vols, commis entre f\u00e9vrier\u00a02023 et juillet\u00a02025. Plusieurs plaintes avaient \u00e9t\u00e9 d\u00e9pos\u00e9es.<\/p>\n<p>Apr\u00e8s son passage en garde au commissariat central de Toulon, le jeune homme de 18\u00a0ans, pr\u00e9sum\u00e9 innocent, a \u00e9t\u00e9 plac\u00e9 en d\u00e9tention provisoire par le juge des libert\u00e9s et de la d\u00e9tention.<\/p>\n<p>Var Matin r\u00e9v\u00e8le qu\u2019Eddie Goujit est accus\u00e9 notamment de s\u2019\u00eatre fait passer pour un \u00e9lu de la R\u00e9gion, un collaborateur de la maire de Toulon Jos\u00e9e Massi (SE), le fils du s\u00e9nateur (LR) Michel Bonnus ou encore le petit-fils de l\u2019ancien premier magistrat du Port du Levant Hubert Falco (DVD).<\/p>\n<p>Parmi les diverses frasques reproch\u00e9es, il y a entre autres la remise d\u2019un faux ch\u00e8que g\u00e9ant de 175\u00a0000\u00a0euros et d\u2019une fausse m\u00e9daille de l\u2019Ordre national du M\u00e9rite \u00e0 l\u2019organisateur d\u2019un concours de beaut\u00e9, en laissant croire \u00e0 un financement officiel de la R\u00e9gion.<\/p>\n<p> Saisonnier dans un camping en Ard\u00e8che\n              <\/p>\n<p>En r\u00e9alit\u00e9, l\u2019ex-candidat \u00e0 la mairie de Toulon travaillait en tant que saisonnier dans un camping en Ard\u00e8che, o\u00f9 il aurait une nouvelle fois tromp\u00e9 son monde pour mieux l\u2019arnaquer.<\/p>\n<p>Il a \u00e9t\u00e9 appr\u00e9hend\u00e9, lundi, par les gendarmes \u00e0 Bourg-Saint-And\u00e9ol, en Ard\u00e8che, sur commission rogatoire d\u2019un juge d\u2019instruction toulonnais.<\/p>\n","protected":false},"excerpt":{"rendered":"Recherch\u00e9 par la police depuis plusieurs mois, l\u2019ex-candidat fantasque \u00e0 la mairie de Toulon, Eddie Goujit, a \u00e9t\u00e9&hellip;\n","protected":false},"author":2,"featured_media":321728,"comment_status":"","ping_status":"","sticky":false,"template":"","format":"standard","meta":{"footnotes":""},"categories":[9619],"tags":[1111,11,3513,1777,674,1011,27,12,882,25,2310],"class_list":{"0":"post-321727","1":"post","2":"type-post","3":"status-publish","4":"format-standard","5":"has-post-thumbnail","7":"category-toulon","8":"tag-actu","9":"tag-actualites","10":"tag-escroquerie","11":"tag-eu","12":"tag-europe","13":"tag-fr","14":"tag-france","15":"tag-news","16":"tag-provence-alpes-cote-dazur","17":"tag-republique-francaise","18":"tag-toulon"},"share_on_mastodon":{"url":"https:\/\/pubeurope.com\/@fr\/115035313505416086","error":""},"_links":{"self":[{"href":"https:\/\/www.europesays.com\/fr\/wp-json\/wp\/v2\/posts\/321727","targetHints":{"allow":["GET"]}}],"collection":[{"href":"https:\/\/www.europesays.com\/fr\/wp-json\/wp\/v2\/posts"}],"about":[{"href":"https:\/\/www.europesays.com\/fr\/wp-json\/wp\/v2\/types\/post"}],"author":[{"embeddable":true,"href":"https:\/\/www.europesays.com\/fr\/wp-json\/wp\/v2\/users\/2"}],"replies":[{"embeddable":true,"href":"https:\/\/www.europesays.com\/fr\/wp-json\/wp\/v2\/comments?post=321727"}],"version-history":[{"count":0,"href":"https:\/\/www.europesays.com\/fr\/wp-json\/wp\/v2\/posts\/321727\/revisions"}],"wp:featuredmedia":[{"embeddable":true,"href":"https:\/\/www.europesays.com\/fr\/wp-json\/wp\/v2\/media\/321728"}],"wp:attachment":[{"href":"https:\/\/www.europesays.com\/fr\/wp-json\/wp\/v2\/media?parent=321727"}],"wp:term":[{"taxonomy":"category","embeddable":true,"href":"https:\/\/www.europesays.com\/fr\/wp-json\/wp\/v2\/categories?post=321727"},{"taxonomy":"post_tag","embeddable":true,"href":"https:\/\/www.europesays.com\/fr\/wp-json\/wp\/v2\/tags?post=321727"}],"curies":[{"name":"wp","href":"https:\/\/api.w.org\/{rel}","templated":true}]}}