{"id":321731,"date":"2025-08-15T23:13:24","date_gmt":"2025-08-15T23:13:24","guid":{"rendered":"https:\/\/www.europesays.com\/fr\/321731\/"},"modified":"2025-08-15T23:13:24","modified_gmt":"2025-08-15T23:13:24","slug":"les-dernieres-infos-sur-le-marche-des-transferts","status":"publish","type":"post","link":"https:\/\/www.europesays.com\/fr\/321731\/","title":{"rendered":"les derni\u00e8res infos sur le march\u00e9 des transferts"},"content":{"rendered":"<p>            Par<br \/>\n        <strong><br \/>\n            <a href=\"https:\/\/actu.fr\/auteur\/remy-messegue\" title=\"Consulter tous les articles de R\u00e9my Mess\u00e9gu\u00e9\" target=\"_blank\" rel=\"noopener\">R\u00e9my Mess\u00e9gu\u00e9<\/a><br \/>\n        <\/strong><\/p>\n<p>        Publi\u00e9 le<\/p>\n<p>            15 ao\u00fbt 2025 \u00e0 9h54        <\/p>\n<p>Il ne flotte plus du tout comme un air de vacances, mais bel et bien de reprise. Et au milieu des diff\u00e9rents <a href=\"https:\/\/actu.fr\/sports\/rugby\/pro\/top-14-les-lieux-de-stage-de-toutes-les-equipes-pour-la-pre-saison_63032293.html\" target=\"_blank\" rel=\"noopener\">stages de pr\u00e9paration<\/a> et <a href=\"https:\/\/actu.fr\/sports\/rugby\/pro\/premier-amical-pour-un-club-de-top-14-dernier-galop-pour-la-pro-d2-supersevens-le-programme-rugby-du-week-end_63035674.html\" target=\"_blank\" rel=\"noopener\">matchs amicaux<\/a>, certains managers et dirigeants continuent de s\u2019activer en coulisse pour terminer de compl\u00e9ter leurs effectifs. On fait le point.\u00a0<\/p>\n<p>Rees-Zammit s\u2019engage avec Bristol<\/p>\n<p class=\" wall-content\">C\u2019\u00e9tait un feuilleton depuis que <a href=\"https:\/\/actu.fr\/sports\/rugby\/pro\/j-ai-decide-de-revenir-au-rugby-la-fusee-rees-zammit-quitte-la-nfl-et-fait-son-grand-retour_62987559.html\" target=\"_blank\" rel=\"noopener\">Louis Rees-Zammit a annonc\u00e9 son arr\u00eat du football am\u00e9ricain<\/a> pour revenir au rugby. Le jeune ailier international gallois (24 ans, 32 s\u00e9lections) a finalement trouv\u00e9 son point de chute en Premiership, la premi\u00e8re division anglaise. La rumeur faisait \u00e9tat de concurrence entre Newcastle,<a href=\"https:\/\/actu.fr\/sports\/rugby\/pro\/premiership-newcastle-club-historique-du-championnat-anglais-rachete-par-red-bull_63026807.html\" target=\"_blank\" rel=\"noopener\"> nouvellement poss\u00e9d\u00e9 par la marque Red Bull<\/a> et Bristol. Ce sont finalement ces derniers qui ont enregistr\u00e9 la signature du prodige gallois dont la dur\u00e9e du contrat n\u2019a pas \u00e9t\u00e9 pr\u00e9cis\u00e9 pour le moment.\u00a0<\/p>\n<p class=\" wall-content\">\n<p>Mirian Burduli quitte Montauban pour Aurillac<\/p>\n<p class=\" wall-content\">C\u2019est une annonce qui a fait plaisir aux supporters aurillacois ! Lors de la pr\u00e9sentation des joueurs aux partenaires, le pr\u00e9sident Christian Millette a annonc\u00e9 la signature de l\u2019exp\u00e9riment\u00e9 pilier g\u00e9orgien, Mirian Burduli (34 ans). Apr\u00e8s Carcassonne, Valence-Romans et Montauban, Burduli va conna\u00eetre son 4e club de Pro D2 alors que l\u2019USM venait d\u2019acc\u00e9der au Top 14. Un renfort de choix pour caler la m\u00eal\u00e9e du c\u00f4t\u00e9 du Cantal.\u00a0<\/p>\n<p class=\" wall-content\">\n<p>Janse Roux sera Lyonnais sans avoir jou\u00e9 avec Brive<\/p>\n<p class=\" wall-content\">Dr\u00f4le d\u2019\u00e9t\u00e9 pour Janse Roux ! Le puissant deuxi\u00e8me ligne sud-africain (27 ans, 2m, 127kg) ne jouera finalement pas avec Brive annoncent nos confr\u00e8res de La Montagne. Recrut\u00e9 en provenance de Colomiers \u00e0 l\u2019intersaison,<strong> Janse Roux va filer tout de suite en \u2026 Top 14 pour jouer avec Lyon.<\/strong> En effet, le CAB s\u2019est retrouv\u00e9 dans une impasse administrative concernant le nombre de joueurs non-JIFF dans son effectif. La limite r\u00e9glementaire est fix\u00e9e \u00e0 13 joueurs non issus de la formation fran\u00e7aise. Or, les Coujoux en sont \u00e0 14. Il a donc fallu d\u00e9graisser l\u2019effectif et c\u2019est Janse Roux qui quittera le club apr\u00e8s seulement un stage de pr\u00e9paration du c\u00f4t\u00e9 de Saint-Lary (Hautes-Pyr\u00e9n\u00e9es).<\/p>\n<p>Josh Moorby va retrouver le Super Rugby<\/p>\n<p class=\" wall-content\">Une petite saison et puis s\u2019en va\u2026 L\u2019arri\u00e8re n\u00e9o-z\u00e9landais <strong>Josh Moorby<\/strong> ne sera rest\u00e9 qu\u2019un an \u00e0 Montpellier. En effet, le joueur de 27 ans va quitter l\u2019H\u00e9rault pour retrouver<strong> le Super Rugby et la province des<\/strong> <strong>Hurricanes<\/strong>. Arriv\u00e9 au mois d\u2019octobre 2024, il avait jou\u00e9 son premier match le 23 novembre dernier face \u00e0 Pau. Il aura particip\u00e9 \u00e0 15 matchs cette saison pour deux essais et aura laiss\u00e9 l\u2019impression d\u2019un grand potentiel assez mal exploit\u00e9. Son retour en Super Rugby dans une province qu\u2019il conna\u00eet d\u00e9j\u00e0 bien pourrait le relancer.\u00a0<\/p>\n<p>Deux joueurs de la Western Force en Pro D2<\/p>\n<p class=\" wall-content\">Les liens entre le Super Rugby et la France se portent bien. Plus particuli\u00e8rement entre la Pro D2 et la Western Force. Ce ne sont pas moins de deux joueurs issus de la province australienne qui vont rejoindre la deuxi\u00e8me division fran\u00e7aise.<strong> Josh Thompson<\/strong>, ancien joueur de rugby \u00e0 XIII et deuxi\u00e8me ligne (1.95m, 117kg) a sign\u00e9 \u00e0 <strong>Grenoble<\/strong> jusqu\u2019en 2027 et viendra renforcer le pack grenoblois dans sa qu\u00eate de mont\u00e9e en Top 14. Il ne sera pas d\u00e9pays\u00e9 dans le championnat puisque nos confr\u00e8res du Petit Bleu d\u2019Agen annoncent l\u2019arriv\u00e9e prochaine de <strong>Sio Tomkinson<\/strong>. Ce joueur n\u00e9o-z\u00e9landais au profil centre ou ailier (1.83m, 95kg) devrait rejoindre le <strong>SUA<\/strong> pour compenser la non-venue du fidjien Paula Walisoliso, rest\u00e9 aux Fidji pour raisons personnelles.\u00a0<\/p>\n<p class=\" wall-content\">\n<p class=\" wall-content\">Suivez toute l\u2019actualit\u00e9 de vos villes et m\u00e9dias favoris en vous inscrivant \u00e0 <a href=\"https:\/\/moncompte.actu.fr\" title=\"D\u00e9couvez Mon Actu\" rel=\"nofollow noopener\" data-trk=\"{&quot;cta&quot;:{&quot;action&quot;:&quot;https:\\\/\\\/moncompte.actu.fr&quot;,&quot;category&quot;:&quot;mon compte&quot;,&quot;from&quot;:&quot;article footer&quot;,&quot;name&quot;:&quot;Mon actu&quot;,&quot;type&quot;:&quot;cta&quot;}}\" target=\"_blank\">Mon Actu<\/a>.<\/p>\n<ul class=\"ac-article-tag wall-content\">\n<li><a href=\"https:\/\/actu.fr\/tag\/montpellier-herault-rugby\" data-trk=\"{&quot;cta&quot;:{&quot;action&quot;:&quot;Montpellier H\\u00e9rault Rugby (MHR)&quot;,&quot;category&quot;:&quot;tag&quot;,&quot;from&quot;:&quot;article footer&quot;,&quot;name&quot;:&quot;Montpellier H\\u00e9rault Rugby (MHR)&quot;,&quot;type&quot;:&quot;cta&quot;}}\" target=\"_blank\" rel=\"noopener\">#Montpellier H\u00e9rault Rugby (MHR)<\/a><\/li>\n<li><a href=\"https:\/\/actu.fr\/tag\/transferts-rugby\" data-trk=\"{&quot;cta&quot;:{&quot;action&quot;:&quot;Transferts rugby&quot;,&quot;category&quot;:&quot;tag&quot;,&quot;from&quot;:&quot;article footer&quot;,&quot;name&quot;:&quot;Transferts rugby&quot;,&quot;type&quot;:&quot;cta&quot;}}\" target=\"_blank\" rel=\"noopener\">#Transferts rugby<\/a><\/li>\n<\/ul>\n","protected":false},"excerpt":{"rendered":"Par R\u00e9my Mess\u00e9gu\u00e9 Publi\u00e9 le 15 ao\u00fbt 2025 \u00e0 9h54 Il ne flotte plus du tout comme un&hellip;\n","protected":false},"author":2,"featured_media":321732,"comment_status":"","ping_status":"","sticky":false,"template":"","format":"standard","meta":{"footnotes":""},"categories":[9599],"tags":[1111,11,1777,674,1011,27,2208,20544,12,2680,3788,2308,25,479,60,478,477],"class_list":{"0":"post-321731","1":"post","2":"type-post","3":"status-publish","4":"format-standard","5":"has-post-thumbnail","7":"category-montpellier","8":"tag-actu","9":"tag-actualites","10":"tag-eu","11":"tag-europe","12":"tag-fr","13":"tag-france","14":"tag-montpellier","15":"tag-montpellier-herault-rugby-mhr","16":"tag-news","17":"tag-occitanie","18":"tag-pro","19":"tag-pro-d2","20":"tag-republique-francaise","21":"tag-rugby","22":"tag-sports","23":"tag-top-14","24":"tag-transferts-rugby"},"share_on_mastodon":{"url":"https:\/\/pubeurope.com\/@fr\/115035321318032240","error":""},"_links":{"self":[{"href":"https:\/\/www.europesays.com\/fr\/wp-json\/wp\/v2\/posts\/321731","targetHints":{"allow":["GET"]}}],"collection":[{"href":"https:\/\/www.europesays.com\/fr\/wp-json\/wp\/v2\/posts"}],"about":[{"href":"https:\/\/www.europesays.com\/fr\/wp-json\/wp\/v2\/types\/post"}],"author":[{"embeddable":true,"href":"https:\/\/www.europesays.com\/fr\/wp-json\/wp\/v2\/users\/2"}],"replies":[{"embeddable":true,"href":"https:\/\/www.europesays.com\/fr\/wp-json\/wp\/v2\/comments?post=321731"}],"version-history":[{"count":0,"href":"https:\/\/www.europesays.com\/fr\/wp-json\/wp\/v2\/posts\/321731\/revisions"}],"wp:featuredmedia":[{"embeddable":true,"href":"https:\/\/www.europesays.com\/fr\/wp-json\/wp\/v2\/media\/321732"}],"wp:attachment":[{"href":"https:\/\/www.europesays.com\/fr\/wp-json\/wp\/v2\/media?parent=321731"}],"wp:term":[{"taxonomy":"category","embeddable":true,"href":"https:\/\/www.europesays.com\/fr\/wp-json\/wp\/v2\/categories?post=321731"},{"taxonomy":"post_tag","embeddable":true,"href":"https:\/\/www.europesays.com\/fr\/wp-json\/wp\/v2\/tags?post=321731"}],"curies":[{"name":"wp","href":"https:\/\/api.w.org\/{rel}","templated":true}]}}