{"id":321735,"date":"2025-08-15T23:18:21","date_gmt":"2025-08-15T23:18:21","guid":{"rendered":"https:\/\/www.europesays.com\/fr\/321735\/"},"modified":"2025-08-15T23:18:21","modified_gmt":"2025-08-15T23:18:21","slug":"ligue-2-elphege-sauve-le-gf38-laval-prend-un-point-au-stade-des-alpes-revivez-la-rencontre","status":"publish","type":"post","link":"https:\/\/www.europesays.com\/fr\/321735\/","title":{"rendered":"Ligue 2. Elphege sauve le GF38, Laval prend un point au Stade des Alpes &#8230; Revivez la rencontre"},"content":{"rendered":"<p>Pour sa premi\u00e8re au Stade des Alpes lors de la 2e journ\u00e9e, Grenoble n&rsquo;a pas r\u00e9ussi \u00e0 faire mieux qu&rsquo;un match nul contre le Stade lavallois, ce vendredi (1-1). Nesta Elphege (79&prime;) a r\u00e9pondu \u00e0 l&rsquo;ouverture du score de Titouan Thomas (51&prime;). Revivez la rencontre dans les conditions du direct.\u00a0<\/p>\n<p>&#13;<br \/>\n              O. V. &#8211; &#13;<br \/>\n        &#13;<br \/>\n          Hier \u00e0 22:07&#13;<br \/>\n    &#13;<br \/>\n                  | mis \u00e0 jour hier \u00e0 22:25&#13;<br \/>\n              &#8211; Temps de lecture : &#13;<br \/>\n  &#13;<\/p>\n","protected":false},"excerpt":{"rendered":"Pour sa premi\u00e8re au Stade des Alpes lors de la 2e journ\u00e9e, Grenoble n&rsquo;a pas r\u00e9ussi \u00e0 faire&hellip;\n","protected":false},"author":2,"featured_media":321736,"comment_status":"","ping_status":"","sticky":false,"template":"","format":"standard","meta":{"footnotes":""},"categories":[9566],"tags":[1111,11,2430,3545,112,113,114,1777,674,107,1701,63,1011,27,12637,2731,45947,2732,108,12636,12,25,517,1947],"class_list":{"0":"post-321735","1":"post","2":"type-post","3":"status-publish","4":"format-standard","5":"has-post-thumbnail","7":"category-grenoble","8":"tag-actu","9":"tag-actualites","10":"tag-auvergne-rhone-alpes","11":"tag-direct-sport","12":"tag-edition-grenoble-agglomeration","13":"tag-edition-gresivaudan-oisans","14":"tag-edition-voiron-saint-marcellin","15":"tag-eu","16":"tag-europe","17":"tag-fil-info","18":"tag-fil-info-sport","19":"tag-football","20":"tag-fr","21":"tag-france","22":"tag-gf38-grenoble-foot-38","23":"tag-grenoble","24":"tag-grenoble-en-live","25":"tag-grenoble-bassin","26":"tag-isere","27":"tag-ligue-2-football","28":"tag-news","29":"tag-republique-francaise","30":"tag-sport","31":"tag-sport-national"},"share_on_mastodon":{"url":"https:\/\/pubeurope.com\/@fr\/115035341012829005","error":""},"_links":{"self":[{"href":"https:\/\/www.europesays.com\/fr\/wp-json\/wp\/v2\/posts\/321735","targetHints":{"allow":["GET"]}}],"collection":[{"href":"https:\/\/www.europesays.com\/fr\/wp-json\/wp\/v2\/posts"}],"about":[{"href":"https:\/\/www.europesays.com\/fr\/wp-json\/wp\/v2\/types\/post"}],"author":[{"embeddable":true,"href":"https:\/\/www.europesays.com\/fr\/wp-json\/wp\/v2\/users\/2"}],"replies":[{"embeddable":true,"href":"https:\/\/www.europesays.com\/fr\/wp-json\/wp\/v2\/comments?post=321735"}],"version-history":[{"count":0,"href":"https:\/\/www.europesays.com\/fr\/wp-json\/wp\/v2\/posts\/321735\/revisions"}],"wp:featuredmedia":[{"embeddable":true,"href":"https:\/\/www.europesays.com\/fr\/wp-json\/wp\/v2\/media\/321736"}],"wp:attachment":[{"href":"https:\/\/www.europesays.com\/fr\/wp-json\/wp\/v2\/media?parent=321735"}],"wp:term":[{"taxonomy":"category","embeddable":true,"href":"https:\/\/www.europesays.com\/fr\/wp-json\/wp\/v2\/categories?post=321735"},{"taxonomy":"post_tag","embeddable":true,"href":"https:\/\/www.europesays.com\/fr\/wp-json\/wp\/v2\/tags?post=321735"}],"curies":[{"name":"wp","href":"https:\/\/api.w.org\/{rel}","templated":true}]}}