{"id":321737,"date":"2025-08-15T23:19:11","date_gmt":"2025-08-15T23:19:11","guid":{"rendered":"https:\/\/www.europesays.com\/fr\/321737\/"},"modified":"2025-08-15T23:19:11","modified_gmt":"2025-08-15T23:19:11","slug":"previsions-du-samedi-16-aout-2025","status":"publish","type":"post","link":"https:\/\/www.europesays.com\/fr\/321737\/","title":{"rendered":"pr\u00e9visions du samedi 16 ao\u00fbt 2025"},"content":{"rendered":"<p>La journ\u00e9e qui s&rsquo;annonce \u00e0 Rennes, promet d&rsquo;\u00eatre superbe et ensoleill\u00e9e ! Les maximales pourront atteindre 37\u00b0C et les minimales seront de 17\u00b0C. Un vent de nord-est rafra\u00eechira sensiblement l&rsquo;atmosph\u00e8re. Prenez garde \u00e0 la vague de chaleur dans la matin\u00e9e. Des valeurs de 19 \u00e0 33\u00b0C sont annonc\u00e9es. L&rsquo;apr\u00e8s-midi, c&rsquo;est une hausse de plusieurs degr\u00e9s que vont enregistrer les temp\u00e9ratures. La ville va ressentir des grosses chaleurs avec des temp\u00e9ratures qui pourraient monter jusqu&rsquo;\u00e0 37\u00b0C. L&rsquo;\u00e9pisode d&rsquo;importantes chaleurs est bien l\u00e0, avec des valeurs qui risqueront d&rsquo;aller \u00e0 34\u00b0C le soir. Durant la nuit de samedi \u00e0 dimanche, le ciel sera clair.<\/p>\n<p>Demain, les Rennais vont pouvoir b\u00e9n\u00e9ficier d&rsquo;un soleil magnifique. Une chute du mercure est \u00e0 craindre. De tr\u00e8s fortes chaleurs (entre 16\u00b0C et 35\u00b0C) sont attendues. Les temp\u00e9ratures seront comprises entre 16 et 35\u00b0C. Une petite brise d&rsquo;est sera ressentie par les habitants. La ville va conna\u00eetre, le matin, un passage de grosses chaleurs avec des valeurs qui atteindront parfois les 31\u00b0C. Les temp\u00e9ratures vont grimper pendant l&rsquo;apr\u00e8s-midi de plusieurs degr\u00e9s. Les valeurs \u00e9volueront entre 33 et 35\u2009\u00b0C. Les valeurs maximales pr\u00e9vues demain soir sont \u00e9lev\u00e9es, avec 33\u00b0C.<\/p>\n<p>Pour la suite, le temps ne bougera pas. Le temps sera ensoleill\u00e9 avec des temp\u00e9ratures d&rsquo;environ 34\u00b0C.<\/p>\n<p>Prenez vos dispositions face aux grandes chaleurs : il faut se rappeler de boire, \u00e9viter de s&rsquo;exposer au soleil pendant les heures les plus chaudes et se rafra\u00eechir avec un brumisateur ou un linge mouill\u00e9. Soyez attentif aux personnes sensibles dans votre entourage.<\/p>\n","protected":false},"excerpt":{"rendered":"La journ\u00e9e qui s&rsquo;annonce \u00e0 Rennes, promet d&rsquo;\u00eatre superbe et ensoleill\u00e9e ! Les maximales pourront atteindre 37\u00b0C et&hellip;\n","protected":false},"author":2,"featured_media":321738,"comment_status":"","ping_status":"","sticky":false,"template":"","format":"standard","meta":{"footnotes":""},"categories":[2821],"tags":[1111,11,829,1777,674,1011,27,848,12,2119,584,25],"class_list":{"0":"post-321737","1":"post","2":"type-post","3":"status-publish","4":"format-standard","5":"has-post-thumbnail","7":"category-rennes","8":"tag-actu","9":"tag-actualites","10":"tag-bretagne","11":"tag-eu","12":"tag-europe","13":"tag-fr","14":"tag-france","15":"tag-ille-et-vilaine","16":"tag-news","17":"tag-previsions-meteo","18":"tag-rennes","19":"tag-republique-francaise"},"share_on_mastodon":{"url":"https:\/\/pubeurope.com\/@fr\/115035345148108229","error":""},"_links":{"self":[{"href":"https:\/\/www.europesays.com\/fr\/wp-json\/wp\/v2\/posts\/321737","targetHints":{"allow":["GET"]}}],"collection":[{"href":"https:\/\/www.europesays.com\/fr\/wp-json\/wp\/v2\/posts"}],"about":[{"href":"https:\/\/www.europesays.com\/fr\/wp-json\/wp\/v2\/types\/post"}],"author":[{"embeddable":true,"href":"https:\/\/www.europesays.com\/fr\/wp-json\/wp\/v2\/users\/2"}],"replies":[{"embeddable":true,"href":"https:\/\/www.europesays.com\/fr\/wp-json\/wp\/v2\/comments?post=321737"}],"version-history":[{"count":0,"href":"https:\/\/www.europesays.com\/fr\/wp-json\/wp\/v2\/posts\/321737\/revisions"}],"wp:featuredmedia":[{"embeddable":true,"href":"https:\/\/www.europesays.com\/fr\/wp-json\/wp\/v2\/media\/321738"}],"wp:attachment":[{"href":"https:\/\/www.europesays.com\/fr\/wp-json\/wp\/v2\/media?parent=321737"}],"wp:term":[{"taxonomy":"category","embeddable":true,"href":"https:\/\/www.europesays.com\/fr\/wp-json\/wp\/v2\/categories?post=321737"},{"taxonomy":"post_tag","embeddable":true,"href":"https:\/\/www.europesays.com\/fr\/wp-json\/wp\/v2\/tags?post=321737"}],"curies":[{"name":"wp","href":"https:\/\/api.w.org\/{rel}","templated":true}]}}