{"id":321739,"date":"2025-08-15T23:20:10","date_gmt":"2025-08-15T23:20:10","guid":{"rendered":"https:\/\/www.europesays.com\/fr\/321739\/"},"modified":"2025-08-15T23:20:10","modified_gmt":"2025-08-15T23:20:10","slug":"une-defaite-amere-la-deception-daubameyang","status":"publish","type":"post","link":"https:\/\/www.europesays.com\/fr\/321739\/","title":{"rendered":"\u00ab\u00a0Une d\u00e9faite am\u00e8re\u00a0\u00bb la d\u00e9ception d&rsquo;Aubameyang"},"content":{"rendered":"<p>Rennes 1-0 OM : \u00ab\u00a0Une d\u00e9faite am\u00e8re\u00a0\u00bb la d\u00e9ception d&rsquo;Aubameyang Sur le m\u00eame sujet<a href=\"https:\/\/rmcsport.bfmtv.com\/football\/ligue-1\/video-rennes-1-0-om-une-defaite-amere-la-deception-d-aubameyang_VN-202508150491.html\" title=\"Rennes 1-0 OM : &quot;Une d\u00e9faite am\u00e8re&quot; la d\u00e9ception d&#039;Aubameyang\" rel=\"nofollow noopener\" target=\"_blank\"><img class=\"lozad\"  width=\"16\" height=\"9\" alt=\"Rennes 1-0 OM : &quot;Une d\u00e9faite am\u00e8re&quot; la d\u00e9ception d'Aubameyang\"\/>en lectureRennes 1-0 OM : \u00ab\u00a0Une d\u00e9faite am\u00e8re\u00a0\u00bb la d\u00e9ception d&rsquo;Aubameyang<\/a><a href=\"https:\/\/rmcsport.bfmtv.com\/replay-emissions\/after-foot\/video-rennes-1-0-om-le-debrief-complet-de-l-after_VN-202508150487.html\" title=\"Rennes 1-0 OM : Le d\u00e9brief complet de L&#039;After\" rel=\"nofollow noopener\" target=\"_blank\"><img class=\"lozad\"  width=\"16\" height=\"9\" alt=\"Rennes 1-0 OM : Le d\u00e9brief complet de L'After\"\/>40:00Rennes 1-0 OM : Le d\u00e9brief complet de L&rsquo;After<\/a><a href=\"https:\/\/rmcsport.bfmtv.com\/football\/ligue-1\/video-rennes-1-0-om-si-on-veut-etre-une-grande-equipe-de-zerbi-tres-critique_VN-202508150485.html\" title=\"Rennes 1-0 OM : &quot;Si on veut \u00eatre une grande \u00e9quipe...&quot; De Zerbi tr\u00e8s critique \" rel=\"nofollow noopener\" target=\"_blank\"><img class=\"lozad\"  width=\"16\" height=\"9\" alt=\"Rennes 1-0 OM : &quot;Si on veut \u00eatre une grande \u00e9quipe...&quot; De Zerbi tr\u00e8s critique \"\/>1:44Rennes 1-0 OM : \u00ab\u00a0Si on veut \u00eatre une grande \u00e9quipe&#8230;\u00a0\u00bb De Zerbi tr\u00e8s critique<\/a><a href=\"https:\/\/rmcsport.bfmtv.com\/replay-emissions\/after-foot\/video-ligue-1-une-premiere-convaincante-ou-decevante-j-ai-envie-de-voir-la-suite-salue-riolo_VN-202508150475.html\" title=\"Ligue 1+, une premi\u00e8re convaincante ou d\u00e9cevante ? &quot;J\u2019ai envie de voir la suite&quot;, salue Riolo\" rel=\"nofollow noopener\" target=\"_blank\"><img class=\"lozad\"  width=\"16\" height=\"9\" alt=\"Ligue 1+, une premi\u00e8re convaincante ou d\u00e9cevante ? &quot;J\u2019ai envie de voir la suite&quot;, salue Riolo\"\/>8:11Ligue 1+, une premi\u00e8re convaincante ou d\u00e9cevante ? \u00ab\u00a0J\u2019ai envie de voir la suite\u00a0\u00bb, salue Riolo<\/a><a href=\"https:\/\/rmcsport.bfmtv.com\/football\/ligue-1\/video-rennes-1-0-om-rongier-capitaine-une-evidence-justifie-beye_VN-202508150465.html\" title=\"Rennes 1-0 OM : Rongier capitaine, &quot;une \u00e9vidence&quot;, justifie Beye\" rel=\"nofollow noopener\" target=\"_blank\"><img class=\"lozad\"  width=\"16\" height=\"9\" alt=\"Rennes 1-0 OM : Rongier capitaine, &quot;une \u00e9vidence&quot;, justifie Beye\"\/>1:47Rennes 1-0 OM : Rongier capitaine, \u00ab\u00a0une \u00e9vidence\u00a0\u00bb, justifie Beye<\/a><a href=\"https:\/\/rmcsport.bfmtv.com\/football\/ligue-1\/video-rennes-1-0-om-j1-marseille-decoit-deja-les-comm-s-rmc_VN-202508150462.html\" title=\"Rennes 1-0 OM (J1) : Marseille d\u00e9\u00e7oit d\u00e9j\u00e0, les comm&#039;s RMC\" rel=\"nofollow noopener\" target=\"_blank\"><img class=\"lozad\"  width=\"16\" height=\"9\" alt=\"Rennes 1-0 OM (J1) : Marseille d\u00e9\u00e7oit d\u00e9j\u00e0, les comm's RMC\"\/>7:01Rennes 1-0 OM (J1) : Marseille d\u00e9\u00e7oit d\u00e9j\u00e0, les comm&rsquo;s RMC<\/a><a href=\"https:\/\/rmcsport.bfmtv.com\/replay-emissions\/after-foot\/video-rennes-a-rongier-de-prouver-pouille-tres-clair-sur-la-banderole-contre-le-joueur_VN-202508150428.html\" title=\"Rennes : &quot;\u00c0 Rongier de prouver...&quot;, Pouille tr\u00e8s clair sur la banderole contre le joueur\" rel=\"nofollow noopener\" target=\"_blank\"><img class=\"lozad\"  width=\"16\" height=\"9\" alt=\"Rennes : &quot;\u00c0 Rongier de prouver...&quot;, Pouille tr\u00e8s clair sur la banderole contre le joueur\"\/>5:55Rennes : \u00ab\u00a0\u00c0 Rongier de prouver&#8230;\u00a0\u00bb, Pouille tr\u00e8s clair sur la banderole contre le joueur<\/a><a href=\"https:\/\/rmcsport.bfmtv.com\/football\/ligue-1\/video-football-dans-les-coulisses-de-la-chaine-ligue-1_VN-202508150404.html\" title=\"Football : Dans les coulisses de la cha\u00eene Ligue 1+\" rel=\"nofollow noopener\" target=\"_blank\"><img class=\"lozad\"  width=\"16\" height=\"9\" alt=\"Football : Dans les coulisses de la cha\u00eene Ligue 1+\"\/>0:58Football : Dans les coulisses de la cha\u00eene Ligue 1+<\/a><a href=\"https:\/\/rmcsport.bfmtv.com\/football\/ligue-1\/video-nice-mahdi-camara-un-probleme-de-valeur-tacle-haise_VN-202508150381.html\" title=\"Nice : &quot;Mahdi Camara ? Un probl\u00e8me de valeur&quot; tacle Haise\" rel=\"nofollow noopener\" target=\"_blank\"><img class=\"lozad\"  width=\"16\" height=\"9\" alt=\"Nice : &quot;Mahdi Camara ? Un probl\u00e8me de valeur&quot; tacle Haise\"\/>0:50Nice : \u00ab\u00a0Mahdi Camara ? Un probl\u00e8me de valeur\u00a0\u00bb tacle Haise<\/a><a href=\"https:\/\/rmcsport.bfmtv.com\/football\/ligue-1\/video-ligue-1-si-on-peut-s-arreter-a-la-douche-c-est-bien-ironise-clauss_VN-202508150327.html\" title=\"Ligue 1 + : &quot;Si on peut s\u2019arr\u00eater \u00e0 la douche, c\u2019est bien&quot; ironise Clauss\" rel=\"nofollow noopener\" target=\"_blank\"><img class=\"lozad\"  width=\"16\" height=\"9\" alt=\"Ligue 1 + : &quot;Si on peut s\u2019arr\u00eater \u00e0 la douche, c\u2019est bien&quot; ironise Clauss\"\/>1:03Ligue 1 + : \u00ab\u00a0Si on peut s\u2019arr\u00eater \u00e0 la douche, c\u2019est bien\u00a0\u00bb ironise Clauss<\/a><a href=\"https:\/\/rmcsport.bfmtv.com\/football\/ligue-1\/video-paris-fc-ca-fait-46-ans-qu-on-n-a-pas-vu-le-pfc-en-ligue-1-gilli-lance-l-objectif-maintien_VN-202508150309.html\" title=\"Paris FC : \u201c\u00c7a fait 46 ans qu\u2019on n\u2019a pas vu le PFC en Ligue 1\u201d, Gilli lance l\u2019objectif maintien !\" rel=\"nofollow noopener\" target=\"_blank\"><img class=\"lozad\"  width=\"16\" height=\"9\" alt=\"Paris FC : \u201c\u00c7a fait 46 ans qu\u2019on n\u2019a pas vu le PFC en Ligue 1\u201d, Gilli lance l\u2019objectif maintien !\"\/>1:30Paris FC : \u201c\u00c7a fait 46 ans qu\u2019on n\u2019a pas vu le PFC en Ligue 1\u201d, Gilli lance l\u2019objectif maintien !<\/a><a href=\"https:\/\/rmcsport.bfmtv.com\/football\/ligue-1\/video-ligue-1-on-doit-s-ouvrir-mais-pas-devenir-une-tv-realite-previent-genesio_VN-202508150293.html\" title=\"Ligue 1+ : \u201cOn doit s\u2019ouvrir mais pas devenir une TV r\u00e9alit\u00e9\u2026\u201d, pr\u00e9vient Genesio\" rel=\"nofollow noopener\" target=\"_blank\"><img class=\"lozad\"  width=\"16\" height=\"9\" alt=\"Ligue 1+ : \u201cOn doit s\u2019ouvrir mais pas devenir une TV r\u00e9alit\u00e9\u2026\u201d, pr\u00e9vient Genesio\"\/>2:04Ligue 1+ : \u201cOn doit s\u2019ouvrir mais pas devenir une TV r\u00e9alit\u00e9\u2026\u201d, pr\u00e9vient Genesio<\/a><a href=\"https:\/\/rmcsport.bfmtv.com\/football\/ligue-1\/video-nantes-si-besoin-on-va-mourir-pour-le-club-previent-luis-castro_VN-202508150282.html\" title=\"Nantes : &quot;Si besoin, on va mourir pour le club&quot; pr\u00e9vient Luis Castro\" rel=\"nofollow noopener\" target=\"_blank\"><img class=\"lozad\"  width=\"16\" height=\"9\" alt=\"Nantes : &quot;Si besoin, on va mourir pour le club&quot; pr\u00e9vient Luis Castro\"\/>1:07Nantes : \u00ab\u00a0Si besoin, on va mourir pour le club\u00a0\u00bb pr\u00e9vient Luis Castro<\/a><a href=\"https:\/\/rmcsport.bfmtv.com\/football\/transferts\/video-donnarumma-isak-kolo-muani-les-5-infos-mercato-du-vendredi-15-aout-a-12h_VN-202508150248.html\" title=\"Donnarumma, Isak, Kolo Muani\u2026 Les 5 infos mercato du vendredi 15 ao\u00fbt \u00e0 12h\" rel=\"nofollow noopener\" target=\"_blank\"><img class=\"lozad\"  width=\"16\" height=\"9\" alt=\"Donnarumma, Isak, Kolo Muani\u2026 Les 5 infos mercato du vendredi 15 ao\u00fbt \u00e0 12h\"\/>0:58Donnarumma, Isak, Kolo Muani\u2026 Les 5 infos mercato du vendredi 15 ao\u00fbt \u00e0 12h<\/a><a class=\"jumpToVideo\" target=\"_blank\"><img class=\"thumbnailPreview\"\/><\/a><\/p>\n","protected":false},"excerpt":{"rendered":"Rennes 1-0 OM : \u00ab\u00a0Une d\u00e9faite am\u00e8re\u00a0\u00bb la d\u00e9ception d&rsquo;Aubameyang Sur le m\u00eame sujeten lectureRennes 1-0 OM :&hellip;\n","protected":false},"author":2,"featured_media":321740,"comment_status":"","ping_status":"","sticky":false,"template":"","format":"standard","meta":{"footnotes":""},"categories":[2821],"tags":[1111,11,829,1777,674,1011,27,12,584,25],"class_list":{"0":"post-321739","1":"post","2":"type-post","3":"status-publish","4":"format-standard","5":"has-post-thumbnail","7":"category-rennes","8":"tag-actu","9":"tag-actualites","10":"tag-bretagne","11":"tag-eu","12":"tag-europe","13":"tag-fr","14":"tag-france","15":"tag-news","16":"tag-rennes","17":"tag-republique-francaise"},"share_on_mastodon":{"url":"https:\/\/pubeurope.com\/@fr\/115035348773409747","error":""},"_links":{"self":[{"href":"https:\/\/www.europesays.com\/fr\/wp-json\/wp\/v2\/posts\/321739","targetHints":{"allow":["GET"]}}],"collection":[{"href":"https:\/\/www.europesays.com\/fr\/wp-json\/wp\/v2\/posts"}],"about":[{"href":"https:\/\/www.europesays.com\/fr\/wp-json\/wp\/v2\/types\/post"}],"author":[{"embeddable":true,"href":"https:\/\/www.europesays.com\/fr\/wp-json\/wp\/v2\/users\/2"}],"replies":[{"embeddable":true,"href":"https:\/\/www.europesays.com\/fr\/wp-json\/wp\/v2\/comments?post=321739"}],"version-history":[{"count":0,"href":"https:\/\/www.europesays.com\/fr\/wp-json\/wp\/v2\/posts\/321739\/revisions"}],"wp:featuredmedia":[{"embeddable":true,"href":"https:\/\/www.europesays.com\/fr\/wp-json\/wp\/v2\/media\/321740"}],"wp:attachment":[{"href":"https:\/\/www.europesays.com\/fr\/wp-json\/wp\/v2\/media?parent=321739"}],"wp:term":[{"taxonomy":"category","embeddable":true,"href":"https:\/\/www.europesays.com\/fr\/wp-json\/wp\/v2\/categories?post=321739"},{"taxonomy":"post_tag","embeddable":true,"href":"https:\/\/www.europesays.com\/fr\/wp-json\/wp\/v2\/tags?post=321739"}],"curies":[{"name":"wp","href":"https:\/\/api.w.org\/{rel}","templated":true}]}}