{"id":321743,"date":"2025-08-15T23:23:11","date_gmt":"2025-08-15T23:23:11","guid":{"rendered":"https:\/\/www.europesays.com\/fr\/321743\/"},"modified":"2025-08-15T23:23:11","modified_gmt":"2025-08-15T23:23:11","slug":"previsions-du-samedi-16-aout-2025-2","status":"publish","type":"post","link":"https:\/\/www.europesays.com\/fr\/321743\/","title":{"rendered":"pr\u00e9visions du samedi 16 ao\u00fbt 2025"},"content":{"rendered":"<p>Un bel ensoleillement est pr\u00e9vu aujourd&rsquo;hui \u00e0 Nice. Les valeurs seront comprises entre 24 et 30\u00b0C. Les temp\u00e9ratures tourneront autour des 28\u00b0C au cours de la matin\u00e9e. Une brise de sud-est soufflera doucement. La ville va subir, l&rsquo;apr\u00e8s-midi, un passage de fortes chaleurs avec des valeurs qui rejoindront parfois les 30\u00b0C. Les temp\u00e9ratures seront de 29\u00b0C au plus bas et de 30\u00b0C au maximum. Les maximales iront jusqu&rsquo;\u00e0 28\u00b0C dans la soir\u00e9e alors que les minimales seront de 27\u00b0C. Un ciel d\u00e9pourvu de nuages est pr\u00e9vu dans la nuit reliant samedi et dimanche.<\/p>\n<p>Demain, le thermom\u00e8tre affichera 27\u00b0C en moyenne \u00e0 Nice. Un modeste vent de nord-ouest sera ressenti par les habitants. Le matin, les Ni\u00e7ois vont pouvoir profiter d&rsquo;un soleil radieux. Les valeurs s&rsquo;\u00e9chelonneront entre 25 et 28\u00b0C. Demain apr\u00e8s-midi, l&rsquo;arriv\u00e9e du soleil sera retard\u00e9e par quelques nuages. Mauvais temps : on pr\u00e9voit des pluies \u00e9parses. Les temp\u00e9ratures s&rsquo;\u00e9chelonneront de 26 \u00e0 29\u00b0C. Dans la soir\u00e9e, les temp\u00e9ratures avoisineront les 26\u00b0C.<\/p>\n<p>La m\u00e9t\u00e9o restera inchang\u00e9e les jours \u00e0 venir. Comptez sur 28\u00b0C en moyenne qui accompagneront des journ\u00e9es ensoleill\u00e9es.<\/p>\n<p><\/p>\n","protected":false},"excerpt":{"rendered":"Un bel ensoleillement est pr\u00e9vu aujourd&rsquo;hui \u00e0 Nice. Les valeurs seront comprises entre 24 et 30\u00b0C. Les temp\u00e9ratures&hellip;\n","protected":false},"author":2,"featured_media":321744,"comment_status":"","ping_status":"","sticky":false,"template":"","format":"standard","meta":{"footnotes":""},"categories":[2819],"tags":[1111,11,2898,1777,674,1011,27,12,2401,883,2119,882,25],"class_list":{"0":"post-321743","1":"post","2":"type-post","3":"status-publish","4":"format-standard","5":"has-post-thumbnail","7":"category-nice","8":"tag-actu","9":"tag-actualites","10":"tag-alpes-maritimes","11":"tag-eu","12":"tag-europe","13":"tag-fr","14":"tag-france","15":"tag-news","16":"tag-nice","17":"tag-paca","18":"tag-previsions-meteo","19":"tag-provence-alpes-cote-dazur","20":"tag-republique-francaise"},"share_on_mastodon":{"url":"https:\/\/pubeurope.com\/@fr\/115035360836300636","error":""},"_links":{"self":[{"href":"https:\/\/www.europesays.com\/fr\/wp-json\/wp\/v2\/posts\/321743","targetHints":{"allow":["GET"]}}],"collection":[{"href":"https:\/\/www.europesays.com\/fr\/wp-json\/wp\/v2\/posts"}],"about":[{"href":"https:\/\/www.europesays.com\/fr\/wp-json\/wp\/v2\/types\/post"}],"author":[{"embeddable":true,"href":"https:\/\/www.europesays.com\/fr\/wp-json\/wp\/v2\/users\/2"}],"replies":[{"embeddable":true,"href":"https:\/\/www.europesays.com\/fr\/wp-json\/wp\/v2\/comments?post=321743"}],"version-history":[{"count":0,"href":"https:\/\/www.europesays.com\/fr\/wp-json\/wp\/v2\/posts\/321743\/revisions"}],"wp:featuredmedia":[{"embeddable":true,"href":"https:\/\/www.europesays.com\/fr\/wp-json\/wp\/v2\/media\/321744"}],"wp:attachment":[{"href":"https:\/\/www.europesays.com\/fr\/wp-json\/wp\/v2\/media?parent=321743"}],"wp:term":[{"taxonomy":"category","embeddable":true,"href":"https:\/\/www.europesays.com\/fr\/wp-json\/wp\/v2\/categories?post=321743"},{"taxonomy":"post_tag","embeddable":true,"href":"https:\/\/www.europesays.com\/fr\/wp-json\/wp\/v2\/tags?post=321743"}],"curies":[{"name":"wp","href":"https:\/\/api.w.org\/{rel}","templated":true}]}}