{"id":321751,"date":"2025-08-15T23:27:09","date_gmt":"2025-08-15T23:27:09","guid":{"rendered":"https:\/\/www.europesays.com\/fr\/321751\/"},"modified":"2025-08-15T23:27:09","modified_gmt":"2025-08-15T23:27:09","slug":"previsions-du-samedi-16-aout-2025-4","status":"publish","type":"post","link":"https:\/\/www.europesays.com\/fr\/321751\/","title":{"rendered":"pr\u00e9visions du samedi 16 ao\u00fbt 2025"},"content":{"rendered":"<p>C&rsquo;est une magnifique journ\u00e9e dont va profiter Bordeaux, o\u00f9 le soleil va briller intens\u00e9ment. Le matin, de tr\u00e8s fortes chaleurs (entre 25\u00b0C et 39\u00b0C) sont annonc\u00e9es. Un vent de sud-est soufflera l\u00e9g\u00e8rement, avec 5 km\/h. Les temp\u00e9ratures vont grimper pendant l&rsquo;apr\u00e8s-midi de plusieurs degr\u00e9s. La p\u00e9riode d&rsquo;importantes chaleurs est bien l\u00e0, avec des valeurs qui risqueront d&rsquo;aller \u00e0 41\u00b0C. Les grosses chaleurs sont install\u00e9es. Avec des temp\u00e9ratures comprises entre 24 et 30\u00b0C. Le soir, le thermom\u00e8tre affichera 27\u00b0C en moyenne. Durant la nuit de samedi \u00e0 dimanche, le ciel sera clair.<\/p>\n<p>C&rsquo;est un soleil radieux qui va se montrer demain sur Bordeaux. Les temp\u00e9ratures vont baisser de quelques degr\u00e9s. La ville va conna\u00eetre une vague de fortes chaleurs avec des valeurs qui atteindront parfois les 39\u00b0C. Les temp\u00e9ratures seront comprises entre 19 et 39\u00b0C. Un vent de nord-ouest rafra\u00eechira sensiblement l&rsquo;atmosph\u00e8re. Prenez garde \u00e0 la vague de chaleur au cours de la matin\u00e9e. Des valeurs de 20 \u00e0 36\u00b0C sont attendues. Les temp\u00e9ratures vont conna\u00eetre une augmentation de plusieurs degr\u00e9s dans l&rsquo;apr\u00e8s-midi. Les valeurs maximales pr\u00e9vues sont \u00e9lev\u00e9es, avec 39\u00b0C. La ville va ressentir d&rsquo;importantes chaleurs avec des valeurs qui pourraient monter jusqu&rsquo;\u00e0 35\u00b0C demain soir.<\/p>\n<p>La m\u00e9t\u00e9o des journ\u00e9es suivantes va changer progressivement. Apr\u00e8s une m\u00e9t\u00e9o similaire lundi, la situation changera mardi.<\/p>\n<p>V\u00e9rifiez si votre ville est en vigilance canicule. Dans tous les cas, il est important de prendre quelques pr\u00e9cautions pour se pr\u00e9munir contre la chaleur : buvez beaucoup et \u00e9vitez d&rsquo;aller au soleil durant les heures les plus chaudes.<\/p>\n","protected":false},"excerpt":{"rendered":"C&rsquo;est une magnifique journ\u00e9e dont va profiter Bordeaux, o\u00f9 le soleil va briller intens\u00e9ment. Le matin, de tr\u00e8s&hellip;\n","protected":false},"author":2,"featured_media":321752,"comment_status":"","ping_status":"","sticky":false,"template":"","format":"standard","meta":{"footnotes":""},"categories":[2817],"tags":[1111,11,3177,1997,1777,674,1011,27,2905,12,2219,2119,25],"class_list":{"0":"post-321751","1":"post","2":"type-post","3":"status-publish","4":"format-standard","5":"has-post-thumbnail","7":"category-bordeaux","8":"tag-actu","9":"tag-actualites","10":"tag-aquitaine","11":"tag-bordeaux","12":"tag-eu","13":"tag-europe","14":"tag-fr","15":"tag-france","16":"tag-gironde","17":"tag-news","18":"tag-nouvelle-aquitaine","19":"tag-previsions-meteo","20":"tag-republique-francaise"},"share_on_mastodon":{"url":"https:\/\/pubeurope.com\/@fr\/115035376591496411","error":""},"_links":{"self":[{"href":"https:\/\/www.europesays.com\/fr\/wp-json\/wp\/v2\/posts\/321751","targetHints":{"allow":["GET"]}}],"collection":[{"href":"https:\/\/www.europesays.com\/fr\/wp-json\/wp\/v2\/posts"}],"about":[{"href":"https:\/\/www.europesays.com\/fr\/wp-json\/wp\/v2\/types\/post"}],"author":[{"embeddable":true,"href":"https:\/\/www.europesays.com\/fr\/wp-json\/wp\/v2\/users\/2"}],"replies":[{"embeddable":true,"href":"https:\/\/www.europesays.com\/fr\/wp-json\/wp\/v2\/comments?post=321751"}],"version-history":[{"count":0,"href":"https:\/\/www.europesays.com\/fr\/wp-json\/wp\/v2\/posts\/321751\/revisions"}],"wp:featuredmedia":[{"embeddable":true,"href":"https:\/\/www.europesays.com\/fr\/wp-json\/wp\/v2\/media\/321752"}],"wp:attachment":[{"href":"https:\/\/www.europesays.com\/fr\/wp-json\/wp\/v2\/media?parent=321751"}],"wp:term":[{"taxonomy":"category","embeddable":true,"href":"https:\/\/www.europesays.com\/fr\/wp-json\/wp\/v2\/categories?post=321751"},{"taxonomy":"post_tag","embeddable":true,"href":"https:\/\/www.europesays.com\/fr\/wp-json\/wp\/v2\/tags?post=321751"}],"curies":[{"name":"wp","href":"https:\/\/api.w.org\/{rel}","templated":true}]}}