{"id":321761,"date":"2025-08-15T23:32:11","date_gmt":"2025-08-15T23:32:11","guid":{"rendered":"https:\/\/www.europesays.com\/fr\/321761\/"},"modified":"2025-08-15T23:32:11","modified_gmt":"2025-08-15T23:32:11","slug":"stade-brestois-29-losc-lavis-des-bretons-les-matchs-contre-lille-sont-toujours-importants","status":"publish","type":"post","link":"https:\/\/www.europesays.com\/fr\/321761\/","title":{"rendered":"Stade Brestois 29 &#8211; LOSC, l&rsquo;avis des Bretons : \u00ab\u00a0Les matchs contre Lille sont toujours importants\u00a0\u00bb"},"content":{"rendered":"<p><strong>Ce dimanche, le LOSC d\u00e9bute son championnat face au<br \/>\nStade Brestois 29 sur la pelouse du Stade Francis Le Bl\u00e9. Pour<br \/>\nl\u2019occasion, nous sommes all\u00e9s \u00e0 la rencontre de l\u2019\u00e9quipe de Brest<br \/>\nOn Air afin d\u2019\u00e9voquer la rencontre \u00e0 venir.<\/strong><\/p>\n<p>L\u2019heure est venue de tourner la page de la pr\u00e9-saison afin<br \/>\nd\u2019entamer celle de la Ligue 1 version 2025-2026. Du c\u00f4t\u00e9 Brestois,<br \/>\nla pr\u00e9paration s\u2019est bien d\u00e9roul\u00e9e puisque les hommes d\u2019Eric Roy en<br \/>\nsortent invaincue avec notamment une victoire de prestige face au<br \/>\nSC Napoli de K\u00e9vin De Bruyne. Au Nord, les Dogues sont mont\u00e9s en<br \/>\npuissance durant l\u2019\u00e9t\u00e9 et concluent leur pr\u00e9paration par 6 matchs,<br \/>\n3 victoires, 1 nul, 2 d\u00e9faites. Ainsi, ce dimanche, le LOSC se<br \/>\nd\u00e9place dans le Finist\u00e8re afin d\u2019affronter le Stade Brestois sur la<br \/>\npelouse du Stade Francis Le Bl\u00e9. Le coup d\u2019envoi de la rencontre<br \/>\nsera donn\u00e9 \u00e0 15h00 par Monsieur Cl\u00e9ment Turpin en direct sur Ligue<br \/>\n1 +.<\/p>\n<p><strong>La pr\u00e9-saison est termin\u00e9e, le Stade Brestois 29 semble<br \/>\navoir r\u00e9alis\u00e9 une pr\u00e9paration int\u00e9ressante. Quelle est la dynamique<br \/>\nactuelle de votre c\u00f4t\u00e9 ?\u00a0<\/strong><\/p>\n<p>La dynamique sportive est bonne, la pr\u00e9-saison s\u2019est tr\u00e8s bien<br \/>\npass\u00e9e (victoires contre Concarneau, Rennes, Le Havre et Naples ;<br \/>\nnul contre Sassuolo) et l\u2019\u00e9quipe est d\u00e9j\u00e0 tr\u00e8s coh\u00e9rente.<br \/>\nMalheureusement, l\u2019\u00e9quipe qui vient de finir la pr\u00e9paration<br \/>\npourrait \u00eatre tr\u00e8s diff\u00e9rente de celle du 31 ao\u00fbt : Brest vient de<br \/>\nlaisser partir l\u2019indispensable Mehdi Camara et peut-\u00eatre Pierre<br \/>\nLees-Melou. Du c\u00f4t\u00e9 des arriv\u00e9es, c\u2019est le calme plat honn\u00eatement.<br \/>\nBrest n\u2019a enregistr\u00e9 que 2 arriv\u00e9es cet \u00e9t\u00e9 : Junior Diaz (pr\u00eat<br \/>\nsans OA) pour jouer d\u00e9fenseur central et Radoslaw Majecki (pr\u00eat<br \/>\nsans OA, qui vient tout juste d\u2019arriver alors que le d\u00e9part de<br \/>\nMarco Bizot \u00e9tait attendu depuis au moins 1 an). En comparaison,<br \/>\nBrest a perdu une dizaine de joueurs par rapport \u00e0 la saison<br \/>\nderni\u00e8re. Le symbole de ceci, c\u2019est que Hianga\u2019a MBock est dans ce<br \/>\ngroupe qui va d\u00e9marrer en Ligue 1 alors qu\u2019il reste sur des pr\u00eats<br \/>\ntr\u00e8s d\u00e9cevants en Ligue 2 (\u00e0 Caen et au Red Star).<\/p>\n<p><strong>Pour la confrontation de ce week-end, selon toi, le LOSC<br \/>\ndoit se m\u00e9fier de quel Brestois ?<\/strong><\/p>\n<p>Mahdi Camara parti, ce sera \u00e9videmment Ludovic Ajorque. Tout le<br \/>\nmonde conna\u00eet ses qualit\u00e9s et il s\u2019est montr\u00e9 tr\u00e8s en forme en<br \/>\npr\u00e9-saison, devant le but mais surtout dans le jeu brestois. Outre<br \/>\nle match contre Naples lors duquel il a inscrit un doubl\u00e9 et son<br \/>\nbut contre Rennes, on l\u2019a vu dicter le pressing brestois et mettre<br \/>\n\u00e0 mal tous ses adversaires par son jeu dos au but. Il est<br \/>\nphysiquement pr\u00eat, tactiquement il sait ce que Brest veut faire et<br \/>\ntechniquement il reste l\u2019excellent joueur qu\u2019il a toujours \u00e9t\u00e9.<\/p>\n<p><strong>Au-del\u00e0 de Ludovic Ajorque, d\u2019un point de vue collectif,<br \/>\nquelles sont les forces et faiblesses du SB29 ?<\/strong><\/p>\n<p>La force reste ce squelette immuable (ce groupe de 7-8 joueurs<br \/>\nqui ne bouge pas : Lala, Chardonnet, Magnetti, Lees-Melou, Del<br \/>\nCastillo, Locko, Ajorque. Ils ont jou\u00e9 90% des rencontres<br \/>\nlorsqu\u2019ils \u00e9taient disponibles), qui a peu boug\u00e9 depuis 1 an \u2013<br \/>\nvoire deux. Il y aura des automatismes, une volont\u00e9 commune et une<br \/>\ngrosse force collective. En revanche, le banc fait peine \u00e0 voir. Si<br \/>\nBrest doit compter sur son banc pour faire un r\u00e9sultat, cela sera<br \/>\ntr\u00e8s compliqu\u00e9.<\/p>\n<p><strong>A quel dispositif doit-on s\u2019attendre sur le terrain du<br \/>\nc\u00f4t\u00e9 des Pirates ?<\/strong><\/p>\n<p>Habituellement, Eric Roy choisit un 4-3-3 classique. Mais au<br \/>\nregard de l\u2019effectif actuel et de son envie de relancer Kamory<br \/>\nDoumbia, Brest peut (et va) \u00e9galement jouer avec un losange au<br \/>\nmilieu, voire en sapin de No\u00ebl. Maintenant, dans toutes les<br \/>\nconfigurations l\u2019essentiel reste la grosse densit\u00e9 mise au milieu<br \/>\nde terrain \u2013 qu\u2019il faudra conserver sans Mahdi Camara.<\/p>\n<p><strong>Parlons LOSC ! Que penses-tu du collectif et de quel(s)<br \/>\njoueur(s) tu te m\u00e9fies le plus ?<\/strong><\/p>\n<p>J\u2019observe une dynamique un peu similaire \u00e0 Lille, avec beaucoup<br \/>\nde d\u00e9parts et moins d\u2019arriv\u00e9es. Mais la pr\u00e9paration semble avoir<br \/>\n\u00e9t\u00e9 bonne et certaines garanties demeurent. Lille est peut-\u00eatre<br \/>\nmoins rod\u00e9 que Brest mais a, normalement, plus de talent dans son<br \/>\neffectif. Pour le danger, forc\u00e9ment l\u2019attraction Olivier Giroud !<br \/>\nMais on surveillera \u00e9galement Romain Perraud, qui a laiss\u00e9 un tr\u00e8s<br \/>\nbon souvenir chez nous.<\/p>\n<p><strong>Quels souvenirs gardes-tu des derni\u00e8res confrontations<br \/>\nentre les deux formations ?<\/strong><\/p>\n<p>Les derni\u00e8res confrontations\u2026 toujours des matchs importants<br \/>\npour Brest ! Que ce soit dans la course \u00e0 la Ligue des champions il<br \/>\ny a 2 ans, avec le but de Satriano, ou l\u2019an pass\u00e9 pour encore r\u00eaver<br \/>\nd\u2019Europe. Et m\u00eame avant, quand Brest cherchait son maintien\u2026<br \/>\nhonn\u00eatement, \u00e0 Le Bl\u00e9, les souvenirs sont plut\u00f4t bons.<\/p>\n<p><strong>Enfin, \u00e0 quel genre de match t\u2019attends-tu ce week-end ?<br \/>\nUn pronostic pour le match et pour la saison ?\u00a0<\/strong><\/p>\n<p>Eh bien plut\u00f4t \u00e0 un beau match ! Assez diff\u00e9rent des matchs de<br \/>\nd\u00e9but de saison entre deux \u00e9quipes qui se cherchent. Je pense qu\u2019on<br \/>\nrentrera directement dans le c\u0153ur du sujet, grosse explication<br \/>\nentre deux belles \u00e9quipes qui ont perform\u00e9 en Ligue de champions<br \/>\nl\u2019an pass\u00e9. Match nul, 2-2. Et, pour un pronostic plus global,<br \/>\nc\u2019est assez dur de se prononcer au d\u00e9but du championnat mais je<br \/>\ndirais Lille 7e et Brest 9e.<\/p>\n<blockquote>\n<p style=\"text-align: center;\">Les 5 derni\u00e8res confrontations entre<br \/>\nle LOSC et le Stade Brestois<\/p>\n<\/blockquote>\n<p>2022-23 : LOSC 2-1 Stade Brestois<\/p>\n<p>2023-24 : LOSC 1-0 Stade Brestois<\/p>\n<p>2023-24 : Stade Brestois 1-1 LOSC<\/p>\n<p>2024-25 : LOSC 3-1 Stade Brestois<\/p>\n<p>2024- 25 : Stade Brestois 2-0 LOSC<\/p>\n","protected":false},"excerpt":{"rendered":"Ce dimanche, le LOSC d\u00e9bute son championnat face au Stade Brestois 29 sur la pelouse du Stade Francis&hellip;\n","protected":false},"author":2,"featured_media":321762,"comment_status":"","ping_status":"","sticky":false,"template":"","format":"standard","meta":{"footnotes":""},"categories":[2815],"tags":[1111,11,1777,674,1011,27,811,1307,12,25],"class_list":{"0":"post-321761","1":"post","2":"type-post","3":"status-publish","4":"format-standard","5":"has-post-thumbnail","7":"category-lille","8":"tag-actu","9":"tag-actualites","10":"tag-eu","11":"tag-europe","12":"tag-fr","13":"tag-france","14":"tag-hauts-de-france","15":"tag-lille","16":"tag-news","17":"tag-republique-francaise"},"share_on_mastodon":{"url":"https:\/\/pubeurope.com\/@fr\/115035396061404838","error":""},"_links":{"self":[{"href":"https:\/\/www.europesays.com\/fr\/wp-json\/wp\/v2\/posts\/321761","targetHints":{"allow":["GET"]}}],"collection":[{"href":"https:\/\/www.europesays.com\/fr\/wp-json\/wp\/v2\/posts"}],"about":[{"href":"https:\/\/www.europesays.com\/fr\/wp-json\/wp\/v2\/types\/post"}],"author":[{"embeddable":true,"href":"https:\/\/www.europesays.com\/fr\/wp-json\/wp\/v2\/users\/2"}],"replies":[{"embeddable":true,"href":"https:\/\/www.europesays.com\/fr\/wp-json\/wp\/v2\/comments?post=321761"}],"version-history":[{"count":0,"href":"https:\/\/www.europesays.com\/fr\/wp-json\/wp\/v2\/posts\/321761\/revisions"}],"wp:featuredmedia":[{"embeddable":true,"href":"https:\/\/www.europesays.com\/fr\/wp-json\/wp\/v2\/media\/321762"}],"wp:attachment":[{"href":"https:\/\/www.europesays.com\/fr\/wp-json\/wp\/v2\/media?parent=321761"}],"wp:term":[{"taxonomy":"category","embeddable":true,"href":"https:\/\/www.europesays.com\/fr\/wp-json\/wp\/v2\/categories?post=321761"},{"taxonomy":"post_tag","embeddable":true,"href":"https:\/\/www.europesays.com\/fr\/wp-json\/wp\/v2\/tags?post=321761"}],"curies":[{"name":"wp","href":"https:\/\/api.w.org\/{rel}","templated":true}]}}