{"id":321771,"date":"2025-08-15T23:40:11","date_gmt":"2025-08-15T23:40:11","guid":{"rendered":"https:\/\/www.europesays.com\/fr\/321771\/"},"modified":"2025-08-15T23:40:11","modified_gmt":"2025-08-15T23:40:11","slug":"victime-dun-malaise-une-femme-meurt-sur-la-plage-malgre-lintervention-des-sauveteurs-et-pompiers","status":"publish","type":"post","link":"https:\/\/www.europesays.com\/fr\/321771\/","title":{"rendered":"Victime d&rsquo;un malaise, une femme meurt sur la plage malgr\u00e9 l&rsquo;intervention des sauveteurs et pompiers"},"content":{"rendered":"<p>A Dunkerque, sur la plage de Malo-les-Bains, une femme a perdu la vie apr\u00e8s avoir fait un malaise dans la mer ce mercredi 15 ao\u00fbt 2025. Sauveteurs et pompiers n&rsquo;ont pu la sauver.<\/p>\n<p>\n      L\u2019actu des r\u00e9gions\n    <\/p>\n<p>\n      Chaque jour, un tour d\u2019horizon des principales infos de toutes les r\u00e9gions.\n    <\/p>\n<p>    France T\u00e9l\u00e9visions utilise votre adresse e-mail afin de vous envoyer la newsletter \u00ab\u00a0L\u2019actu des r\u00e9gions\u00a0\u00bb. Vous pouvez vous d\u00e9sinscrire \u00e0 tout moment via le lien en bas de cette newsletter. <a target=\"_blank\" href=\"https:\/\/www.francetelevisions.fr\/groupe\/confidentialite\/politique-de-confidentialite\/politique-de-confidentialite-de-france-televisions-6503\" rel=\"nofollow noopener\">Notre politique de confidentialit\u00e9<\/a><\/p>\n<p>Ce vendredi 15 ao\u00fbt sur la plage de Malo-les-Bains, \u00e0 Dunkerque (Nord), une femme de 79 ans est d\u00e9c\u00e9d\u00e9e apr\u00e8s avoir fait un malaise dans l&rsquo;eau, rapportent nos confr\u00e8res d&rsquo;<a href=\"https:\/\/www.francebleu.fr\/infos\/faits-divers-justice\/une-femme-de-79-ans-meurt-sur-la-plage-de-malo-les-bains-apres-un-malaise-dans-l-eau-1413135\" target=\"_blank\" rel=\"noopener nofollow\">ICI<\/a>.\u00a0<\/p>\n<p>Une femme de 79 ans a perdu la vie cet apr\u00e8s-midi, nous confirment les sauveteurs en mer de Dunkerque. Si plusieurs personnes l&rsquo;ont sorti de l&rsquo;eau apr\u00e8s son malaise et que les sauveteurs ont tent\u00e9 de la r\u00e9animer, elle n&rsquo;a pu \u00eatre sauv\u00e9e, malgr\u00e9 l&rsquo;arriv\u00e9e des pompiers par la suite.<\/p>\n","protected":false},"excerpt":{"rendered":"A Dunkerque, sur la plage de Malo-les-Bains, une femme a perdu la vie apr\u00e8s avoir fait un malaise&hellip;\n","protected":false},"author":2,"featured_media":321772,"comment_status":"","ping_status":"","sticky":false,"template":"","format":"standard","meta":{"footnotes":""},"categories":[1888],"tags":[1111,1928,11,1927,1777,674,1011,27,12,1926,626,1925,25],"class_list":{"0":"post-321771","1":"post","2":"type-post","3":"status-publish","4":"format-standard","5":"has-post-thumbnail","7":"category-paris","8":"tag-actu","9":"tag-actu-paris","10":"tag-actualites","11":"tag-actualites-paris","12":"tag-eu","13":"tag-europe","14":"tag-fr","15":"tag-france","16":"tag-news","17":"tag-news-paris","18":"tag-paris","19":"tag-paris-news","20":"tag-republique-francaise"},"share_on_mastodon":{"url":"https:\/\/pubeurope.com\/@fr\/115035427640888432","error":""},"_links":{"self":[{"href":"https:\/\/www.europesays.com\/fr\/wp-json\/wp\/v2\/posts\/321771","targetHints":{"allow":["GET"]}}],"collection":[{"href":"https:\/\/www.europesays.com\/fr\/wp-json\/wp\/v2\/posts"}],"about":[{"href":"https:\/\/www.europesays.com\/fr\/wp-json\/wp\/v2\/types\/post"}],"author":[{"embeddable":true,"href":"https:\/\/www.europesays.com\/fr\/wp-json\/wp\/v2\/users\/2"}],"replies":[{"embeddable":true,"href":"https:\/\/www.europesays.com\/fr\/wp-json\/wp\/v2\/comments?post=321771"}],"version-history":[{"count":0,"href":"https:\/\/www.europesays.com\/fr\/wp-json\/wp\/v2\/posts\/321771\/revisions"}],"wp:featuredmedia":[{"embeddable":true,"href":"https:\/\/www.europesays.com\/fr\/wp-json\/wp\/v2\/media\/321772"}],"wp:attachment":[{"href":"https:\/\/www.europesays.com\/fr\/wp-json\/wp\/v2\/media?parent=321771"}],"wp:term":[{"taxonomy":"category","embeddable":true,"href":"https:\/\/www.europesays.com\/fr\/wp-json\/wp\/v2\/categories?post=321771"},{"taxonomy":"post_tag","embeddable":true,"href":"https:\/\/www.europesays.com\/fr\/wp-json\/wp\/v2\/tags?post=321771"}],"curies":[{"name":"wp","href":"https:\/\/api.w.org\/{rel}","templated":true}]}}