{"id":321812,"date":"2025-08-16T00:04:28","date_gmt":"2025-08-16T00:04:28","guid":{"rendered":"https:\/\/www.europesays.com\/fr\/321812\/"},"modified":"2025-08-16T00:04:28","modified_gmt":"2025-08-16T00:04:28","slug":"concours-photos-2025-les-200-ans-du-vieux-pont","status":"publish","type":"post","link":"https:\/\/www.europesays.com\/fr\/321812\/","title":{"rendered":"Concours Photos 2025 \u00ab\u00a0Les 200 ans du Vieux Pont\u00a0\u00bb"},"content":{"rendered":"<p>\t\tLisez cet article en    2 minutes<\/p>\n<p>La Ville de Bergerac a lanc\u00e9 son 5e concours photos sur le th\u00e8me <strong>\u00ab Les 200 ans du Vieux Pont de Bergerac \u00bb<\/strong>. Il s\u2019inscrit dans le cadre de la c\u00e9l\u00e9bration du 200e anniversaire de l\u2019ouvrage en 2025.<\/p>\n<p>Il \u00e9tait ouvert \u00e0 tous les <strong>habitants du territoire de la Communaut\u00e9 d\u2019agglom\u00e9ration Bergeracoise<\/strong>, photographes amateurs et professionnels<\/p>\n<p><strong>Chaque participant avait la possibilit\u00e9 de d\u00e9poser une seule photo (portrait ou paysage) en couleur ou noir et blanc<\/strong> <strong>du 28 mai 2025 au 1er ao\u00fbt 2025.<\/strong><\/p>\n<p><strong>Le jury a s\u00e9lectionn\u00e9 20 photos<\/strong> qui sont d\u00e9sormais soumises au <strong>vote du public du 14 ao\u00fbt 2025 au 4 septembre 2025<\/strong> (ci-dessous) pour d\u00e9signer <strong>les 3 gagnants<\/strong>.<\/p>\n<p>Votez pour vos 3 photos favorites !<\/p>\n<p>Vote ouvert jusqu\u2019au 4 septembre.<\/p>\n<p> <strong>Cliquez sur l\u2019image pour l\u2019ouvrir en entier.<\/strong><\/p>\n<p><strong>Photos s\u00e9lectionn\u00e9es hors concours<\/strong><\/p>\n<p><img loading=\"lazy\" decoding=\"async\" width=\"912\" height=\"684\" src=\"https:\/\/www.europesays.com\/fr\/wp-content\/uploads\/2025\/08\/IMG_20230311_174949-01.jpg\" alt=\"\" class=\"wp-image-69954\"  \/><\/p>\n<p>Gardiennes du pont<\/p>\n<p><img loading=\"lazy\" decoding=\"async\" width=\"1024\" height=\"768\" src=\"https:\/\/www.europesays.com\/fr\/wp-content\/uploads\/2025\/08\/Le-joli-pont-de-Bergerac-1024x768.jpg\" alt=\"\" class=\"wp-image-69955\" style=\"width:900px;height:auto\"  \/><\/p>\n<p>Le joli pont de Bergerac<\/p>\n<p><img loading=\"lazy\" decoding=\"async\" width=\"1024\" height=\"768\" src=\"https:\/\/www.europesays.com\/fr\/wp-content\/uploads\/2025\/08\/raymond-sophie-photo-1024x768.jpg\" alt=\"\" class=\"wp-image-69956\"  \/><\/p>\n<p>Coucher de soleil sur le vieux pont<\/p>\n<p>Ces articles peuvent vous int\u00e9resser : <\/p>\n","protected":false},"excerpt":{"rendered":"Lisez cet article en 2 minutes La Ville de Bergerac a lanc\u00e9 son 5e concours photos sur le&hellip;\n","protected":false},"author":2,"featured_media":321813,"comment_status":"","ping_status":"","sticky":false,"template":"","format":"standard","meta":{"footnotes":""},"categories":[1358],"tags":[1348,1384,1385,1386,58,59,1011,27],"class_list":{"0":"post-321812","1":"post","2":"type-post","3":"status-publish","4":"format-standard","5":"has-post-thumbnail","7":"category-arts-et-design","8":"tag-arts","9":"tag-arts-and-design","10":"tag-arts-et-design","11":"tag-design","12":"tag-divertissement","13":"tag-entertainment","14":"tag-fr","15":"tag-france"},"share_on_mastodon":{"url":"https:\/\/pubeurope.com\/@fr\/115035522058233263","error":""},"_links":{"self":[{"href":"https:\/\/www.europesays.com\/fr\/wp-json\/wp\/v2\/posts\/321812","targetHints":{"allow":["GET"]}}],"collection":[{"href":"https:\/\/www.europesays.com\/fr\/wp-json\/wp\/v2\/posts"}],"about":[{"href":"https:\/\/www.europesays.com\/fr\/wp-json\/wp\/v2\/types\/post"}],"author":[{"embeddable":true,"href":"https:\/\/www.europesays.com\/fr\/wp-json\/wp\/v2\/users\/2"}],"replies":[{"embeddable":true,"href":"https:\/\/www.europesays.com\/fr\/wp-json\/wp\/v2\/comments?post=321812"}],"version-history":[{"count":0,"href":"https:\/\/www.europesays.com\/fr\/wp-json\/wp\/v2\/posts\/321812\/revisions"}],"wp:featuredmedia":[{"embeddable":true,"href":"https:\/\/www.europesays.com\/fr\/wp-json\/wp\/v2\/media\/321813"}],"wp:attachment":[{"href":"https:\/\/www.europesays.com\/fr\/wp-json\/wp\/v2\/media?parent=321812"}],"wp:term":[{"taxonomy":"category","embeddable":true,"href":"https:\/\/www.europesays.com\/fr\/wp-json\/wp\/v2\/categories?post=321812"},{"taxonomy":"post_tag","embeddable":true,"href":"https:\/\/www.europesays.com\/fr\/wp-json\/wp\/v2\/tags?post=321812"}],"curies":[{"name":"wp","href":"https:\/\/api.w.org\/{rel}","templated":true}]}}