{"id":321814,"date":"2025-08-16T00:05:10","date_gmt":"2025-08-16T00:05:10","guid":{"rendered":"https:\/\/www.europesays.com\/fr\/321814\/"},"modified":"2025-08-16T00:05:10","modified_gmt":"2025-08-16T00:05:10","slug":"louvrage-celebre-ses-25-ans","status":"publish","type":"post","link":"https:\/\/www.europesays.com\/fr\/321814\/","title":{"rendered":"L&rsquo;ouvrage c\u00e9l\u00e8bre ses 25 ans"},"content":{"rendered":"<p><strong>L\u2019Annuel de l\u2019automobile c\u00e9l\u00e8bre son 25e anniversaire. L&rsquo;\u00e9dition 2026 comporte l&rsquo;analyse de 289 v\u00e9hicules sur 736 pages.\u00a0<\/strong><\/p>\n<p>Qu\u2019est-ce qui explique le succ\u00e8s de cet ouvrage?<\/p>\n<p>\u00c9coutez Beno\u00eet Charette, chroniqueur automobile, auteur de\u00a0L\u2019Annuel de l\u2019automobile 2026 et animateur du balado \u00c7a tient la route, au micro de Qu\u00e9bec Maintenant.<\/p>\n<p>Parmi les sujets abord\u00e9s:<\/p>\n<ul>\n<li>On d\u00e9cortique le succ\u00e8s de L&rsquo;Annuel de l&rsquo;automobile;<\/li>\n<li>Comment Beno\u00eet Charette est devenu l&rsquo;une des r\u00e9f\u00e9rences du monde de l&rsquo;automobile?<\/li>\n<li>Les premi\u00e8res voitures des membres de l&rsquo;\u00e9quipe.<\/li>\n<\/ul>\n","protected":false},"excerpt":{"rendered":"L\u2019Annuel de l\u2019automobile c\u00e9l\u00e8bre son 25e anniversaire. L&rsquo;\u00e9dition 2026 comporte l&rsquo;analyse de 289 v\u00e9hicules sur 736 pages.\u00a0 Qu\u2019est-ce&hellip;\n","protected":false},"author":2,"featured_media":321815,"comment_status":"","ping_status":"","sticky":false,"template":"","format":"standard","meta":{"footnotes":""},"categories":[1357],"tags":[1379,58,59,1011,27,1380,104],"class_list":{"0":"post-321814","1":"post","2":"type-post","3":"status-publish","4":"format-standard","5":"has-post-thumbnail","7":"category-livres","8":"tag-books","9":"tag-divertissement","10":"tag-entertainment","11":"tag-fr","12":"tag-france","13":"tag-livres","14":"tag-societe"},"share_on_mastodon":{"url":"https:\/\/pubeurope.com\/@fr\/115035525901876978","error":""},"_links":{"self":[{"href":"https:\/\/www.europesays.com\/fr\/wp-json\/wp\/v2\/posts\/321814","targetHints":{"allow":["GET"]}}],"collection":[{"href":"https:\/\/www.europesays.com\/fr\/wp-json\/wp\/v2\/posts"}],"about":[{"href":"https:\/\/www.europesays.com\/fr\/wp-json\/wp\/v2\/types\/post"}],"author":[{"embeddable":true,"href":"https:\/\/www.europesays.com\/fr\/wp-json\/wp\/v2\/users\/2"}],"replies":[{"embeddable":true,"href":"https:\/\/www.europesays.com\/fr\/wp-json\/wp\/v2\/comments?post=321814"}],"version-history":[{"count":0,"href":"https:\/\/www.europesays.com\/fr\/wp-json\/wp\/v2\/posts\/321814\/revisions"}],"wp:featuredmedia":[{"embeddable":true,"href":"https:\/\/www.europesays.com\/fr\/wp-json\/wp\/v2\/media\/321815"}],"wp:attachment":[{"href":"https:\/\/www.europesays.com\/fr\/wp-json\/wp\/v2\/media?parent=321814"}],"wp:term":[{"taxonomy":"category","embeddable":true,"href":"https:\/\/www.europesays.com\/fr\/wp-json\/wp\/v2\/categories?post=321814"},{"taxonomy":"post_tag","embeddable":true,"href":"https:\/\/www.europesays.com\/fr\/wp-json\/wp\/v2\/tags?post=321814"}],"curies":[{"name":"wp","href":"https:\/\/api.w.org\/{rel}","templated":true}]}}