{"id":321816,"date":"2025-08-16T00:06:11","date_gmt":"2025-08-16T00:06:11","guid":{"rendered":"https:\/\/www.europesays.com\/fr\/321816\/"},"modified":"2025-08-16T00:06:11","modified_gmt":"2025-08-16T00:06:11","slug":"immersion-passion-et-probleme-de-son-pour-sa-grande-premiere-la-nouvelle-chaine-ligue-1-reussit-son-lancement","status":"publish","type":"post","link":"https:\/\/www.europesays.com\/fr\/321816\/","title":{"rendered":"Immersion, passion (et probl\u00e8me de son)\u2026 Pour sa grande premi\u00e8re, la nouvelle cha\u00eene Ligue 1 +\u00a0r\u00e9ussit son lancement"},"content":{"rendered":"<p>Les premi\u00e8res fois sont rarement une grande r\u00e9ussite (toi-m\u00eame tu sais, fais pas l\u2019innocent) mais, pour le coup, la nouvelle cha\u00eene Ligue 1 +\u00a0a plut\u00f4t r\u00e9ussi son grand lancement. Tr\u00e8s attendue par les t\u00e9l\u00e9spectateurs qui avaient fui DAZN et <a href=\"https:\/\/www.20minutes.fr\/sport\/football\/ligue-1\/4105888-20240816-ligue-1-ca-sent-fiasco-fatigues-etre-pris-pigeons-fans-foot-prets-boycotter-dazn\" target=\"_blank\" class=\"c-link c-link--is-underlined\" rel=\"nofollow noopener\">ses tarifs d\u2019\u00e9mirs du p\u00e9trole<\/a> la saison derni\u00e8re, la plateforme estampill\u00e9e LFP ne devait pas se prendre les pieds dans le tapis du vestibule pour sa grande premi\u00e8re \u00e0 l\u2019occasion du <a href=\"https:\/\/www.20minutes.fr\/sport\/football\/ligue-1\/4168122-20250815-direct-rennes-om-choc-entree-retour-ligue-1-demande-peuple-suivez-match-20h#mbrs-comments-container\" target=\"_blank\" class=\"c-link c-link--is-underlined\" rel=\"nofollow noopener\">choc entre Rennes et Marseille<\/a>.<\/p>\n<p>Et \u00e0 part un probl\u00e8me de micro pour le nouveau consultant Souleymane Diawara (pour les plus jeunes qui nous lisent, il s\u2019agit l\u2019ancienne grande faucheuse de l\u2019OM des ann\u00e9es\u00a02010), pas grand-chose \u00e0 redire aux \u00e9quipes de L1 +. On les remerciera de nous avoir \u00e9pargn\u00e9 <a href=\"https:\/\/www.20minutes.fr\/sport\/football\/ligue-1\/4106067-20240817-havre-psg-alors-ca-donne-quoi-grande-premiere-dazn-ligue-1\" target=\"_blank\" class=\"c-link c-link--is-underlined\" rel=\"nofollow noopener\">le tutoiement \u00ab\u00a0\u00e0 la cool\u00a0\u00bb version DAZN<\/a> de la saison pass\u00e9e, tout comme on se r\u00e9gale par avance de ces cam\u00e9ras qui nous plongent au c\u0153ur de la vie des \u00e9quipes avant et apr\u00e8s le match.<\/p>\n<blockquote class=\"twitter-tweet\" align=\"center\" data-lang=\"fr_FR\">\n<p lang=\"fr\" dir=\"ltr\">Pas encore d&#8217;emploi de \u00ab\u00a0masterclass\u00a0\u00bb ou \u00ab\u00a0banger\u00a0\u00bb sur Ligue 1+, m\u00eame si on va attendre un match o\u00f9 il se passe quelque chose pour vraiment se r\u00e9jouir.<\/p>\n<p>\u2014 Hugo H\u00e9lin (@helinhz) <a href=\"https:\/\/twitter.com\/helinhz\/status\/1956439402990743731?ref_src=twsrc%5Etfw\" rel=\"nofollow noopener\" target=\"_blank\">August 15, 2025<\/a><\/p><\/blockquote>\n<p class=\"mb-xxl@xs color-ultramarine font-weight-semi-bold@xs font-source-serif-pro heading-s@xs\">L\u2019acc\u00e8s \u00e0 ce contenu a \u00e9t\u00e9 bloqu\u00e9 afin de respecter votre choix de consentement<\/p>\n<p class=\"mb-m@xs text-l@xs\">En cliquant sur\u00ab J\u2019accepte \u00bb, vous acceptez le d\u00e9p\u00f4t de cookies par des services externes et aurez ainsi acc\u00e8s aux contenus de nos partenaires.<\/p>\n<p class=\"mb-xl@xs text-s@xs\">Plus d\u2019informations sur la page<a href=\"https:\/\/www.20minutes.fr\/gestion-cookies\" class=\"mx-xxs@xs color-ultramarine\" rel=\"nofollow noopener\" target=\"_blank\">Politique de gestion des cookies<\/a><\/p>\n<p>J\u2019accepte<\/p>\n<p>On a ainsi pu assister \u00e0 la venue des deux capitaines du soir, Valentin Rongier c\u00f4t\u00e9 Rennais et L\u00e9o Balerdi c\u00f4t\u00e9 OM, dans les vestiaires de l\u2019arbitre pour signer la feuille de match. Cela donne un petit c\u00f4t\u00e9 vintage qui nous rappelle nos ann\u00e9es de foot en District et rien que pour \u00e7a, merci pour le clin d\u2019\u0153il. On passera sur la s\u00e9quence suivante, quand Souleymane Diawara nous lit un \u00e0 un les noms inscrits sur la feuille de match en question, et qui, quoiqu\u2019en dise la journaliste qui l\u2019accompagnait &#8211; \u00ab\u00a0un moment incroyable\u00a0\u00bb, \u00e0 l\u2019en croire &#8211; \u00e9tait plus g\u00eanante qu\u2019informative.<\/p>\n<p>Quant \u00e0 l\u2019\u00e9mission d\u2019avant-match, \u00ab\u00a0Kick Off\u00a0\u00bb, rien de bien r\u00e9volutionnaire si ce n\u2019est la (petite) taille du plateau et le costard trop serr\u00e9 de notre confr\u00e8re et ami Swann Borsellino, qu\u2019on embrasse. Quelques d\u00e9bats, une interview d\u2019un joueur apr\u00e8s l\u2019\u00e9chauffement et une palette tactique anim\u00e9e par Adil Rami (qu\u2019on sent tr\u00e8s \u00e0 l\u2019aise dans ce r\u00f4le de consultant mi-s\u00e9rieux\/mi-marrant), on peut parler de grand classique mais r\u00e9alis\u00e9 sans fausses notes ni fioritures, ce qui est un bon d\u00e9but.<\/p>\n<p>Une immersion qui fait plaisir<\/p>\n<p>Ce qui change fondamentalement par rapport \u00e0 la saison pass\u00e9e, c\u2019est le c\u00f4t\u00e9 \u00ab\u00a0inside\u00a0\u00bb qui souhaite apporter Ligue 1 +\u00a0\u00e0 ses abonn\u00e9s. Dos au mur apr\u00e8s avoir compris que leur championnat ne valait pas un rond ou presque, les clubs, en manque d\u2019argent, vont enfin devoir se faire violence pour permettre aux \u00e9quipes de L1 +\u00a0de faire vivre le feuilleton de la Ligue 1 de mani\u00e8re un peu plus immersive que par le pass\u00e9.<\/p>\n<\/p>\n<p>On appr\u00e9cie ainsi de voir (et d\u2019entendre) ce qui se dit dans les vestiaires et dans les couloirs avant et apr\u00e8s les matchs. On va attendre de voir la suite du dispositif, avec notamment le grand retour du multiplex du dimanche apr\u00e8s-midi et l\u2019\u00e9mission dominicale, pour d\u00e9finitivement nous prononcer suer la qualit\u00e9 du produit propos\u00e9. Mais cette premi\u00e8re soir\u00e9e nous donne quand m\u00eame de bonnes raisons de croire \u00e0 une saison passionnante \u00e0 suivre sur la plateforme de la LFP.<\/p>\n<p><script async src=\"https:\/\/platform.twitter.com\/widgets.js\" charset=\"utf-8\"><\/script><\/p>\n","protected":false},"excerpt":{"rendered":"Les premi\u00e8res fois sont rarement une grande r\u00e9ussite (toi-m\u00eame tu sais, fais pas l\u2019innocent) mais, pour le coup,&hellip;\n","protected":false},"author":2,"featured_media":321817,"comment_status":"","ping_status":"","sticky":false,"template":"","format":"standard","meta":{"footnotes":""},"categories":[1356],"tags":[58,10475,59,63,1011,27,66,2333,517,3087,252,1364],"class_list":{"0":"post-321816","1":"post","2":"type-post","3":"status-publish","4":"format-standard","5":"has-post-thumbnail","7":"category-television","8":"tag-divertissement","9":"tag-droits-tv","10":"tag-entertainment","11":"tag-football","12":"tag-fr","13":"tag-france","14":"tag-ligue-1","15":"tag-olympique-de-marseille-om","16":"tag-sport","17":"tag-stade-rennais","18":"tag-television","19":"tag-tv"},"share_on_mastodon":{"url":"https:\/\/pubeurope.com\/@fr\/115035529818788929","error":""},"_links":{"self":[{"href":"https:\/\/www.europesays.com\/fr\/wp-json\/wp\/v2\/posts\/321816","targetHints":{"allow":["GET"]}}],"collection":[{"href":"https:\/\/www.europesays.com\/fr\/wp-json\/wp\/v2\/posts"}],"about":[{"href":"https:\/\/www.europesays.com\/fr\/wp-json\/wp\/v2\/types\/post"}],"author":[{"embeddable":true,"href":"https:\/\/www.europesays.com\/fr\/wp-json\/wp\/v2\/users\/2"}],"replies":[{"embeddable":true,"href":"https:\/\/www.europesays.com\/fr\/wp-json\/wp\/v2\/comments?post=321816"}],"version-history":[{"count":0,"href":"https:\/\/www.europesays.com\/fr\/wp-json\/wp\/v2\/posts\/321816\/revisions"}],"wp:featuredmedia":[{"embeddable":true,"href":"https:\/\/www.europesays.com\/fr\/wp-json\/wp\/v2\/media\/321817"}],"wp:attachment":[{"href":"https:\/\/www.europesays.com\/fr\/wp-json\/wp\/v2\/media?parent=321816"}],"wp:term":[{"taxonomy":"category","embeddable":true,"href":"https:\/\/www.europesays.com\/fr\/wp-json\/wp\/v2\/categories?post=321816"},{"taxonomy":"post_tag","embeddable":true,"href":"https:\/\/www.europesays.com\/fr\/wp-json\/wp\/v2\/tags?post=321816"}],"curies":[{"name":"wp","href":"https:\/\/api.w.org\/{rel}","templated":true}]}}