{"id":321842,"date":"2025-08-16T00:23:40","date_gmt":"2025-08-16T00:23:40","guid":{"rendered":"https:\/\/www.europesays.com\/fr\/321842\/"},"modified":"2025-08-16T00:23:40","modified_gmt":"2025-08-16T00:23:40","slug":"transferts-rc-toulon-2025-recrues-departs-et-prolongations","status":"publish","type":"post","link":"https:\/\/www.europesays.com\/fr\/321842\/","title":{"rendered":"Transferts RC Toulon 2025 : Recrues, d\u00e9parts et prolongations"},"content":{"rendered":"<p style=\"text-align: justify;\"><strong>TRANSFERTS RC TOULON \u2013 Arriv\u00e9es, d\u00e9parts, prolongations, rumeurs : retrouvez toutes les informations transferts du RC Toulon pour la saison 2025-2026.<\/strong><\/p>\n<p style=\"text-align: justify;\">Le <strong>RC Toulon<\/strong> s\u2019est activ\u00e9 sur le march\u00e9 des transferts. Le club varois a d\u00e9j\u00e0 act\u00e9 quatre signatures en vue de la saison prochaine. Le troisi\u00e8me ligne anglais <strong>Zach Mercer<\/strong> (28 ans, Gloucester) et le demi d\u2019ouverture <strong>Mat\u00e9o Garcia<\/strong> (22 ans, UBB) ont en effet donn\u00e9 leur accord pour plusieurs saisons. Clovis Le Bail (29 ans) va apporter de la profondeur au poste de num\u00e9ro 9. <strong>Ignacio Brex<\/strong> (32 ans) vient lui densifier le centre du terrain.<strong>\u00a0Patrick Tuifua<\/strong> (20 ans, troisi\u00e8me ligne) a finalement dit oui \u00e0 Toulon apr\u00e8s de longs mois de discussions. <strong>Mathis<\/strong> <strong>Fert\u00e9<\/strong> va lui quitter <strong>Brive<\/strong> malgr\u00e9 un contrat sur le long terme pour rejoindre l\u2019effectif de <strong>Pierre<\/strong> <strong>Mignoni<\/strong>.<\/p>\n<p style=\"text-align: justify;\">Dans le sens des d\u00e9parts, trois joueurs sont d\u2019ores et d\u00e9j\u00e0 assur\u00e9s de ne plus porter le maillot toulonnais la saison prochaine : l\u2019ouvreur gallois <strong>Dan Biggar<\/strong> (35 ans), l\u2019international samoan <strong>Duncan Paia\u2019aua<\/strong> (30 ans, centre) ainsi que l\u2019ailier n\u00e9o-z\u00e9landais <strong>Leicester Fainga\u2019anuku<\/strong> (25 ans). Ce dernier va retrouver les Crusaders l\u2019ann\u00e9e prochaine.\u00a0Enfin, le cas <strong>Enzo Herv\u00e9<\/strong> (26 ans, ouvreur) reste incertain, m\u00eame s\u2019il ne devrait pas signer \u00e0 Clermont. <strong>Yannick<\/strong> <strong>Youyoutte<\/strong> n\u2019a lui pas attendu la fin de la saison pour quitter le club et rejoindre Provence Rugby. Les Varois perdront aussi <strong>Jiuta Waniquolo<\/strong>, qui a sign\u00e9 \u00e0 Lyon, et <strong>Emerick<\/strong> <strong>Seitano<\/strong> qui a dit oui \u00e0 <strong>Bayonne<\/strong>.<\/p>\n<p style=\"text-align: justify;\">Enfin, au rayon des prolongations, le pilier gauche <strong>Dany Priso<\/strong> (31 ans, 2028), le talonneur <strong>Teddy Baubigny<\/strong> (26 ans, 2029), le deuxi\u00e8me ligne <strong>Matthias Halagahu<\/strong> (23 ans, 2028), le troisi\u00e8me ligne <strong>Esteban Abadie<\/strong> (27 ans, 2028) et le trois-quarts polyvalent <strong>Setariki\u00a0Tuicuvu<\/strong> (29 ans, 2028) ont rempil\u00e9 sur la dur\u00e9e. D\u2019autres prolongations sont attendues, dont celle de <strong>Baptiste Serin<\/strong> (31 ans), en fin de bail en 2026.<\/p>\n<p style=\"text-align: justify;\"><strong>En gras : Officiel ou Certain<\/strong><br \/>En \u00e9criture normale : Rumeur ou Attendu<\/p>\n<p style=\"text-align: justify;\"><strong>PS : Si certains transferts et\/ou certaines prolongations sont oubli\u00e9s dans ce tableau, n\u2019h\u00e9sitez pas \u00e0 nous les signaler, merci !<\/strong><\/p>\n<p>\u00c0 lire aussi<br \/>\n<a href=\"https:\/\/dicodusport.fr\/blog\/dupont-russell-biggar-les-salaires-des-6-joueurs-de-rugby-les-mieux-payes\/\" class=\"vlp-link\" title=\"Dupont, Russell, Biggar : Les salaires des 6 joueurs de rugby les mieux pay\u00e9s\" target=\"_blank\" rel=\"noopener\"><img loading=\"lazy\" decoding=\"async\" style=\"max-width: 800px;\" width=\"800\" height=\"445\" class=\"attachment-800x445 size-800x445 perfmatters-lazy\" alt=\"Dupont, Russell, Biggar Les salaires des 6 joueurs de rugby les mieux pay\u00e9s\" src=\"https:\/\/www.europesays.com\/fr\/wp-content\/uploads\/2025\/08\/Dupont-Russell-Biggar-Les-salaires-des-6-joueurs-de-rugby-les-mieux-payes.png\"  data-\/><\/p>\n<p>Dupont, Russell, Biggar : Les salaires des 6 joueurs de rugby les mieux pay\u00e9s<\/p>\n<p>RUGBY \u00c0 XV &#8211; R\u00e9cemment, le m\u00e9dia britannique Ruck a d\u00e9voil\u00e9 les salaires des 6 joueurs les mieux pay\u00e9s au monde. Parmi eux, on retrouve le capitaine du XV de France, Antoine Dupont.<\/p>\n<p>Lire l&rsquo;article<\/p>\n<p>dicodusport.fr<\/p>\n","protected":false},"excerpt":{"rendered":"TRANSFERTS RC TOULON \u2013 Arriv\u00e9es, d\u00e9parts, prolongations, rumeurs : retrouvez toutes les informations transferts du RC Toulon pour&hellip;\n","protected":false},"author":2,"featured_media":321843,"comment_status":"","ping_status":"","sticky":false,"template":"","format":"standard","meta":{"footnotes":""},"categories":[9619],"tags":[1111,11,1777,674,1011,27,45956,12,882,8177,25,478,2310,24662,477,36445],"class_list":{"0":"post-321842","1":"post","2":"type-post","3":"status-publish","4":"format-standard","5":"has-post-thumbnail","7":"category-toulon","8":"tag-actu","9":"tag-actualites","10":"tag-eu","11":"tag-europe","12":"tag-fr","13":"tag-france","14":"tag-mercato-top-14","15":"tag-news","16":"tag-provence-alpes-cote-dazur","17":"tag-rc-toulon","18":"tag-republique-francaise","19":"tag-top-14","20":"tag-toulon","21":"tag-transferts-rc-toulon","22":"tag-transferts-rugby","23":"tag-transferts-top-14"},"share_on_mastodon":{"url":"https:\/\/pubeurope.com\/@fr\/115035596638511695","error":""},"_links":{"self":[{"href":"https:\/\/www.europesays.com\/fr\/wp-json\/wp\/v2\/posts\/321842","targetHints":{"allow":["GET"]}}],"collection":[{"href":"https:\/\/www.europesays.com\/fr\/wp-json\/wp\/v2\/posts"}],"about":[{"href":"https:\/\/www.europesays.com\/fr\/wp-json\/wp\/v2\/types\/post"}],"author":[{"embeddable":true,"href":"https:\/\/www.europesays.com\/fr\/wp-json\/wp\/v2\/users\/2"}],"replies":[{"embeddable":true,"href":"https:\/\/www.europesays.com\/fr\/wp-json\/wp\/v2\/comments?post=321842"}],"version-history":[{"count":0,"href":"https:\/\/www.europesays.com\/fr\/wp-json\/wp\/v2\/posts\/321842\/revisions"}],"wp:featuredmedia":[{"embeddable":true,"href":"https:\/\/www.europesays.com\/fr\/wp-json\/wp\/v2\/media\/321843"}],"wp:attachment":[{"href":"https:\/\/www.europesays.com\/fr\/wp-json\/wp\/v2\/media?parent=321842"}],"wp:term":[{"taxonomy":"category","embeddable":true,"href":"https:\/\/www.europesays.com\/fr\/wp-json\/wp\/v2\/categories?post=321842"},{"taxonomy":"post_tag","embeddable":true,"href":"https:\/\/www.europesays.com\/fr\/wp-json\/wp\/v2\/tags?post=321842"}],"curies":[{"name":"wp","href":"https:\/\/api.w.org\/{rel}","templated":true}]}}