{"id":321846,"date":"2025-08-16T00:27:23","date_gmt":"2025-08-16T00:27:23","guid":{"rendered":"https:\/\/www.europesays.com\/fr\/321846\/"},"modified":"2025-08-16T00:27:23","modified_gmt":"2025-08-16T00:27:23","slug":"dijon-fco-fc-rouen-1-1","status":"publish","type":"post","link":"https:\/\/www.europesays.com\/fr\/321846\/","title":{"rendered":"Dijon FCO &#8211; FC Rouen : 1 &#8211; 1 &#8230;"},"content":{"rendered":"<p>\u00ab\u00a0Un point c\u2019est tout\u00a0\u00bb<\/p>\n<p>Sur une erreur de marquage rouennaise, le dijonnais Barka ouvre le score d\u00e8s la deuxi\u00e9me minute.<\/p>\n<p>Sur une erreur d\u00e9fensive dijonnaise ( m\u00e9sentente entre le gardien et un d\u00e9fenseur ), p\u00e9nalty pour Rouen, \u00e9galisation par Kenny Rochas Santos (21 \u00e8me minute).<\/p>\n<p>Au jeu des \u00ab\u00a0deux erreurs\u00a0\u00bb, dijonnais et rouennais se quittent sur un match nul 1 \u2013 1.<\/p>\n<p>Allez Rouen<\/p>\n","protected":false},"excerpt":{"rendered":"\u00ab\u00a0Un point c\u2019est tout\u00a0\u00bb Sur une erreur de marquage rouennaise, le dijonnais Barka ouvre le score d\u00e8s la&hellip;\n","protected":false},"author":2,"featured_media":319262,"comment_status":"","ping_status":"","sticky":false,"template":"","format":"standard","meta":{"footnotes":""},"categories":[9587],"tags":[1111,11,1777,674,1011,27,12,5161,25,9590],"class_list":{"0":"post-321846","1":"post","2":"type-post","3":"status-publish","4":"format-standard","5":"has-post-thumbnail","7":"category-rouen","8":"tag-actu","9":"tag-actualites","10":"tag-eu","11":"tag-europe","12":"tag-fr","13":"tag-france","14":"tag-news","15":"tag-normandie","16":"tag-republique-francaise","17":"tag-rouen"},"share_on_mastodon":{"url":"https:\/\/pubeurope.com\/@fr\/115035612285404066","error":""},"_links":{"self":[{"href":"https:\/\/www.europesays.com\/fr\/wp-json\/wp\/v2\/posts\/321846","targetHints":{"allow":["GET"]}}],"collection":[{"href":"https:\/\/www.europesays.com\/fr\/wp-json\/wp\/v2\/posts"}],"about":[{"href":"https:\/\/www.europesays.com\/fr\/wp-json\/wp\/v2\/types\/post"}],"author":[{"embeddable":true,"href":"https:\/\/www.europesays.com\/fr\/wp-json\/wp\/v2\/users\/2"}],"replies":[{"embeddable":true,"href":"https:\/\/www.europesays.com\/fr\/wp-json\/wp\/v2\/comments?post=321846"}],"version-history":[{"count":0,"href":"https:\/\/www.europesays.com\/fr\/wp-json\/wp\/v2\/posts\/321846\/revisions"}],"wp:featuredmedia":[{"embeddable":true,"href":"https:\/\/www.europesays.com\/fr\/wp-json\/wp\/v2\/media\/319262"}],"wp:attachment":[{"href":"https:\/\/www.europesays.com\/fr\/wp-json\/wp\/v2\/media?parent=321846"}],"wp:term":[{"taxonomy":"category","embeddable":true,"href":"https:\/\/www.europesays.com\/fr\/wp-json\/wp\/v2\/categories?post=321846"},{"taxonomy":"post_tag","embeddable":true,"href":"https:\/\/www.europesays.com\/fr\/wp-json\/wp\/v2\/tags?post=321846"}],"curies":[{"name":"wp","href":"https:\/\/api.w.org\/{rel}","templated":true}]}}