{"id":321854,"date":"2025-08-16T00:35:19","date_gmt":"2025-08-16T00:35:19","guid":{"rendered":"https:\/\/www.europesays.com\/fr\/321854\/"},"modified":"2025-08-16T00:35:19","modified_gmt":"2025-08-16T00:35:19","slug":"haise-dezingue-le-comportement-de-mahdi-camara-apres-son-transfert-de-derniere-minute-a-rennes","status":"publish","type":"post","link":"https:\/\/www.europesays.com\/fr\/321854\/","title":{"rendered":"Haise d\u00e9zingue le comportement de Mahdi Camara apr\u00e8s son transfert de derni\u00e8re minute \u00e0 Rennes"},"content":{"rendered":"<p class=\"mb-4 text-lg md:leading-8 break-words\">Tout proche de rejoindre l&rsquo;OGC Nice, <a href=\"https:\/\/fr.news.yahoo.com\/sport\/mercato-accord-entre-rennes-brest-152654376.html\" data-ylk=\"slk:Mahdi Camara s&#039;est finalement engag\u00e9 avec le Stade Rennais;elm:context_link;itc:0;sec:content-canvas;outcm:mb_qualified_link;_E:mb_qualified_link;ct:story;\" class=\"link  yahoo-link\" target=\"_blank\" rel=\"noopener\">Mahdi Camara s&rsquo;est finalement engag\u00e9 avec le Stade Rennais<\/a>. Un camouflet pour les Aiglons, \u00e9limin\u00e9s de la Ligue des champions cette semaine suite \u00e0 <a href=\"https:\/\/fr.news.yahoo.com\/sport\/ligue-champions-faut-%C3%AAtre-lucide-090703191.html\" data-ylk=\"slk:une nouvelle d\u00e9faite contre Benfica;elm:context_link;itc:0;sec:content-canvas;outcm:mb_qualified_link;_E:mb_qualified_link;ct:story;\" class=\"link  yahoo-link\" target=\"_blank\" rel=\"noopener\">une nouvelle d\u00e9faite contre Benfica<\/a>.<\/p>\n<p class=\"mb-4 text-lg md:leading-8 break-words\">Les Ni\u00e7ois ont d\u00fb rapidement rebondir puisque Franck Haise d\u00e9sirait toujours un milieu de terrain pour renforcer son entrejeu. <a href=\"https:\/\/fr.news.yahoo.com\/sport\/nice-franck-haise-soffre-lensois-213612272.html\" data-ylk=\"slk:C&#039;est finalement Salis Abdul Samed qui a a \u00e9t\u00e9 recrut\u00e9;elm:context_link;itc:0;sec:content-canvas;outcm:mb_qualified_link;_E:mb_qualified_link;ct:story;\" class=\"link  yahoo-link\" target=\"_blank\" rel=\"noopener\">C&rsquo;est finalement Salis Abdul Samed qui a a \u00e9t\u00e9 recrut\u00e9<\/a>. Venu de Lens, il va donc retrouver son ancien coach sur la C\u00f4te d&rsquo;Azur.<\/p>\n<p>\u00ab\u00a0C&rsquo;est un probl\u00e8me de valeur\u00a0\u00bb<\/p>\n<p class=\"mb-4 text-lg md:leading-8 break-words\">Pr\u00e9sent en conf\u00e9rence de presse avant la 1re journ\u00e9e de Ligue 1, face \u00e0 Toulouse, Franck Haise s&rsquo;est exprim\u00e9 sur le recrutement manqu\u00e9 de Mahdi Camara.<\/p>\n<p class=\"mb-4 text-lg md:leading-8 break-words\">Le coach ni\u00e7ois n&rsquo;a pas \u00e9t\u00e9 tendre avec le nouveau joueur de Rennes: \u00ab\u00a0On avait un accord du joueur et de Brest. Mais tant que le contrat n&rsquo;est pas sign\u00e9, dans le foot, il peut toujours se passer plein de choses. Apr\u00e8s, je ne peux pas emp\u00eacher un club qui \u00e9tait int\u00e9ress\u00e9 par ce joueur-l\u00e0, qui est un tr\u00e8s bon joueur, d&rsquo;aller jusqu&rsquo;au bout. Parce que si nous on avait la possibilit\u00e9 de le faire, on ne se priverait pas non plus. Il faut dire les choses comme elles sont. Apr\u00e8s, le joueur et son entourage qui donnent un accord et qui reviennent dessus 3 heures apr\u00e8s, c&rsquo;est un autre probl\u00e8me. C&rsquo;est un probl\u00e8me de valeur.\u201d<\/p>\n<p class=\"mb-4 text-lg md:leading-8 break-words\"><a href=\"https:\/\/fr.news.yahoo.com\/sport\/mercato-gros-retournement-situation-mahdi-233358243.html\" data-ylk=\"slk:D&#039;apr\u00e8s les informations de RMC Sport;elm:context_link;itc:0;sec:content-canvas;outcm:mb_qualified_link;_E:mb_qualified_link;ct:story;\" class=\"link  yahoo-link\" target=\"_blank\" rel=\"noopener\">D&rsquo;apr\u00e8s les informations de RMC Sport<\/a>, c&rsquo;est le projet sportif ambitieux de Rennes qui a pes\u00e9 dans la d\u00e9cision du joueur. De m\u00eame, le discours d&rsquo;Habib Beye, l&rsquo;entra\u00eeneur du club breton, a fait pencher la balance vers le Stade Rennais. Lors des diff\u00e9rents \u00e9changes avec le milieu de terrain, Habib Beye se serait montr\u00e9 tr\u00e8s convaicant. Les conditions salariales de Rennes sont aussi int\u00e9ressantes.<\/p>\n<p class=\"mb-4 text-lg md:leading-8 break-words\"><a href=\"https:\/\/rmcsport.bfmtv.com\/football\/ligue-1\/nice-haise-dezingue-le-comportement-de-mahdi-camara-apres-son-transfert-de-derniere-minute-a-rennes_AV-202508150349.html#xtor=AL-68\" rel=\"nofollow noopener\" target=\"_blank\" data-ylk=\"slk:Article original publi\u00e9 sur RMC Sport;elm:context_link;itc:0;sec:content-canvas\" class=\"link \">Article original publi\u00e9 sur RMC Sport<\/a><\/p>\n","protected":false},"excerpt":{"rendered":"Tout proche de rejoindre l&rsquo;OGC Nice, Mahdi Camara s&rsquo;est finalement engag\u00e9 avec le Stade Rennais. Un camouflet pour&hellip;\n","protected":false},"author":2,"featured_media":321855,"comment_status":"","ping_status":"","sticky":false,"template":"","format":"standard","meta":{"footnotes":""},"categories":[2819],"tags":[1111,11,3450,1153,1777,674,1011,27,3308,45958,45531,44722,12,2401,882,584,25,45776,3087,2312],"class_list":{"0":"post-321854","1":"post","2":"type-post","3":"status-publish","4":"format-standard","5":"has-post-thumbnail","7":"category-nice","8":"tag-actu","9":"tag-actualites","10":"tag-brest","11":"tag-conference-de-presse","12":"tag-eu","13":"tag-europe","14":"tag-fr","15":"tag-france","16":"tag-franck-haise","17":"tag-la-cote-dazur-2","18":"tag-mahdi-camara","19":"tag-milieu-de-terrain","20":"tag-news","21":"tag-nice","22":"tag-provence-alpes-cote-dazur","23":"tag-rennes","24":"tag-republique-francaise","25":"tag-salis-abdul-samed","26":"tag-stade-rennais","27":"tag-toulouse"},"share_on_mastodon":{"url":"https:\/\/pubeurope.com\/@fr\/115035643745779738","error":""},"_links":{"self":[{"href":"https:\/\/www.europesays.com\/fr\/wp-json\/wp\/v2\/posts\/321854","targetHints":{"allow":["GET"]}}],"collection":[{"href":"https:\/\/www.europesays.com\/fr\/wp-json\/wp\/v2\/posts"}],"about":[{"href":"https:\/\/www.europesays.com\/fr\/wp-json\/wp\/v2\/types\/post"}],"author":[{"embeddable":true,"href":"https:\/\/www.europesays.com\/fr\/wp-json\/wp\/v2\/users\/2"}],"replies":[{"embeddable":true,"href":"https:\/\/www.europesays.com\/fr\/wp-json\/wp\/v2\/comments?post=321854"}],"version-history":[{"count":0,"href":"https:\/\/www.europesays.com\/fr\/wp-json\/wp\/v2\/posts\/321854\/revisions"}],"wp:featuredmedia":[{"embeddable":true,"href":"https:\/\/www.europesays.com\/fr\/wp-json\/wp\/v2\/media\/321855"}],"wp:attachment":[{"href":"https:\/\/www.europesays.com\/fr\/wp-json\/wp\/v2\/media?parent=321854"}],"wp:term":[{"taxonomy":"category","embeddable":true,"href":"https:\/\/www.europesays.com\/fr\/wp-json\/wp\/v2\/categories?post=321854"},{"taxonomy":"post_tag","embeddable":true,"href":"https:\/\/www.europesays.com\/fr\/wp-json\/wp\/v2\/tags?post=321854"}],"curies":[{"name":"wp","href":"https:\/\/api.w.org\/{rel}","templated":true}]}}