{"id":321856,"date":"2025-08-16T00:42:55","date_gmt":"2025-08-16T00:42:55","guid":{"rendered":"https:\/\/www.europesays.com\/fr\/321856\/"},"modified":"2025-08-16T00:42:55","modified_gmt":"2025-08-16T00:42:55","slug":"go-fast-a-brest-appartement-nourrice-a-nantes-et-grosses-cylindrees-un-important-trafic-de-drogue-demantele-dans-l","status":"publish","type":"post","link":"https:\/\/www.europesays.com\/fr\/321856\/","title":{"rendered":"\u00ab\u00a0Go-fast\u00a0\u00bb \u00e0 Brest, appartement \u00ab\u00a0nourrice\u00a0\u00bb \u00e0 Nantes et grosses cylindr\u00e9es\u00a0: un \u00ab\u00a0important\u00a0\u00bb trafic de drogue d\u00e9mantel\u00e9 dans l\u2019Ouest"},"content":{"rendered":"<p>Apr\u00e8s dix mois d\u2019investigation, la police judiciaire nantaise vient de r\u00e9ussir un gros coup de filet dans l\u2019Ouest. Tout d\u00e9marre en octobre 2024, lorsque l\u2019office <a href=\"https:\/\/www.letelegramme.fr\/faits-divers\/drogue\/\" target=\"_blank\" rel=\"noopener\">antistup\u00e9fiants<\/a> (Ofast) se penche sur deux fr\u00e8res, originaires du quartier de la Botti\u00e8re, \u00e0 Nantes, et \u00ab suspect\u00e9s d\u2019\u00eatre \u00e0 la t\u00eate d\u2019un important r\u00e9seau d\u2019approvisionnement en stup\u00e9fiants \u00bb, d\u00e9voile ce jeudi le procureur de <a href=\"https:\/\/www.letelegramme.fr\/loire-atlantique\/nantes-44000\/\" target=\"_blank\" rel=\"noopener\">Nantes<\/a> dans un communiqu\u00e9.<\/p>\n<p>Le \u00ab go-fast \u00bb de trop<\/p>\n<p>Au volant de puissants v\u00e9hicules (qu\u2019ils changeaient chaque semaine), d\u00e9taille le minist\u00e8re public, les deux fr\u00e8res de 23 et 26 ans r\u00e9alisent, de nuit, des convois de type \u00ab go-fast \u00bb pour se rendre sur des aires de repos ou des sorties de p\u00e9age afin de r\u00e9cup\u00e9rer des \u00ab quantit\u00e9s importantes \u00bb de r\u00e9sine de cannabis, et de les ramener dans l\u2019agglom\u00e9ration nantaise. De telles exp\u00e9ditions sont rep\u00e9r\u00e9es \u00e0 <a href=\"https:\/\/www.letelegramme.fr\/finistere\/brest-29200\/\" target=\"_blank\" rel=\"noopener\">Brest<\/a>, Agen (Lot-et-Garonne), Toulouse (Haute-Garonne), Poitiers (Vienne) ainsi qu\u2019en r\u00e9gion parisienne.<\/p>\n<p>Dans la nuit du 10 au 11 ao\u00fbt, les surveillances de <a href=\"https:\/\/www.letelegramme.fr\/finistere\/brest-29200\/rachid-le-millionnaire-un-brestois-parmi-les-50-cibles-prioritaires-de-loffice-antistups-6535721.php\" target=\"_blank\" rel=\"noopener\">l\u2019Ofast<\/a> permettent d\u2019anticiper un de ces \u00ab go-fasts \u00bb \u00e0 destination de Marcoussis (Essonne). Une importante quantit\u00e9 de produits est \u00ab d\u00e9charg\u00e9e au domicile familial des deux fr\u00e8res \u00bb, \u00e0 Basse-Goulaine (Loire-Atlantique), en p\u00e9riph\u00e9rie de Nantes.<\/p>\n<p>350 kg de cannabis et trois armes \u00e0 feu<\/p>\n<p>Les policiers interviennent. Trois personnes sont interpell\u00e9es, \u00ab dont l\u2019un des fr\u00e8res suspect\u00e9s \u00bb. \u00c0 son domicile sont retrouv\u00e9es dix valises contenant un total de 350 kg de r\u00e9sine de cannabis, 12 600 euros et 3 armes \u00e0 feu. Six kilos d\u2019herbe sont \u00e9galement saisis chez les deux autres complices.<\/p>\n<p>\u00ab Les enqu\u00eateurs investissent par ailleurs un appartement au c\u0153ur de la Botti\u00e8re, servant d\u2019appartement \u00bb nourrice \u00ab et situ\u00e9 \u00e0 une centaine de m\u00e8tres d\u2019un point de deal majeur de cette cit\u00e9 \u00bb, d\u00e9crit le procureur de Nantes.<\/p>\n<p>D\u00e9tention provisoire<\/p>\n<p>Deux personnes y sont interpell\u00e9es et, l\u00e0 encore, les forces de l\u2019ordre mettent la main sur \u00ab 4 kg de r\u00e9sine de cannabis, plusieurs dizaines de doses de coca\u00efne pr\u00eates \u00e0 la vente ainsi que tout le mat\u00e9riel de conditionnement \u00bb. Cinq v\u00e9hicules sont \u00e9galement saisis. Un \u00ab lien formel est \u00e9tabli \u00bb avec la fili\u00e8re d\u2019approvisionnement des deux fr\u00e8res.<\/p>\n<p>Les cinq mis en cause ont \u00e9t\u00e9 d\u00e9f\u00e9r\u00e9s devant un juge d\u2019instruction et plac\u00e9s en d\u00e9tention provisoire.<\/p>\n","protected":false},"excerpt":{"rendered":"Apr\u00e8s dix mois d\u2019investigation, la police judiciaire nantaise vient de r\u00e9ussir un gros coup de filet dans l\u2019Ouest.&hellip;\n","protected":false},"author":2,"featured_media":321857,"comment_status":"","ping_status":"","sticky":false,"template":"","format":"standard","meta":{"footnotes":""},"categories":[2818],"tags":[1111,11,3450,1777,674,3321,1011,27,4555,766,12,2636,25],"class_list":{"0":"post-321856","1":"post","2":"type-post","3":"status-publish","4":"format-standard","5":"has-post-thumbnail","7":"category-nantes","8":"tag-actu","9":"tag-actualites","10":"tag-brest","11":"tag-eu","12":"tag-europe","13":"tag-finistere","14":"tag-fr","15":"tag-france","16":"tag-local","17":"tag-nantes","18":"tag-news","19":"tag-pays-de-la-loire","20":"tag-republique-francaise"},"share_on_mastodon":{"url":"https:\/\/pubeurope.com\/@fr\/115035675168691825","error":""},"_links":{"self":[{"href":"https:\/\/www.europesays.com\/fr\/wp-json\/wp\/v2\/posts\/321856","targetHints":{"allow":["GET"]}}],"collection":[{"href":"https:\/\/www.europesays.com\/fr\/wp-json\/wp\/v2\/posts"}],"about":[{"href":"https:\/\/www.europesays.com\/fr\/wp-json\/wp\/v2\/types\/post"}],"author":[{"embeddable":true,"href":"https:\/\/www.europesays.com\/fr\/wp-json\/wp\/v2\/users\/2"}],"replies":[{"embeddable":true,"href":"https:\/\/www.europesays.com\/fr\/wp-json\/wp\/v2\/comments?post=321856"}],"version-history":[{"count":0,"href":"https:\/\/www.europesays.com\/fr\/wp-json\/wp\/v2\/posts\/321856\/revisions"}],"wp:featuredmedia":[{"embeddable":true,"href":"https:\/\/www.europesays.com\/fr\/wp-json\/wp\/v2\/media\/321857"}],"wp:attachment":[{"href":"https:\/\/www.europesays.com\/fr\/wp-json\/wp\/v2\/media?parent=321856"}],"wp:term":[{"taxonomy":"category","embeddable":true,"href":"https:\/\/www.europesays.com\/fr\/wp-json\/wp\/v2\/categories?post=321856"},{"taxonomy":"post_tag","embeddable":true,"href":"https:\/\/www.europesays.com\/fr\/wp-json\/wp\/v2\/tags?post=321856"}],"curies":[{"name":"wp","href":"https:\/\/api.w.org\/{rel}","templated":true}]}}