{"id":321865,"date":"2025-08-16T00:50:17","date_gmt":"2025-08-16T00:50:17","guid":{"rendered":"https:\/\/www.europesays.com\/fr\/321865\/"},"modified":"2025-08-16T00:50:17","modified_gmt":"2025-08-16T00:50:17","slug":"bougainville-va-vibrer-au-son-du-rap-pour-la-tournee-dete","status":"publish","type":"post","link":"https:\/\/www.europesays.com\/fr\/321865\/","title":{"rendered":"Bougainville va vibrer au son du rap pour la Tourn\u00e9e d\u2019\u00e9t\u00e9"},"content":{"rendered":"\n<p>L\u2019avant-derni\u00e8re date de la Tourn\u00e9e d\u2019\u00e9t\u00e9 de La\u00a0Marseillaise &#8211; s\u00e9rie de concerts gratuits qui, depuis son lancement, rencontre un franc succ\u00e8s, se d\u00e9roule ce samedi soir, au parc Bougainville (3e).<\/p>\n<p>La deuxi\u00e8me s\u00e9lection pour la demi-finale du concours de talents oratoires donne rendez-vous de 18h30 \u00e0 19h30. Une dizaine de jeunes marseillais, \u00e2g\u00e9s de 12 \u00e0 30 ans, se pr\u00e9senteront sur sc\u00e8ne pour faire entendre leur voix \u00e0 travers divers arts\u00a0: rap, stand-up, chant, \u00e9loquence.<\/p>\n<p>Puis, place \u00e0 la musique, avec une soir\u00e9e sp\u00e9ciale rap. D\u00e8s 20h, les concerts seront orchestr\u00e9s et pr\u00e9sent\u00e9s par le ma\u00eetre de c\u00e9r\u00e9monie MRbenoitD. Artiste, professeur et organisateur, il a d\u00e9j\u00e0 travaill\u00e9 aupr\u00e8s du rappeur marseillais Naps, aupr\u00e8s du Mucem et a \u00e9galement particip\u00e9 \u00e0 des festivals comme ON AIR. Son \u00e9quipe le d\u00e9crit comme \u00ab\u00a0d\u00e9contract\u00e9\u00a0\u00bb et \u00ab\u00a0dynamique\u00a0\u00bb\u00a0: un atout pour garantir l\u2019ambiance tout au long de la soir\u00e9e.<\/p>\n<p>Freeman et El Matador en vedette<\/p>\n<p>Le rappeur El Matador ouvrira le bal, accompagn\u00e9 du DJ\u00a0Sebti, originaire de Lille, qui assurera \u00e9galement les platines pour Freeman. Ce DJ mix diff\u00e9rents styles, du hip-hop, du rap, de la soul et m\u00eame de la funk. El Matador, lui, est rappeur depuis l\u2019adolescence. Il s\u2019est impos\u00e9 gr\u00e2ce \u00e0 ses mixtapes et concerts de quartier, avant de se faire remarquer par de grands noms du rap fran\u00e7ais, comme Soprano. En 2008, il a \u00e9t\u00e9 sacr\u00e9 \u00ab\u00a0r\u00e9v\u00e9lation de l\u2019ann\u00e9e\u00a0\u00bb lors de la c\u00e9r\u00e9monie de l\u2019Ann\u00e9e du hip-hop, \u00e0 l\u2019Olympia.<\/p>\n<p>La sc\u00e8ne accueillera ensuite Freeman, \u00ab\u00a0un des piliers du rap marseillais\u00a0\u00bb, selon son manager, Mustapha Cheleh. Ancien membre du groupe IAM, son show s\u2019articulera autour de ses classiques, comme C\u2019est donc \u00e7a nos vies ou Bladi.<\/p>\n<p>La soir\u00e9e se cl\u00f4turera avec DJ\u00a0Mofak, ma\u00eetre du groove funk et du hip-hop, ainsi que roi du breakdance. Il est \u00e9galement DJ. \u00ab\u00a0C\u2019est un artiste complet, il est tr\u00e8s fort\u00a0\u00bb, confie Mustapha Cheleh. Habitu\u00e9 des sc\u00e8nes internationales, il est le seul fran\u00e7ais \u00e0 mixer sur la radio de Snoop Dogg, Cadillacc music.<\/p>\n<p>Un rendez-vous musical qui promet de faire bouger les 2e\u00a0et 3e\u00a0arrondissements de Marseille, au parc Bougainville, jusqu\u2019\u00e0 au moins 23h.<\/p>\n","protected":false},"excerpt":{"rendered":"L\u2019avant-derni\u00e8re date de la Tourn\u00e9e d\u2019\u00e9t\u00e9 de La\u00a0Marseillaise &#8211; s\u00e9rie de concerts gratuits qui, depuis son lancement, rencontre&hellip;\n","protected":false},"author":2,"featured_media":321866,"comment_status":"","ping_status":"","sticky":false,"template":"","format":"standard","meta":{"footnotes":""},"categories":[2814],"tags":[1111,11,1777,674,1011,27,43970,884,12,882,25],"class_list":{"0":"post-321865","1":"post","2":"type-post","3":"status-publish","4":"format-standard","5":"has-post-thumbnail","7":"category-marseille","8":"tag-actu","9":"tag-actualites","10":"tag-eu","11":"tag-europe","12":"tag-fr","13":"tag-france","14":"tag-ines-painvin","15":"tag-marseille","16":"tag-news","17":"tag-provence-alpes-cote-dazur","18":"tag-republique-francaise"},"share_on_mastodon":{"url":"https:\/\/pubeurope.com\/@fr\/115035702662569884","error":""},"_links":{"self":[{"href":"https:\/\/www.europesays.com\/fr\/wp-json\/wp\/v2\/posts\/321865","targetHints":{"allow":["GET"]}}],"collection":[{"href":"https:\/\/www.europesays.com\/fr\/wp-json\/wp\/v2\/posts"}],"about":[{"href":"https:\/\/www.europesays.com\/fr\/wp-json\/wp\/v2\/types\/post"}],"author":[{"embeddable":true,"href":"https:\/\/www.europesays.com\/fr\/wp-json\/wp\/v2\/users\/2"}],"replies":[{"embeddable":true,"href":"https:\/\/www.europesays.com\/fr\/wp-json\/wp\/v2\/comments?post=321865"}],"version-history":[{"count":0,"href":"https:\/\/www.europesays.com\/fr\/wp-json\/wp\/v2\/posts\/321865\/revisions"}],"wp:featuredmedia":[{"embeddable":true,"href":"https:\/\/www.europesays.com\/fr\/wp-json\/wp\/v2\/media\/321866"}],"wp:attachment":[{"href":"https:\/\/www.europesays.com\/fr\/wp-json\/wp\/v2\/media?parent=321865"}],"wp:term":[{"taxonomy":"category","embeddable":true,"href":"https:\/\/www.europesays.com\/fr\/wp-json\/wp\/v2\/categories?post=321865"},{"taxonomy":"post_tag","embeddable":true,"href":"https:\/\/www.europesays.com\/fr\/wp-json\/wp\/v2\/tags?post=321865"}],"curies":[{"name":"wp","href":"https:\/\/api.w.org\/{rel}","templated":true}]}}