{"id":321871,"date":"2025-08-16T00:53:23","date_gmt":"2025-08-16T00:53:23","guid":{"rendered":"https:\/\/www.europesays.com\/fr\/321871\/"},"modified":"2025-08-16T00:53:23","modified_gmt":"2025-08-16T00:53:23","slug":"a-lyon-les-eaux-souterraines-remplacent-10-000-petits-climatiseurs","status":"publish","type":"post","link":"https:\/\/www.europesays.com\/fr\/321871\/","title":{"rendered":"\u00c0 Lyon, les eaux souterraines remplacent 10.000 petits climatiseurs"},"content":{"rendered":"<ul class=\"jsx-862013697 ArticleChapo__List\">\n<li class=\"jsx-862013697 ArticleChapo__List_Item flex\">Sous la ville de Lyon, une centrale produit du froid pour une centaine de b\u00e2timents, dont des centres commerciaux et l&rsquo;h\u00f4pital.<\/li>\n<li class=\"jsx-862013697 ArticleChapo__List_Item flex\">Ce syst\u00e8me fonctionne gr\u00e2ce \u00e0 l&rsquo;eau pomp\u00e9e dans les parkings souterrains de la ville, pour \u00e9viter leur inondation.<\/li>\n<li class=\"jsx-862013697 ArticleChapo__List_Item flex\">Des r\u00e9seaux de froid commencent \u00e0 se d\u00e9velopper en France, mais ils concernent encore peu les particuliers.<\/li>\n<\/ul>\n<p><a href=\"https:\/\/www.tf1info.fr\/actualite\/notre-planete-l-offre-environnement-de-tf1-lci-pour-la-transition-ecologique-13098\/\" rel=\"noopener\" class=\"jsx-484472199 Link jsx-1428418400 jsx-1797245342\" target=\"_blank\"><\/p>\n<p style=\"font-weight:400\" class=\"jsx-1837267516\">Suivez la couverture compl\u00e8te<\/p>\n<p style=\"font-weight:800\" class=\"jsx-1837267516\">Notre plan\u00e8te<\/p>\n<p><\/a><\/p>\n<p data-module=\"article-paragraph\" class=\"jsx-3046738180 Paragraph\">Et s\u2019il \u00e9tait possible de refroidir les villes gr\u00e2ce \u00e0\u2026 l\u2019eau ? C\u2019est le pari relev\u00e9 par plusieurs entreprises et organismes en France : \u00e0 Paris, <a href=\"https:\/\/www.tf1info.fr\/environnement-ecologie\/videoi-reportage-reseau-de-froid-urbain-comment-l-eau-de-la-seine-rafraichit-plus-de-800-batiments-parisiens-dont-le-musee-du-louvre-2378281.html\" target=\"_blank\" rel=\"noopener\">Engie utilise l\u2019eau de la Seine pour climatiser une partie de la ville<\/a>, \u00e0 Lyon, Dalkia utilise l\u2019eau d&rsquo;une nappe phr\u00e9atique profonde pour rafra\u00eechir immeubles de bureaux et centres commerciaux.<\/p>\n<p data-module=\"article-paragraph\" class=\"jsx-3046738180 Paragraph Paragraph__End\">L\u2019int\u00e9r\u00eat ? R\u00e9duire la consommation \u00e9nerg\u00e9tique par rapport aux climatiseurs classiques (et donc la facture) mais aussi supprimer <a href=\"https:\/\/www.tf1info.fr\/meteo\/meteo-canicule-habitez-vous-dans-un-ilot-de-chaleur-2380495.html\" target=\"_blank\" rel=\"noopener\">la formation d\u2019\u00eelots de chaleur<\/a> (<a href=\"https:\/\/www.tf1info.fr\/environnement-ecologie\/canicule-chaleur-des-clim-climatiseurs-partout-proposition-rn-rassemblement-national-voici-pourquoi-ca-pose-probleme-2380262.html\" target=\"_blank\" rel=\"noopener\">les climatiseurs recrachent de la chaleur<\/a> dans la rue) et se d\u00e9barrasser des gaz \u00e0 effet de serre \u00e9mis par les fluides frigorig\u00e8nes utilis\u00e9s dans ces appareils.\u00a0<\/p>\n<p>Une piscine olympique pomp\u00e9e toutes les heures<img decoding=\"async\" src=\"https:\/\/www.europesays.com\/fr\/wp-content\/uploads\/2025\/08\/la-climatisation-sous-la-part-dieu-a-lyon-526fd9-1@1x.jpeg\" alt=\"DR\" loading=\"lazy\" importance=\"low\" fetchpriority=\"low\" class=\"\" data-module=\"article-image\"\/>DR<\/p>\n<p data-module=\"article-paragraph\" class=\"jsx-3046738180 Paragraph Paragraph__End\">\u00c0 Lyon, la centrale Mouton-Duvernet, inaugur\u00e9e en 2020 et situ\u00e9e \u00e0 13 m\u00e8tres de profondeur sous le quartier de la Part-Dieu, utilise de l&rsquo;eau issue de la nappe phr\u00e9atique profonde. \u00ab\u00a0Tous les ans, cette eau s\u2019infiltre dans certains b\u00e2timents de Lyon, notamment dans les parkings qui ont \u00e9t\u00e9 construits tr\u00e8s profonds\u00a0\u00bb, explique \u00e0 TF1 G\u00e9rald Campbell, le directeur g\u00e9n\u00e9ral d\u2019ELM, une filiale du groupe Dalkia. \u00ab\u00a0On est oblig\u00e9 de pomper pour \u00e9viter les inondations. Avant la centrale, cette eau ne servait \u00e0 rien. Maintenant, on l&rsquo;utilise pour alimenter notre centrale\u00a0de\u00a0froid\u00a0\u00bb, d\u00e9taille-t-il avant de pr\u00e9ciser que \u00ab\u00a0l&rsquo;\u00e9quivalent d\u2019un peu moins d&rsquo;une piscine olympique est pomp\u00e9e toutes les heures\u00a0\u00bb.<\/p>\n<p>Un r\u00e9seau de 14 km de long<\/p>\n<p data-module=\"article-paragraph\" class=\"jsx-3046738180 Paragraph\">Ces eaux issues du pompage des eaux d\u2019infiltration des milieux souterrains est appel\u00e9 \u00ab\u00a0eaux d\u2019exhaures\u00a0\u00bb. \u00ab\u00a0On les r\u00e9cup\u00e8re \u00e0 15 degr\u00e9s, l\u2019\u00e9nergie fatale [ou \u00e9nergie de r\u00e9cup\u00e9ration, NDLR] nous permet de produire du froid, \u00e0 5 degr\u00e9s, puis on r\u00e9injecte cette eau pomp\u00e9e dans la nappe de surface \u00e0 20 degr\u00e9s\u00a0\u00bb, explique G\u00e9rald Campbell. Concr\u00e8tement, l\u2019eau pomp\u00e9e va venir refroidir les moteurs de la centrale qui produisent de l\u2019eau glac\u00e9e. C\u2019est cette derni\u00e8re qui va circuler dans le r\u00e9seau de froid, et non l\u2019eau pomp\u00e9e qui, elle, va \u00eatre r\u00e9inject\u00e9e dans la nappe.<\/p>\n<p data-module=\"article-paragraph\" class=\"jsx-3046738180 Paragraph Paragraph__End\">Cela a un double int\u00e9r\u00eat : alimenter la centrale de froid \u2013 14 km de r\u00e9seau qui vont climatiser une centaine de b\u00e2timents dans Lyon \u2013 et refroidir la nappe phr\u00e9atique de surface, qui en \u00e9t\u00e9 peut atteindre jusqu\u2019\u00e0 25 ou 26 degr\u00e9s.\u00a0<\/p>\n<blockquote class=\"jsx-2786790838 Quote__Text\"><p>Notre syst\u00e8me n&rsquo;engendre aucune \u00e9mission de chaleur dans l&rsquo;atmosph\u00e8re<\/p><\/blockquote>\n<p>G\u00e9rard Campbell, directeur g\u00e9n\u00e9ral d&rsquo;ELM, filiale de Dalkia<\/p>\n<p data-module=\"article-paragraph\" class=\"jsx-3046738180 Paragraph\">Parmi la centaine de b\u00e2timents ainsi refroidis, se trouvent une majorit\u00e9 d\u2019immeubles de bureaux, mais aussi des centres commerciaux et l&rsquo;h\u00f4pital. \u00ab\u00a0Notre syst\u00e8me n\u2019engendre aucune \u00e9mission de chaleur dans l\u2019atmosph\u00e8re, rappelle le directeur g\u00e9n\u00e9ral d\u2019ELM, contrairement \u00e0 la climatisation classique qui rejette de l\u2019air chaud.\u00a0\u00bb L\u2019\u00e9nergie ainsi produite est l\u2019\u00e9quivalent de 10.000 petits climatiseurs et l\u2019objectif est de multiplier par trois l\u2019\u00e9nergie distribu\u00e9e d\u2019ici \u00e0 2030.<\/p>\n<p data-module=\"article-paragraph\" class=\"jsx-3046738180 Paragraph Paragraph__End\">Et pour \u00e9viter de ralentir les machines, la nuit, quand la demande de froid est plus faible, l\u2019\u00e9nergie est stock\u00e9e sous forme de glace dans quatre piscines. Celle-ci est fondue en journ\u00e9e pour doubler la capacit\u00e9 de production de froid de la centrale et r\u00e9pondre \u00e0 la demande aux heures les plus chaudes.\u00a0<\/p>\n<p>Des r\u00e9seaux de froid plut\u00f4t que la clim&rsquo;<\/p>\n<p data-module=\"article-paragraph\" class=\"jsx-3046738180 Paragraph\">Ce syst\u00e8me bas\u00e9 sur les eaux d\u2019exhaures est unique en France. La quarantaine de r\u00e9seaux de froid qui existent dans l\u2019Hexagone utilisent d\u2019autres ressources : \u00e0 Paris, c\u2019est l\u2019eau de la Seine qui climatise plus de 800 b\u00e2timents de la capitale, \u00e0 Marseille, c\u2019est la mer, ailleurs encore, directement dans la nappe phr\u00e9atique.\u00a0<\/p>\n<p data-module=\"article-paragraph\" class=\"jsx-3046738180 Paragraph\">\u00c0 l\u2019\u00e9chelle de la France, ces r\u00e9seaux de froid se d\u00e9veloppent toutefois moins vite que les r\u00e9seaux de chaleur. Pourtant, les \u00e9pisodes caniculaires de l\u2019\u00e9t\u00e9 et la difficult\u00e9 des villes \u00e0 s\u2019adapter \u00e0 ces vagues de chaleur soulignent l\u2019urgence de rafra\u00eechir les villes.\u00a0<\/p>\n<p data-module=\"article-paragraph\" class=\"jsx-3046738180 Paragraph Paragraph__End\">Les chercheurs alertent sur un risque de mal-adaptation, avec un d\u00e9veloppement de petits climatiseurs tr\u00e8s \u00e9nergivores et tr\u00e8s \u00e9metteurs de gaz \u00e0 effet de serre. Les \u00e9tudes montrent que dans les zones fortement \u00e9quip\u00e9es en climatisation, la chaleur des centres urbains peut augmenter de 0,5 degr\u00e9, avec des projections de +2 \u00e0 3 degr\u00e9s si le taux d\u2019\u00e9quipement continue de progresser.<\/p>\n<p><a href=\"https:\/\/www.tf1info.fr\/environnement-ecologie\/une-climatisation-ecolo-c-est-possible-2380288.html\" rel=\"noopener\" class=\"jsx-3308031228 Link flex\" target=\"_blank\"><img decoding=\"async\" src=\"https:\/\/www.europesays.com\/fr\/wp-content\/uploads\/2025\/08\/climatisation-et-nature-817eef-0@1x.jpeg\" alt=\"Getty Images\" loading=\"lazy\" importance=\"low\" fetchpriority=\"low\" class=\"\" aria-hidden=\"true\"\/><\/p>\n<p class=\"jsx-3657663356 ReadMoreArticle__Title\">Lire aussi<\/p>\n<p class=\"jsx-3657663356\">Une climatisation \u00ab\u00a0\u00e9colo\u00a0\u00bb&#8230; C&rsquo;est possible ?<\/p>\n<p><\/a><\/p>\n<p data-module=\"article-paragraph\" class=\"jsx-3046738180 Paragraph\">Mais d\u00e9velopper ces r\u00e9seaux de froid pour les b\u00e2timents de logements priv\u00e9s repr\u00e9sente un d\u00e9fi technologique. \u00ab\u00a0En g\u00e9n\u00e9ral, ces b\u00e2timents ont \u00e9t\u00e9 con\u00e7us pour distribuer de la chaleur, mais pas du froid, explique G\u00e9rald Campbell. Si on veut alimenter en froid un habitat existant, il faudrait donc recr\u00e9er tout un circuit de distribution du froid.\u00a0\u00bb<\/p>\n<p data-module=\"article-paragraph\" class=\"jsx-3046738180 Paragraph Paragraph__End\">Le directeur d\u2019ELM recommande plut\u00f4t d\u2019int\u00e9grer le sujet de la climatisation \u00ab\u00a0d\u00e8s la conception des nouveaux b\u00e2timents\u00a0\u00bb. En la mati\u00e8re, il regrette le manque \u00ab\u00a0d\u2019incitation\u00a0\u00bb \u00e0 le faire dans la l\u00e9gislation fran\u00e7aise actuelle : \u00ab\u00a0Il n\u2019y a aucune obligation sur les r\u00e9seaux de froid.\u00a0\u00bb<\/p>\n<p>Marianne ENAULT<\/p>\n","protected":false},"excerpt":{"rendered":"Sous la ville de Lyon, une centrale produit du froid pour une centaine de b\u00e2timents, dont des centres&hellip;\n","protected":false},"author":2,"featured_media":321872,"comment_status":"","ping_status":"","sticky":false,"template":"","format":"standard","meta":{"footnotes":""},"categories":[1889],"tags":[1111,11,1921,2430,4734,1777,674,1011,27,1922,45357,2428,12,5736,1800,25,133,5737],"class_list":{"0":"post-321871","1":"post","2":"type-post","3":"status-publish","4":"format-standard","5":"has-post-thumbnail","7":"category-lyon","8":"tag-actu","9":"tag-actualites","10":"tag-article-video","11":"tag-auvergne-rhone-alpes","12":"tag-changement-climatique","13":"tag-eu","14":"tag-europe","15":"tag-fr","16":"tag-france","17":"tag-info","18":"tag-la-france-touchee-par-une-nouvelle-canicule-exceptionnelle-en-2025","19":"tag-lyon","20":"tag-news","21":"tag-notre-planete","22":"tag-pollution","23":"tag-republique-francaise","24":"tag-video","25":"tag-video-environnement"},"share_on_mastodon":{"url":"https:\/\/pubeurope.com\/@fr\/115035714618092559","error":""},"_links":{"self":[{"href":"https:\/\/www.europesays.com\/fr\/wp-json\/wp\/v2\/posts\/321871","targetHints":{"allow":["GET"]}}],"collection":[{"href":"https:\/\/www.europesays.com\/fr\/wp-json\/wp\/v2\/posts"}],"about":[{"href":"https:\/\/www.europesays.com\/fr\/wp-json\/wp\/v2\/types\/post"}],"author":[{"embeddable":true,"href":"https:\/\/www.europesays.com\/fr\/wp-json\/wp\/v2\/users\/2"}],"replies":[{"embeddable":true,"href":"https:\/\/www.europesays.com\/fr\/wp-json\/wp\/v2\/comments?post=321871"}],"version-history":[{"count":0,"href":"https:\/\/www.europesays.com\/fr\/wp-json\/wp\/v2\/posts\/321871\/revisions"}],"wp:featuredmedia":[{"embeddable":true,"href":"https:\/\/www.europesays.com\/fr\/wp-json\/wp\/v2\/media\/321872"}],"wp:attachment":[{"href":"https:\/\/www.europesays.com\/fr\/wp-json\/wp\/v2\/media?parent=321871"}],"wp:term":[{"taxonomy":"category","embeddable":true,"href":"https:\/\/www.europesays.com\/fr\/wp-json\/wp\/v2\/categories?post=321871"},{"taxonomy":"post_tag","embeddable":true,"href":"https:\/\/www.europesays.com\/fr\/wp-json\/wp\/v2\/tags?post=321871"}],"curies":[{"name":"wp","href":"https:\/\/api.w.org\/{rel}","templated":true}]}}