{"id":321873,"date":"2025-08-16T00:56:13","date_gmt":"2025-08-16T00:56:13","guid":{"rendered":"https:\/\/www.europesays.com\/fr\/321873\/"},"modified":"2025-08-16T00:56:13","modified_gmt":"2025-08-16T00:56:13","slug":"trompeusement-mignon-une-nouvelle-espece-prehistorique-entre-une-baleine-et-un-pokemon-decouverte-en-australie","status":"publish","type":"post","link":"https:\/\/www.europesays.com\/fr\/321873\/","title":{"rendered":"\u00ab\u00a0Trompeusement mignon\u00a0\u00bb\u00a0: une nouvelle esp\u00e8ce pr\u00e9historique, entre \u00ab\u00a0une baleine et un pokemon\u00a0\u00bb d\u00e9couverte en Australie"},"content":{"rendered":"<p class=\"paragraph text_align_left lp-f-body-02\">Une d\u00e9couverte atypique. Un fossile datant de 25 millions d\u2019ann\u00e9es retrouv\u00e9 sur la plage de Jan Juc, dans l\u2019Etat de Victoria, en Australie, a \u00e9t\u00e9 identifi\u00e9 comme une nouvelle esp\u00e8ce. Ce petit mammif\u00e8re marin, de 2 \u00e0 3 m de long, aux dents ac\u00e9r\u00e9es et au museau semblable \u00e0 celui d\u2019un requin, a \u00e9t\u00e9 baptis\u00e9 Janjucetus dullardi, rapporte l\u2019<a href=\"https:\/\/apnews.com\/article\/whale-fossil-australia-prehistoric-janjucetus-dullardi-victoria-fa2559969c8609f5e3783054b4558375\" target=\"_self\" rel=\"nofollow noopener\">Associated Press<\/a>.<\/p>\n<p class=\"paragraph text_align_left lp-f-body-02\">\u00ab C\u2019\u00e9tait, disons, trompeusement mignon, estime \u00c9rich Fitzgerald, conservateur principal de la pal\u00e9ontologie des vert\u00e9br\u00e9s au Museums Victoria Research Institute, qui a eu l\u2019occasion de l\u2019\u00e9tudier. Cela aurait pu ressembler \u00e0 un m\u00e9lange \u00e9trange entre une baleine, un phoque et un Pok\u00e9mon, mais ils \u00e9taient vraiment \u00e0 part. \u00bb<\/p>\n<p>Un profil de chasseur<\/p>\n<p class=\"paragraph text_align_left lp-f-body-02\">Trouv\u00e9 en 2019 par Ross Dullard, un passionn\u00e9 de pal\u00e9ontologie, le fossile est pass\u00e9 entre les mains des sp\u00e9cialistes du Museums Victoria Research Institute qui l\u2019ont renomm\u00e9 en son honneur. \u00ab Il se peut qu\u2019ils aient eu de minuscules petits bouts de pattes qui d\u00e9passaient comme des moignons de la paroi du corps \u00bb, ajoute \u00c9rich Fitzgerald.<\/p>\n<p class=\"paragraph text_align_left lp-f-body-02\">Selon lui, l\u2019esp\u00e8ce avait un profil tr\u00e8s diff\u00e9rent des baleines d\u2019aujourd\u2019hui. Sa forte m\u00e2choire et son excellente vision en faisaient un chasseur redoutable.<\/p>\n<p class=\"paragraph text_align_left lp-f-body-02\">Le Janjucetus dullardi est la quatri\u00e8me esp\u00e8ce av\u00e9r\u00e9e d\u00e9couverte appartenant au groupe des mammalodontid\u00e9s, des c\u00e9tac\u00e9s ayant v\u00e9cus durant l\u2019\u00e9poque g\u00e9ologique de l\u2019Oligoc\u00e8ne, il y a environ 34 \u00e0 23 millions d\u2019ann\u00e9es.<\/p>\n","protected":false},"excerpt":{"rendered":"Une d\u00e9couverte atypique. Un fossile datant de 25 millions d\u2019ann\u00e9es retrouv\u00e9 sur la plage de Jan Juc, dans&hellip;\n","protected":false},"author":2,"featured_media":321874,"comment_status":"","ping_status":"","sticky":false,"template":"","format":"standard","meta":{"footnotes":""},"categories":[1888],"tags":[1111,1928,11,1927,1777,674,1011,27,12,1926,626,1925,25,41],"class_list":{"0":"post-321873","1":"post","2":"type-post","3":"status-publish","4":"format-standard","5":"has-post-thumbnail","7":"category-paris","8":"tag-actu","9":"tag-actu-paris","10":"tag-actualites","11":"tag-actualites-paris","12":"tag-eu","13":"tag-europe","14":"tag-fr","15":"tag-france","16":"tag-news","17":"tag-news-paris","18":"tag-paris","19":"tag-paris-news","20":"tag-republique-francaise","21":"tag-sciences"},"share_on_mastodon":{"url":"https:\/\/pubeurope.com\/@fr\/115035726544756636","error":""},"_links":{"self":[{"href":"https:\/\/www.europesays.com\/fr\/wp-json\/wp\/v2\/posts\/321873","targetHints":{"allow":["GET"]}}],"collection":[{"href":"https:\/\/www.europesays.com\/fr\/wp-json\/wp\/v2\/posts"}],"about":[{"href":"https:\/\/www.europesays.com\/fr\/wp-json\/wp\/v2\/types\/post"}],"author":[{"embeddable":true,"href":"https:\/\/www.europesays.com\/fr\/wp-json\/wp\/v2\/users\/2"}],"replies":[{"embeddable":true,"href":"https:\/\/www.europesays.com\/fr\/wp-json\/wp\/v2\/comments?post=321873"}],"version-history":[{"count":0,"href":"https:\/\/www.europesays.com\/fr\/wp-json\/wp\/v2\/posts\/321873\/revisions"}],"wp:featuredmedia":[{"embeddable":true,"href":"https:\/\/www.europesays.com\/fr\/wp-json\/wp\/v2\/media\/321874"}],"wp:attachment":[{"href":"https:\/\/www.europesays.com\/fr\/wp-json\/wp\/v2\/media?parent=321873"}],"wp:term":[{"taxonomy":"category","embeddable":true,"href":"https:\/\/www.europesays.com\/fr\/wp-json\/wp\/v2\/categories?post=321873"},{"taxonomy":"post_tag","embeddable":true,"href":"https:\/\/www.europesays.com\/fr\/wp-json\/wp\/v2\/tags?post=321873"}],"curies":[{"name":"wp","href":"https:\/\/api.w.org\/{rel}","templated":true}]}}