{"id":321903,"date":"2025-08-16T01:15:14","date_gmt":"2025-08-16T01:15:14","guid":{"rendered":"https:\/\/www.europesays.com\/fr\/321903\/"},"modified":"2025-08-16T01:15:14","modified_gmt":"2025-08-16T01:15:14","slug":"bagnaia-de-nouveau-tres-fort-au-freinage-une-bonne-surprise","status":"publish","type":"post","link":"https:\/\/www.europesays.com\/fr\/321903\/","title":{"rendered":"Bagnaia de nouveau \u00ab\u00a0tr\u00e8s fort au freinage\u00a0\u00bb\u00a0: \u00ab\u00a0Une bonne surprise\u00a0\u00bb"},"content":{"rendered":"<p>\u00ab\u00a0Inattendu.\u00a0\u00bb C&rsquo;est le mot choisi par <a href=\"https:\/\/fr.motorsport.com\/driver\/pecco-bagnaia\/109394\/\" target=\"_blank\" rel=\"noopener\">Pecco Bagnaia<\/a> pour d\u00e9crire son vendredi \u00e0 Spielberg, \u00e9tonnamment plus simple qu&rsquo;il ne l&rsquo;attendait. Il a certes d\u00fb se contenter de la deuxi\u00e8me place dans la matin\u00e9e et de la troisi\u00e8me en Essais, alors que les deux s\u00e9ances ont \u00e9t\u00e9 men\u00e9es par <a href=\"https:\/\/fr.motorsport.com\/driver\/marc-marquez\/92646\/\" target=\"_blank\" rel=\"noopener\">Marc M\u00e1rquez<\/a>, mais ce dernier a <a href=\"https:\/\/fr.motorsport.com\/motogp\/news\/marquez-voit-bagnaia-favori-rythme-course\/10750949\/\" target=\"_blank\" rel=\"noopener\">constat\u00e9 le bon rythme de course de son co\u00e9quipier et a confirm\u00e9 s&rsquo;en m\u00e9fier<\/a>.<\/p>\n<p>Bagnaia pensait \u00eatre confront\u00e9 \u00e0 ses probl\u00e8mes r\u00e9currents au freinage cette ann\u00e9e, mais cela n&rsquo;a finalement pas \u00e9t\u00e9 le cas. \u00ab\u00a0Je m&rsquo;attendais \u00e0 ce que \u00e7a commence comme les autres week-ends cette saison, avec les m\u00eames sensations\u00a0\u00bb, a-t-il expliqu\u00e9. \u00ab\u00a0Cette piste a de nombreux freinages et je m&rsquo;attendais \u00e0 souffrir un peu mais d\u00e8s le premier relais en EL1, j&rsquo;ai senti que j&rsquo;\u00e9tais en mesure d&rsquo;\u00eatre tr\u00e8s fort au freinage. Je suis content de \u00e7a.\u00a0\u00bb<\/p>\n<p>\u00ab\u00a0Je ne veux pas trop en parler et garder les m\u00eames sensations pour la suite du week-end. Mais je suis tr\u00e8s content parce que j&rsquo;ai pu \u00eatre tr\u00e8s constant avec les pneus, j&rsquo;ai pu attaquer de diff\u00e9rentes fa\u00e7ons, en restant constant pour faire un tr\u00e8s bon time attack d\u00e8s aujourd&rsquo;hui, donc je suis content.\u00a0\u00bb<\/p>\n<p>\u00ab\u00a0J&rsquo;ai pu freiner comme l&rsquo;an dernier, avec plus d&rsquo;angle\u00a0\u00bb, a d\u00e9taill\u00e9 Bagnaia. \u00ab\u00a0J&rsquo;ai beaucoup contr\u00f4l\u00e9 la glissade, ce que je n&rsquo;arrivais pas \u00e0 faire cette saison. J&rsquo;ai pu beaucoup forcer dans la derni\u00e8re partie [du freinage] pour r\u00e9duire la vitesse, tout ce que je n&rsquo;arrivais pas \u00e0 faire cette saison.\u00a0\u00bb<\/p>\n<p>Bagnaia est donc encourag\u00e9 mais n\u00e9anmoins prudent apr\u00e8s avoir connu plusieurs d\u00e9sillusions cette ann\u00e9e\u00a0: \u00ab\u00a0C&rsquo;\u00e9tait une bonne surprise pour moi et je suis content de me sentir enfin beaucoup mieux, mais ce n&rsquo;est que le vendredi. Pendant les essais, parfois je suis performant, je perds un peu de temps, mais mon point faible vient plus des courses cette saison. Attendons demain et la course sprint pour voir si je pourrai me battre ou pas.\u00a0\u00bb<\/p>\n<p>   <img decoding=\"async\" draggable=\"false\" src=\"https:\/\/www.europesays.com\/fr\/wp-content\/uploads\/2025\/08\/1755306914_393_francesco-bagnaia-ducati-team.jpg\" alt=\"Francesco Bagnaia, Ducati Team\" width=\"1200\" height=\"800\" loading=\"lazy\"\/> <\/p>\n<p class=\"title\">Pecco Bagnaia<\/p>\n<p class=\"photographer\">Photo de: Gold and Goose Photography \/ LAT Images \/ via Getty Images<\/p>\n<p>Bagnaia a list\u00e9 plusieurs \u00e9l\u00e9ments pouvant jouer en sa faveur au Red Bull Ring, comme le pneu arri\u00e8re \u00e0 la construction renforc\u00e9e apport\u00e9 sur ce circuit, ou la taille du disque de frein qu&rsquo;il avait&#8230;. mais des \u00e9l\u00e9ments moins techniques ont aussi pu entrer en jeu.<\/p>\n<p>\u00ab\u00a0C&rsquo;est s\u00fbr que cette piste aide beaucoup pour moi parce qu&rsquo;elle m&rsquo;a toujours \u00e9t\u00e9 favorable\u00a0\u00bb, a soulign\u00e9 le pilote Ducati, qui a aussi ajust\u00e9 son approche\u00a0: \u00ab\u00a0J&rsquo;ai juste fait une chose diff\u00e9remment, en oubliant la premi\u00e8re partie de la saison, et en repartant comme l&rsquo;an dernier. Beaucoup de choses peuvent jouer.\u00a0\u00bb<\/p>\n<p>\u00ab\u00a0J&rsquo;esp\u00e8re qu&rsquo;on trouvera la solution pour \u00eatre constant de cette fa\u00e7on partout\u00a0\u00bb, a-t-il confi\u00e9. \u00ab\u00a0C&rsquo;est difficile de le savoir maintenant. On verra si on pourra franchir un nouveau cap et continuer comme \u00e7a demain. Je sens que je peux me battre plus facilement pour le podium, pour rester devant et me battre, donc on verra.\u00a0\u00bb<\/p>\n<p>L&rsquo;un des seuls \u00e9l\u00e9ments qui ne convainc pas v\u00e9ritablement Pecco Bagnaia apr\u00e8s cette journ\u00e9e est le nouveau <a href=\"https:\/\/fr.motorsport.com\/motogp\/news\/controle-stabilite-debat-glissades-chutes\/10750681\/\" target=\"_blank\" rel=\"noopener\">contr\u00f4le de stabilit\u00e9<\/a>, que tous les constructeurs peuvent activer ce week-end. Il n&rsquo;appr\u00e9cie pas vraiment cette \u00e9volution logicielle du bo\u00eetier \u00e9lectronique mais pr\u00e9f\u00e8re tenter de s&rsquo;y adapter.<\/p>\n<p>\u00ab\u00a0Je crois que ce n&rsquo;est pas obligatoire mais il faut l&rsquo;utiliser parce que ce n&rsquo;est peut-\u00eatre pas le cas pour cette course, mais \u00e7a pourrait aider \u00e0 l&rsquo;avenir. C&rsquo;est bizarre pour le moment, je ne l&rsquo;aime pas vraiment et je sens que Ducati a moins de donn\u00e9es, peut-\u00eatre parce qu&rsquo;on a moins de tests. Sinc\u00e8rement, j&rsquo;ai juste demand\u00e9 \u00e0 ce qu&rsquo;on l&rsquo;enl\u00e8ve et \u00e0 l&rsquo;avoir juste un peu quand le pneu est fini. On verra si on peut bien travailler pour am\u00e9liorer ce genre de choses.\u00a0\u00bb<\/p>\n<p>Lire aussi :<\/p>\n<p>Dans cet article<\/p>\n<p>Soyez le premier inform\u00e9 et souscrivez aux alertes mails pour recevoir les infos en temps r\u00e9el<\/p>\n<p>    S&rsquo;abonner aux alertes de news<\/p>\n","protected":false},"excerpt":{"rendered":"\u00ab\u00a0Inattendu.\u00a0\u00bb C&rsquo;est le mot choisi par Pecco Bagnaia pour d\u00e9crire son vendredi \u00e0 Spielberg, \u00e9tonnamment plus simple qu&rsquo;il&hellip;\n","protected":false},"author":2,"featured_media":321904,"comment_status":"","ping_status":"","sticky":false,"template":"","format":"standard","meta":{"footnotes":""},"categories":[1413],"tags":[45963,4950,1011,27,34489,1457,1456,1458,4951,34490,60],"class_list":{"0":"post-321903","1":"post","2":"type-post","3":"status-publish","4":"format-standard","5":"has-post-thumbnail","7":"category-moto","8":"tag-bagnaia-de-nouveau-tru00e8s-fort-au-freinageu00a0-une-bonne-surprise","9":"tag-ducati-team","10":"tag-fr","11":"tag-france","12":"tag-gp-dautriche","13":"tag-moto","14":"tag-motocycle","15":"tag-motogp","16":"tag-pecco-bagnaia","17":"tag-red-bull-ring","18":"tag-sports"},"share_on_mastodon":{"url":"https:\/\/pubeurope.com\/@fr\/115035801133285187","error":""},"_links":{"self":[{"href":"https:\/\/www.europesays.com\/fr\/wp-json\/wp\/v2\/posts\/321903","targetHints":{"allow":["GET"]}}],"collection":[{"href":"https:\/\/www.europesays.com\/fr\/wp-json\/wp\/v2\/posts"}],"about":[{"href":"https:\/\/www.europesays.com\/fr\/wp-json\/wp\/v2\/types\/post"}],"author":[{"embeddable":true,"href":"https:\/\/www.europesays.com\/fr\/wp-json\/wp\/v2\/users\/2"}],"replies":[{"embeddable":true,"href":"https:\/\/www.europesays.com\/fr\/wp-json\/wp\/v2\/comments?post=321903"}],"version-history":[{"count":0,"href":"https:\/\/www.europesays.com\/fr\/wp-json\/wp\/v2\/posts\/321903\/revisions"}],"wp:featuredmedia":[{"embeddable":true,"href":"https:\/\/www.europesays.com\/fr\/wp-json\/wp\/v2\/media\/321904"}],"wp:attachment":[{"href":"https:\/\/www.europesays.com\/fr\/wp-json\/wp\/v2\/media?parent=321903"}],"wp:term":[{"taxonomy":"category","embeddable":true,"href":"https:\/\/www.europesays.com\/fr\/wp-json\/wp\/v2\/categories?post=321903"},{"taxonomy":"post_tag","embeddable":true,"href":"https:\/\/www.europesays.com\/fr\/wp-json\/wp\/v2\/tags?post=321903"}],"curies":[{"name":"wp","href":"https:\/\/api.w.org\/{rel}","templated":true}]}}