{"id":321905,"date":"2025-08-16T01:16:17","date_gmt":"2025-08-16T01:16:17","guid":{"rendered":"https:\/\/www.europesays.com\/fr\/321905\/"},"modified":"2025-08-16T01:16:17","modified_gmt":"2025-08-16T01:16:17","slug":"f1-il-doit-virer-son-fils-le-constat-sans-appel-de-ralf-schumacher-au-sujet-daston-martin-ouest-france","status":"publish","type":"post","link":"https:\/\/www.europesays.com\/fr\/321905\/","title":{"rendered":"F1. \u00ab Il doit virer son fils\u2026 \u00bb : le constat sans appel de Ralf Schumacher au sujet d&#039;Aston Martin &#8211; Ouest-France"},"content":{"rendered":"<ol>\n<li><a href=\"https:\/\/news.google.com\/rss\/articles\/CBMi_wFBVV95cUxNLXdhWDVLSHp4eTBXMEh5cVEyM25yYXNLRDRwTUVWc25kWmxVVEplVXVYN0NzaWIyRElCdXBZNkNQcjNGcXI1b0dnbnROc281emxhQkYwNE5fbWRGV3hDcFFQc3cyV0pjcTEzSjk5enp4aDV0emhKeTl4OXpicnYxMUw0SU8yYnhKUnlJT1UyaFczLUNyckdOaFFnVDZGdkotSXFkMUJRSGwxLW41QXlIWF90V2tHZWpMOXBMZDMtc2ZBOFdmbXdSamNtS1p3TFdZVlRFZjhHY1FZZlZscDNRLTBLbm1SZjczMjBJWDJrdXoyME90Nk00R0pEd2pUcGc?oc=5\" target=\"_blank\" rel=\"noopener\">F1. \u00ab Il doit virer son fils\u2026 \u00bb : le constat sans appel de Ralf Schumacher au sujet d&rsquo;Aston Martin<\/a>&nbsp;&nbsp;Ouest-France<\/li>\n<li><a href=\"https:\/\/news.google.com\/rss\/articles\/CBMixgFBVV95cUxPMU5IaDRCV1Fjd0wxV1lQaklaczEwVjdqVjV4T2dJUXJTRnhNaEtKU1ZpeWUwZE5tSlc3WmR5dFItSkM4MVNJd0FfalZGb0pCREtQSFd1MlpHanBOYUxsN3hUYUppanFrbDRTa244RklCYk9iNG1kSGQwRENybXY2ZTZVbDUyWnJLdXg4Umh5QTN4VjZkWG9VbjVFb05mX1h1LS1MZVJ5cm9zb2k2eGZOUW5wdDBGRWF3VTJ5eUZ5SEpYWktKMFE?oc=5\" target=\"_blank\" rel=\"noopener\">Ralf Schumacher pousse Lawrence Stroll \u00e0 \u00e9carter son fils pour viser le titre F1<\/a>&nbsp;&nbsp;f1i.autojournal.fr<\/li>\n<li><a href=\"https:\/\/news.google.com\/rss\/articles\/CBMinAFBVV95cUxNWlYzbUdMNFBEclhIc29hc2VRc2dkU3NjWnhwcU1RRUNTakdZc0hjb05oWTNJRVd6aUZ2NkJRZVpaREhXbUR3d25xZDJnTlQ1aVh4WG5CenhsY2NocWZWMlBEWngtNHBfWWNlb2UyNDdGU3cxVW1MWmJuZFRpd3pPdkdNXy15VWtZZEVZOVhpMlNBem03eUlOVjZBM0Y?oc=5\" target=\"_blank\" rel=\"noopener\">La nouvelle sortie de Ralf Schumacher ne va pas plaire \u00e0 Lawrence Stroll<\/a>&nbsp;&nbsp;F1ACTU<\/li>\n<li><a href=\"https:\/\/news.google.com\/rss\/articles\/CBMi6gFBVV95cUxOaGpsUmxQODNlQ0NEZF9oQ0I5aUpuM1hHaklldWd3azVCemRJb1hYaENJMVY5eVdmM3YxRUQzR19lR0VDc3ZxcDVvUnMtcVR5WDJfRzVkTDc4anZFOW5TVVJlZ0FEdm5yZHpDa3RNdXk5V3VSVWp2MVRDWGdCREg5eHNuQ1NkWG9jNW84WC1hYW5oeTdUUHFwU1B0VXQ2QjJTS1dUTk1lMXpOQVRSbEI2RWQ4dkd4eDdHeWljVEV2TmppRWlEMFp4TldGLUNYTEVPTElZVUpSYWpTMmxmQWtUdnBjblB3RTFPT3c?oc=5\" target=\"_blank\" rel=\"noopener\">Sky Sports enflamme la col\u00e8re : les critiques controvers\u00e9es de Rosberg et Schumacher attisent les tensions au sein des \u00e9quipes de F1<\/a>&nbsp;&nbsp;autogear.pt<\/li>\n<li><a href=\"https:\/\/news.google.com\/rss\/articles\/CBMitgFBVV95cUxPSUJCdWFFeVVTWUxtZDl1LXhVMzZjNjlxazVkS3FyS3ptX2FHemFfV0diblU2TFlmUHh5bDZSUmxUNXVfNEFoNjd3ZG9ia3l0QlZfcVlnTkVjYi15U3FmRFZHQngxZUg0Tk9seHlvR0JZZGI1VjlkSTMtbkkzSjU3OW5IeVFhVGxHU3FublNfNzMyaGZKUmMxbzI3UnJYRjZYaHJ0QWRwUm4wUk12ajlETzJkWHlhdw?oc=5\" target=\"_blank\" rel=\"noopener\">Lance Stroll affronte des titans chaque week-end : le &lsquo;pauvre gars&rsquo; de la F1 est-il sous-estim\u00e9<\/a>&nbsp;&nbsp;autogear.pt<\/li>\n<\/ol>\n","protected":false},"excerpt":{"rendered":"F1. \u00ab Il doit virer son fils\u2026 \u00bb : le constat sans appel de Ralf Schumacher au sujet&hellip;\n","protected":false},"author":2,"featured_media":1445,"comment_status":"","ping_status":"","sticky":false,"template":"","format":"standard","meta":{"footnotes":""},"categories":[1412],"tags":[1451,1452,1453,1454,1455,1011,27,60],"class_list":{"0":"post-321905","1":"post","2":"type-post","3":"status-publish","4":"format-standard","5":"has-post-thumbnail","7":"category-f1","8":"tag-f1","9":"tag-formula-1","10":"tag-formula1","11":"tag-formule-1","12":"tag-formule1","13":"tag-fr","14":"tag-france","15":"tag-sports"},"share_on_mastodon":{"url":"https:\/\/pubeurope.com\/@fr\/115035805116152484","error":""},"_links":{"self":[{"href":"https:\/\/www.europesays.com\/fr\/wp-json\/wp\/v2\/posts\/321905","targetHints":{"allow":["GET"]}}],"collection":[{"href":"https:\/\/www.europesays.com\/fr\/wp-json\/wp\/v2\/posts"}],"about":[{"href":"https:\/\/www.europesays.com\/fr\/wp-json\/wp\/v2\/types\/post"}],"author":[{"embeddable":true,"href":"https:\/\/www.europesays.com\/fr\/wp-json\/wp\/v2\/users\/2"}],"replies":[{"embeddable":true,"href":"https:\/\/www.europesays.com\/fr\/wp-json\/wp\/v2\/comments?post=321905"}],"version-history":[{"count":0,"href":"https:\/\/www.europesays.com\/fr\/wp-json\/wp\/v2\/posts\/321905\/revisions"}],"wp:featuredmedia":[{"embeddable":true,"href":"https:\/\/www.europesays.com\/fr\/wp-json\/wp\/v2\/media\/1445"}],"wp:attachment":[{"href":"https:\/\/www.europesays.com\/fr\/wp-json\/wp\/v2\/media?parent=321905"}],"wp:term":[{"taxonomy":"category","embeddable":true,"href":"https:\/\/www.europesays.com\/fr\/wp-json\/wp\/v2\/categories?post=321905"},{"taxonomy":"post_tag","embeddable":true,"href":"https:\/\/www.europesays.com\/fr\/wp-json\/wp\/v2\/tags?post=321905"}],"curies":[{"name":"wp","href":"https:\/\/api.w.org\/{rel}","templated":true}]}}