{"id":321914,"date":"2025-08-16T01:22:27","date_gmt":"2025-08-16T01:22:27","guid":{"rendered":"https:\/\/www.europesays.com\/fr\/321914\/"},"modified":"2025-08-16T01:22:27","modified_gmt":"2025-08-16T01:22:27","slug":"comment-je-vais-mintegrer-la-dedans-elsa-bois-ninon-evoque-le-stress-quelle-a-ressenti-avant-de-rejoindre-la-serie-de-tf1","status":"publish","type":"post","link":"https:\/\/www.europesays.com\/fr\/321914\/","title":{"rendered":"\u00ab\u00a0Comment je vais m&rsquo;int\u00e9grer l\u00e0-dedans ?\u00a0\u00bb Elsa Bois (Ninon) \u00e9voque \u00ab\u00a0le stress\u00a0\u00bb qu&rsquo;elle a ressenti avant de rejoindre la s\u00e9rie de TF1"},"content":{"rendered":"<p>Des parquets de Danse avec les stars aux fourneaux d\u2019Ici tout commence, il n\u2019y a parfois qu\u2019un pas\u2026 Ou plut\u00f4t un entrechat ! Effectivement, <a href=\"https:\/\/www.programme-tv.net\/news\/series-tv\/383832-ici-tout-commence-on-sait-a-quelle-date-elsa-bois-danse-avec-les-stars-arrive-dans-la-serie-et-c-est-pour-bientot\/\" data-api-deeplink=\"teleloisirs:\/\/news\/383832\" rel=\"nofollow noopener\" target=\"_blank\">ce vendredi 15 ao\u00fbt 2025<\/a>, <b>Elsa Bois,<\/b> figure incontournable et talentueuse danseuse du concours de danse le plus c\u00e9l\u00e8bre de la t\u00e9l\u00e9vision, troque sa robe \u00e0 et ses souliers contre un tablier et des casseroles. Pour elle, une nouvelle aventure professionnelle d\u00e9marre.   Et \u00e7a tombe bien ! La jeune actrice connait bien le feuilleton diffus\u00e9 sur la premi\u00e8re cha\u00eene depuis 2020. Et pour cause, en 2022, elle avait appris \u00e0 danser \u00e0<a href=\"https:\/\/www.programme-tv.net\/news\/series-tv\/382424-camping-paradis-faut-il-regarder-l-episode-inedit-avec-pierre-deny-clemence-lassalas-et-thomas-da-costa-diffuse-ce-lundi-14-juillet-2025-sur-tf1-notre-avis\/\" data-api-deeplink=\"teleloisirs:\/\/news\/382424\" rel=\"nofollow noopener\" target=\"_blank\"> <\/a>Thomas Da Costa <a href=\"https:\/\/www.programme-tv.net\/news\/series-tv\/382424-camping-paradis-faut-il-regarder-l-episode-inedit-avec-pierre-deny-clemence-lassalas-et-thomas-da-costa-diffuse-ce-lundi-14-juillet-2025-sur-tf1-notre-avis\/\" data-api-deeplink=\"teleloisirs:\/\/news\/382424\" rel=\"nofollow noopener\" target=\"_blank\">(qu&rsquo;on a r\u00e9cemment vu dans Camping Paradis)<\/a>, l\u2019interpr\u00e8te de l\u2019embl\u00e9matique Axel Teyssier, qu\u2019elle avait emmen\u00e9 jusqu\u2019\u00e0 la <a href=\"https:\/\/www.programme-tv.net\/news\/tv\/313319-danse-avec-les-stars-michou-reagit-a-lelimination-de-sa-cherie-elsa-bois-et-de-thomas-da-costa-ici-tout-commence-dans-un-long-message\/\" data-api-deeplink=\"teleloisirs:\/\/news\/313319\" rel=\"nofollow noopener\" target=\"_blank\">quatri\u00e8me place de la comp\u00e9tition<\/a>. Un joli clin d\u2019\u0153il du destin.<\/p>\n<p>                        Elsa Bois (Ici tout commence) : \u00ab\u00a0\u00c7a a \u00e9t\u00e9 une petite source de stress pour moi&#8230;\u00a0\u00bb<\/p>\n<p><b>T\u00e9l\u00e9 Loisirs<\/b><b> : \u00c9tiez-vous spectatrice d&rsquo;<\/b><b>Ici tout commence<\/b><b> avant d\u2019en int\u00e9grer le casting ?<br \/>Elsa Bois :<\/b> J&rsquo;ai \u00e9t\u00e9 la partenaire de danse de <a href=\"https:\/\/www.programme-tv.net\/biographie\/1330204-da-costa-thomas\/\" data-link-people=\"ae366945-25ba-4a3a-8c2a-4de73ecbb38c\" rel=\"nofollow noopener\" target=\"_blank\">Thomas Da Costa<\/a> dans Danse avec Les stars en 2022. Du coup, \u00e0 l&rsquo;\u00e9poque, j&rsquo;ai regard\u00e9 le feuilleton pour lui, parce que d\u00e9j\u00e0, je voulais voir un petit peu \u00e0 quoi \u00e7a ressemblait cette s\u00e9rie. J\u2019\u00e9tais m\u00eame all\u00e9e sur les plateaux de tournage. Apr\u00e8s, je ne vais pas vous mentir, j&rsquo;ai un peu l\u00e2ch\u00e9 \u00e0 cause de mon emploi du temps&#8230; Mais l\u00e0, depuis que j&rsquo;ai su que j&rsquo;int\u00e9grais la s\u00e9rie, j&rsquo;essaie de suivre un peu plus les intrigues. D\u2019ailleurs, j\u2019ai m\u00eame r\u00e9ussi \u00e0 embarquer ma famille dans l\u2019aventure !<\/p>\n<p><b>De quelle mani\u00e8re les \u00e9quipes d&rsquo;<\/b><b>Ici tout commence<\/b><b> vous ont-elles accueillie  ?<br \/><\/b>Je vous avoue, rejoindre le Casting d&rsquo;Ici tout commence a \u00e9t\u00e9 une petite source de stress pour moi.  J&rsquo;avais beaucoup entendu parler de l&rsquo;esprit famille des \u00e9quipes de la s\u00e9rie. En arrivant, je me suis dit :  \u00ab\u00a0Mais comment je vais m&rsquo;int\u00e9grer l\u00e0-dedans ?\u00a0\u00bb Ils se connaissent depuis hyper longtemps et ils vivent ensemble quasiment tous les jours&#8230; Mais en fait, \u00e7a a \u00e9t\u00e9 hyper facile. Notamment gr\u00e2ce \u00e0 Laurence. Elle m\u2019a beaucoup aid\u00e9e. C\u2019\u00e9tait vraiment tr\u00e8s chouette !<\/p>\n<p><b>Comment s\u2019est pass\u00e9 le tournage avec Laurence Facelina (P\u00e9n\u00e9lope) ? <\/b><br \/>J\u2019arrive dans ce m\u00e9tier, tout est encore nouveau pour moi et je sais que si j\u2019ai une interrogation, une question ou un doute, je peux me tourner vers Laurence. Dans la s\u00e9rie, Ninon peut compter sur P\u00e9n\u00e9lope, et dans la vraie vie, moi, je peux compter sur Laurence. Le fait de l&rsquo;avoir \u00e0 mes c\u00f4t\u00e9s sur presque toutes mes sc\u00e8nes me permet d\u2019avoir un vrai rep\u00e8re pendant ces premiers jours de tournage\u2026<\/p>\n<p>Elsa Bois (Ici tout commence) : \u00ab\u00a0Le c\u00f4t\u00e9 miss je-sais-tout de Ninon peut agacer&#8230;\u00a0\u00bb<\/p>\n<p><b>Avez-vous toujours r\u00eav\u00e9 de devenir actrice ?<\/b>  <br \/>R\u00eaver : non ! En fait, c&rsquo;est arriv\u00e9 comme \u00e7a, parce qu&rsquo;on m&rsquo;a propos\u00e9 de faire de la fiction chez TF1. \u00c7a faisait plusieurs fois qu&rsquo;on me sugg\u00e9rait de faire d&rsquo;autre chose que l&rsquo;\u00e9mission Danse avec les stars. Et comme je suis une \u00ab\u00a0touche-\u00e0-tout\u00a0\u00bb, j&rsquo;ai accept\u00e9 de passer des essais et j&rsquo;ai tout de suite \u00e9t\u00e9 s\u00e9duite.  L&rsquo;exercice m&rsquo;a plu, j&rsquo;ai dit \u00ab\u00a0oui\u00a0\u00bb, et me voil\u00e0 dans le r\u00f4le de Ninon !<\/p>\n<p><b>Justement, parlez-nous de Ninon, votre personnage ?<br \/><\/b>Ninon, acad\u00e9miquement, c&rsquo;est un peu la premi\u00e8re de la classe qui aime montrer qu&rsquo;elle a bien fait ses devoirs et qui n&rsquo;h\u00e9site pas \u00e0 corriger les professeurs de l&rsquo;Institut Auguste Armand. Elle est au taquet !  Elle est ultra-attachante, car au fond, elle n\u2019a qu\u2019une envie : s\u2019int\u00e9grer avec les autres. Elle a envie qu&rsquo;on l&rsquo;aime mais son c\u00f4t\u00e9 \u00ab\u00a0miss je-sais-tout\u00a0\u00bb peut agacer&#8230;<\/p>\n<p><b>Est-ce un personnage qui vous ressemble ?<\/b><\/p>\n<p>Quand on m\u2019a parl\u00e9 de ce personnage, j\u2019ai tout de suite pens\u00e9 \u00e0 la jeune femme que j\u2019\u00e9tais \u00e0 17-18 ans. J\u2019y ai retrouv\u00e9 l\u2019Elsa du lyc\u00e9e, celle qui \u00e9tait clairement la premi\u00e8re de la classe et qui avait un an d\u2019avance. J&rsquo;ai saut\u00e9 une classe. J\u2019\u00e9tais tr\u00e8s acad\u00e9mique et anim\u00e9e par l\u2019envie d\u2019exceller \u00e0 l&rsquo;\u00e9cole&#8230; J&rsquo;avais moi aussi ce petit c\u00f4t\u00e9 \u00ab\u00a0Je-sais-tout\u00a0\u00bb !<\/p>\n","protected":false},"excerpt":{"rendered":"Des parquets de Danse avec les stars aux fourneaux d\u2019Ici tout commence, il n\u2019y a parfois qu\u2019un pas\u2026&hellip;\n","protected":false},"author":2,"featured_media":321915,"comment_status":"","ping_status":"","sticky":false,"template":"","format":"standard","meta":{"footnotes":""},"categories":[1356],"tags":[244,58,7744,59,1011,27,620,2173,252,199,1364],"class_list":{"0":"post-321914","1":"post","2":"type-post","3":"status-publish","4":"format-standard","5":"has-post-thumbnail","7":"category-television","8":"tag-commentaire","9":"tag-divertissement","10":"tag-elsa-bois","11":"tag-entertainment","12":"tag-fr","13":"tag-france","14":"tag-ici-tout-commence","15":"tag-interview","16":"tag-television","17":"tag-tf1","18":"tag-tv"},"share_on_mastodon":{"url":"https:\/\/pubeurope.com\/@fr\/115035828704508483","error":""},"_links":{"self":[{"href":"https:\/\/www.europesays.com\/fr\/wp-json\/wp\/v2\/posts\/321914","targetHints":{"allow":["GET"]}}],"collection":[{"href":"https:\/\/www.europesays.com\/fr\/wp-json\/wp\/v2\/posts"}],"about":[{"href":"https:\/\/www.europesays.com\/fr\/wp-json\/wp\/v2\/types\/post"}],"author":[{"embeddable":true,"href":"https:\/\/www.europesays.com\/fr\/wp-json\/wp\/v2\/users\/2"}],"replies":[{"embeddable":true,"href":"https:\/\/www.europesays.com\/fr\/wp-json\/wp\/v2\/comments?post=321914"}],"version-history":[{"count":0,"href":"https:\/\/www.europesays.com\/fr\/wp-json\/wp\/v2\/posts\/321914\/revisions"}],"wp:featuredmedia":[{"embeddable":true,"href":"https:\/\/www.europesays.com\/fr\/wp-json\/wp\/v2\/media\/321915"}],"wp:attachment":[{"href":"https:\/\/www.europesays.com\/fr\/wp-json\/wp\/v2\/media?parent=321914"}],"wp:term":[{"taxonomy":"category","embeddable":true,"href":"https:\/\/www.europesays.com\/fr\/wp-json\/wp\/v2\/categories?post=321914"},{"taxonomy":"post_tag","embeddable":true,"href":"https:\/\/www.europesays.com\/fr\/wp-json\/wp\/v2\/tags?post=321914"}],"curies":[{"name":"wp","href":"https:\/\/api.w.org\/{rel}","templated":true}]}}