{"id":321916,"date":"2025-08-16T01:23:11","date_gmt":"2025-08-16T01:23:11","guid":{"rendered":"https:\/\/www.europesays.com\/fr\/321916\/"},"modified":"2025-08-16T01:23:11","modified_gmt":"2025-08-16T01:23:11","slug":"sa-grande-annonce-surprise-sur-la-suite-de-sa-carriere","status":"publish","type":"post","link":"https:\/\/www.europesays.com\/fr\/321916\/","title":{"rendered":"sa grande annonce surprise sur la suite de sa carri\u00e8re !"},"content":{"rendered":"<p><img decoding=\"async\" src=\"https:\/\/www.europesays.com\/fr\/wp-content\/uploads\/2025\/08\/photo_1754995041.jpg\" class=\"textcenter img-content\" loading=\"lazy\"\/>Bestimage<br \/>\n<br \/>\nNatasha St-Pier a align\u00e9 les tubes depuis ses d\u00e9buts, de <a href=\"https:\/\/www.chartsinfrance.net\/actualite\/news-129268.html\" target=\"_blank\" class=\"spip_out\" rel=\"nofollow noopener\">\u00ab\u00a0Tu trouveras\u00a0\u00bb<\/a> \u00e0 <a href=\"https:\/\/www.chartsinfrance.net\/Natasha-St-Pier\/news-124765.html\" target=\"_blank\" class=\"spip_out\" rel=\"nofollow noopener\">\u00ab\u00a0Je n&rsquo;ai que mon \u00e2me\u00a0\u00bb<\/a> en passant par \u00ab\u00a0Mourir demain\u00a0\u00bb ou \u00ab\u00a0Un ange frappe \u00e0 ma porte\u00a0\u00bb. Pourtant, depuis \u00ab\u00a0Bonne nouvelle\u00a0\u00bb en 2012, la chanteuse n&rsquo;a pas sorti d&rsquo;album de chansons originales. En effet, sa voix s&rsquo;est pos\u00e9e sur les textes de Th\u00e9r\u00e8se de Lisieux sur le carton \u00ab\u00a0Th\u00e9r\u00e8se, vivre d&rsquo;amour\u00a0\u00bb ou encore \u00ab\u00a0Th\u00e9r\u00e8se de Lisieux (Aimer c\u2019est tout donner)\u00a0\u00bb, sans oublier les disques de reprises \u00ab\u00a0Mon Acadie\u00a0\u00bb ou <a href=\"https:\/\/www.chartsinfrance.net\/Natasha-St-Pier\/news-126255.html\" target=\"_blank\" class=\"spip_out\" rel=\"nofollow noopener\">\u00ab\u00a0Christmas Album\u00a0\u00bb<\/a>. Et pour son nouveau projet baptis\u00e9 <a href=\"https:\/\/www.chartsinfrance.net\/Natasha-St-Pier\/news-132362.html\" target=\"_blank\" class=\"spip_out\" rel=\"nofollow noopener\">\u00ab\u00a0Ma plus belle histoire d&rsquo;amour\u00a0\u00bb<\/a>, ce sont encore des relectures de titres cultes que proposera Natasha St-Pier.<\/p>\n<p>Le player Dailymotion est en train de se charger&#8230;<\/p>\n<p>\u00ab\u00a0Je ne peux pas vous dire exactement quand\u00a0\u00bb<br \/>\nAttendu le 26 septembre prochain, ce disque verra la <a href=\"https:\/\/www.chartsinfrance.net\/Danse-Avec-Les-Stars\/news-128609.html\" target=\"_blank\" class=\"spip_out\" rel=\"nofollow noopener\">gagnante de \u00ab\u00a0Danse avec les stars\u00a0\u00bb<\/a> revisiter \u00ab\u00a0Foule sentimentale\u00a0\u00bb d&rsquo;Alain Souchon, \u00ab\u00a0Le sud\u00a0\u00bb de Nino Ferrer, qui fait office de nouveau single, \u00ab\u00a0Si j&rsquo;\u00e9tais un homme\u00a0\u00bb de Diane Tell, \u00ab\u00a0Les mots bleus\u00a0\u00bb de Christophe ou encore \u00ab\u00a0La javanaise\u00a0\u00bb de Serge Gainsbourg. L&rsquo;occasion de retrouver le public sur sc\u00e8ne \u00e0 travers sa tourn\u00e9e avec des dates programm\u00e9es jusqu&rsquo;au 5 juin 2026. Et sur cet album, aucun duo \u00e0 l&rsquo;horizon ! \u00ab C&rsquo;est l&rsquo;une des premi\u00e8res fois que je ne fais pas de duo, parce que&#8230; je ne sais pas&#8230; J&rsquo;aurais pu en faire, j&rsquo;avais des envies, des id\u00e9es, et puis les choses se sont faites tellement vite que je n&rsquo;ai pas pris le temps de mettre en place de duos \u00bb explique Natasha St-Pier sur son compte Instagram.<\/p>\n<p>R\u00e9pondant aux questions de ses fans, la chanteuse r\u00e9v\u00e8le aussi si elle compte revenir ou non avec un album compos\u00e9 int\u00e9gralement de chansons originales, ce qui n&rsquo;est plus arriv\u00e9 depuis 13 ans d\u00e9j\u00e0. \u00ab J&rsquo;ai pr\u00e9vu un album de chansons in\u00e9dites. Mais je vais d\u00e9j\u00e0 finir la tourn\u00e9e avec cet album-l\u00e0 et je pense oui derri\u00e8re vous proposer un album de chansons in\u00e9dites \u00bb d\u00e9clare la chanteuse de 44 ans, estimant son disque \u00ab\u00a0Ma plus belle histoire d&rsquo;amour\u00a0\u00bb comme son \u00ab tout premier album de reprises \u00bb pens\u00e9 afin de \u00ab mettre en lumi\u00e8re le magnifique patrimoine fran\u00e7ais \u00bb : \u00ab Je ne compte pas l\u2019album de No\u00ebl comme un album de reprises car c\u2019est \u00e0 part, c\u2019est un album th\u00e9matique, un album concept \u00bb.<\/p>\n<blockquote class=\"instagram-media\" data-instgrm-permalink=\"https:\/\/www.instagram.com\/reel\/DNOVtY_qURY\/?utm_source=ig_embed&amp;utm_campaign=loading\" data-instgrm-version=\"14\" style=\" background:#FFF; border:0; border-radius:3px; box-shadow:0 0 1px 0 rgba(0,0,0,0.5),0 1px 10px 0 rgba(0,0,0,0.15); margin: 1px; max-width:540px; min-width:326px; padding:0; width:99.375%; width:-webkit-calc(100% - 2px); width:calc(100% - 2px);\"\/>\n<p>\u00ab L\u00e0 je fais mon tout premier album de reprises en carri\u00e8re. J\u2019adore ce moment, je veux en profiter vraiment avec la tourn\u00e9e. Je suis heureuse de chanter ces chansons-l\u00e0 que j\u2019aime profond\u00e9ment \u00bb poursuit Natasha St-Pier, qui pr\u00e9voit ensuite de s&rsquo;atteler \u00e0 des titres originaux comme \u00e0 la belle \u00e9poque : \u00ab Et derri\u00e8re, oui, je vous proposerai des chansons in\u00e9dites mais je ne peux pas vous dire exactement quand ce sera \u00bb. A suivre !<\/p>\n<p><script async src=\"\/\/www.instagram.com\/embed.js\"><\/script><\/p>\n","protected":false},"excerpt":{"rendered":"Bestimage Natasha St-Pier a align\u00e9 les tubes depuis ses d\u00e9buts, de \u00ab\u00a0Tu trouveras\u00a0\u00bb \u00e0 \u00ab\u00a0Je n&rsquo;ai que mon&hellip;\n","protected":false},"author":2,"featured_media":321917,"comment_status":"","ping_status":"","sticky":false,"template":"","format":"standard","meta":{"footnotes":""},"categories":[1355],"tags":[58,59,1011,27,1361,873],"class_list":{"0":"post-321916","1":"post","2":"type-post","3":"status-publish","4":"format-standard","5":"has-post-thumbnail","7":"category-musique","8":"tag-divertissement","9":"tag-entertainment","10":"tag-fr","11":"tag-france","12":"tag-music","13":"tag-musique"},"share_on_mastodon":{"url":"https:\/\/pubeurope.com\/@fr\/115035832683087896","error":""},"_links":{"self":[{"href":"https:\/\/www.europesays.com\/fr\/wp-json\/wp\/v2\/posts\/321916","targetHints":{"allow":["GET"]}}],"collection":[{"href":"https:\/\/www.europesays.com\/fr\/wp-json\/wp\/v2\/posts"}],"about":[{"href":"https:\/\/www.europesays.com\/fr\/wp-json\/wp\/v2\/types\/post"}],"author":[{"embeddable":true,"href":"https:\/\/www.europesays.com\/fr\/wp-json\/wp\/v2\/users\/2"}],"replies":[{"embeddable":true,"href":"https:\/\/www.europesays.com\/fr\/wp-json\/wp\/v2\/comments?post=321916"}],"version-history":[{"count":0,"href":"https:\/\/www.europesays.com\/fr\/wp-json\/wp\/v2\/posts\/321916\/revisions"}],"wp:featuredmedia":[{"embeddable":true,"href":"https:\/\/www.europesays.com\/fr\/wp-json\/wp\/v2\/media\/321917"}],"wp:attachment":[{"href":"https:\/\/www.europesays.com\/fr\/wp-json\/wp\/v2\/media?parent=321916"}],"wp:term":[{"taxonomy":"category","embeddable":true,"href":"https:\/\/www.europesays.com\/fr\/wp-json\/wp\/v2\/categories?post=321916"},{"taxonomy":"post_tag","embeddable":true,"href":"https:\/\/www.europesays.com\/fr\/wp-json\/wp\/v2\/tags?post=321916"}],"curies":[{"name":"wp","href":"https:\/\/api.w.org\/{rel}","templated":true}]}}