{"id":321942,"date":"2025-08-16T01:42:34","date_gmt":"2025-08-16T01:42:34","guid":{"rendered":"https:\/\/www.europesays.com\/fr\/321942\/"},"modified":"2025-08-16T01:42:34","modified_gmt":"2025-08-16T01:42:34","slug":"video-football-malgre-le-retour-de-tavares-le-dfco-concede-le-nul-face-a-rouen-pour-sa-premiere-a-domicile-1-1","status":"publish","type":"post","link":"https:\/\/www.europesays.com\/fr\/321942\/","title":{"rendered":"VIDEO &#8211; Football\u00a0: malgr\u00e9 le retour de Tavares, le DFCO conc\u00e8de le nul face \u00e0 Rouen pour sa premi\u00e8re \u00e0 domicile (1-1)"},"content":{"rendered":"<p>Le DFCO et le FC Rouen se quittent sur un match nul 1-1, ce vendredi, lors de cette 2e journ\u00e9e de National. Tout avait pourtant bien commenc\u00e9 apr\u00e8s l&rsquo;ouverture du score ultra-rapide de Yanis Barka, avant de se faire surprendre sur penalty. Julio Tavares a rejou\u00e9 officiellement sous le maillot rouge.<\/p>\n<p>Le DFCO ne sera pas parvenu \u00e0 encha\u00eener, une semaine apr\u00e8s sa\u00a0<a class=\"IciLink ici-link IciArticleLink g-ici-body-regular-1 underline brand svelte-lu7k6w\" href=\"https:\/\/www.francebleu.fr\/sports\/football\/en-direct-football-vivez-la-reprise-du-championnat-de-national-entre-orleans-et-le-dfco-8036052\" rel=\"nofollow noopener\" target=\"_blank\">victoire renversante \u00e0 Orl\u00e9ans<\/a>\u00a0(2-1). <strong>Les joueurs de Baptiste Ridira ont conc\u00e9d\u00e9 le nul 1-1<\/strong>, ce vendredi, pour cette\u00a0<a class=\"IciLink ici-link IciArticleLink g-ici-body-regular-1 underline brand svelte-lu7k6w\" href=\"https:\/\/www.francebleu.fr\/sports\/football\/national-j2-tavares-dans-le-groupe-faire-de-gaston-gerard-une-forteresse-ce-qu-il-faut-savoir-avant-dfco-rouen-1806175\" rel=\"nofollow noopener\" target=\"_blank\">deuxi\u00e8me journ\u00e9e de National<\/a>, la premi\u00e8re \u00e0 la maison. Les Rouges peuvent avoir des regrets. D&rsquo;abord, parce qu&rsquo;ils avaient ouvert la marque apr\u00e8s moins de deux minutes de jeu, par Yanis Barka. Ensuite, parce qu&rsquo;ils n&rsquo;ont pas r\u00e9ussi \u00e0 faire tourner la rencontre \u00e0 leur avantage dans une deuxi\u00e8me mi-temps domin\u00e9e de bout en bout.<\/p>\n<p>Une soir\u00e9e frustrante parce qu&rsquo;elle signait aussi\u00a0<a class=\"IciLink ici-link IciArticleLink g-ici-body-regular-1 underline brand svelte-lu7k6w\" href=\"https:\/\/www.francebleu.fr\/sports\/football\/football-montrer-que-je-suis-toujours-ce-julio-qui-donne-tout-assure-julio-tavares-de-retour-au-dfco-6086142\" rel=\"nofollow noopener\" target=\"_blank\">le retour de l&rsquo;icone Julio Tavares<\/a>. L&rsquo;attaquant cap-verdien a \u00e9t\u00e9 ovationn\u00e9 pour son retour sur la pelouse de Gaston-G\u00e9rard,\u00a0<a class=\"IciLink ici-link IciArticleLink g-ici-body-regular-1 underline brand svelte-lu7k6w\" href=\"https:\/\/www.francebleu.fr\/sports\/football\/officiel-juilo-tavares-quitte-le-dfco-1600025094\" rel=\"nofollow noopener\" target=\"_blank\">cinq ans apr\u00e8s son d\u00e9part<\/a>, dans les dix derni\u00e8res minutes de jeu. Une rencontre durant laquelle a \u00e9t\u00e9 annonc\u00e9e l&rsquo;arriv\u00e9e du\u00a0<a class=\"IciLink ici-link IciArticleLink g-ici-body-regular-1 underline brand svelte-lu7k6w\" href=\"https:\/\/www.francebleu.fr\/sports\/football\/football-national-le-milieu-de-terrain-mickael-barreto-signe-au-dfco-6266155\" rel=\"nofollow noopener\" target=\"_blank\">milieu de terrain Micka\u00ebl Barreto<\/a>.<\/p>\n<p>Prochaine \u00e9ch\u00e9ance dans une semaine, en d\u00e9placement, <strong>sur la pelouse du Stade briochin, \u00e0 Saint-Brieuc<\/strong>, qui a encha\u00een\u00e9 un deuxi\u00e8me revers cons\u00e9cutif chez un autre promu\u00a0: le FC Fleury 91 (4-1).<\/p>\n<p> Le match<\/p>\n<p>Beaucoup de frustration \u00e0 la sortie de cette premi\u00e8re \u00e0 la maison pour le DFCO. <strong>L&rsquo;entame ne pouvait pas \u00eatre meilleure avec ce but d&rsquo;entr\u00e9e sign\u00e9 Yanis Barka.<\/strong> Apr\u00e8s moins d&rsquo;une minute 30 de jeu, l&rsquo;attaquant dijonnais s&rsquo;est retrouv\u00e9 en face \u00e0 face avec le portier rouennais, apr\u00e8s une belle perc\u00e9e de Zoran Moco cons\u00e9cutive \u00e0 une d\u00e9viation parfaite de Julien Domingues. Et puis les Rouges ont arr\u00eat\u00e9 de jouer, ont laiss\u00e9 les Normands contr\u00f4ler le ballon, sans r\u00e9ussir \u00e0 remettre le pied dessus.<\/p>\n<p>Sans se montrer dangereux, le FC Rouen s&rsquo;est pourtant vu servir l&rsquo;\u00e9galisation sur un plateau. Abdoul Diaby-Malick, pour la premi\u00e8re fois titulaire, a mal dos\u00e9 une passe en retrait pour Paul Delecroix, qui a commis la faute sur Gerbeaud (20&prime;). Rocha ne tremble pas et remet les deux \u00e9quipes \u00e0 \u00e9galit\u00e9. <strong>De quoi r\u00e9veiller le DFCO, qui se remet enfin \u00e0 jouer vers l&rsquo;avant et se procure d&rsquo;\u00e9normes occasions en fin de premi\u00e8re mi-temps.<\/strong> Domingues rate un face-\u00e0-face, Yanis Barka trouve le poteau et Jordan Mari\u00e9 voit sa frappe parfaitement repouss\u00e9e alors qu&rsquo;elle filait dans le soupirail droit du gardien rouennais.<\/p>\n<p>La deuxi\u00e8me p\u00e9riode est \u00e0 sens-unique, avec beaucoup de situations dijonnaises mais peu de v\u00e9ritables occasions. Le FC Rouen se contente du nul et le DFCO conc\u00e8de un premier match nul pour cette premi\u00e8re \u00e0 domicile. <strong>Une soir\u00e9e o\u00f9 l&rsquo;on retiendra \u00e9videmment le retour de Julio Tavares, litt\u00e9ralement acclam\u00e9 par les 5.300 spectateurs du stade Gaston-G\u00e9rard.<\/strong> \u00ab\u00a0Il y a eu plus de bruit sur son entr\u00e9e que sur le but\u00a0\u00bb, plaisantait Quentin Bernard apr\u00e8s la rencontre.<\/p>\n<p>Le joueur\u00a0: Abdoul Diaby-Malick<\/p>\n<p>Soir\u00e9e contrast\u00e9e pour le jeune d\u00e9fenseur central de 20 ans. Pour sa premi\u00e8re titularisation, a \u00e9t\u00e9 \u00e0 la fois \u00e9t\u00e9 l&rsquo;auteur d&rsquo;une grosse erreur puis d&rsquo;une prestation de tr\u00e8s belle facture. Il est clairement fautif sur le penalty en n&rsquo;appuyant pas assez sa passe vers Paul Delecroix, qui commet la faute. <strong>Mais Abdoul Diaby-Malick a parfaitement r\u00e9agi et s&rsquo;est vite remis la t\u00eate \u00e0 l&rsquo;endroit. Il est m\u00eame certainement le meilleur joueur en deuxi\u00e8me p\u00e9riode<\/strong>, avec de tr\u00e8s solides interventions, parfait dans la lecture du jeu et tr\u00e8s bon dans le jeu long. Frustrant donc, \u00e0 l&rsquo;image du match pour le Marseillais.<\/p>\n<p>Le chiffre\u00a0: 11<\/p>\n<p>Comme le mythique num\u00e9ro de Julio Tavares, qui a donc endoss\u00e9 cinq ans apr\u00e8s son d\u00e9part pour l&rsquo;Arabie Saoudite, le maillot rouge du DFCO. L&rsquo;international cap-verdien n&rsquo;aura rien eu \u00e0 se mettre sous la dent, si ce n&rsquo;est quelques d\u00e9viations a\u00e9riennes, prouvant qu&rsquo;il n&rsquo;a rien perdu de son sens du timing. \u00ab\u00a0J&rsquo;\u00e9tais comme dans un r\u00eave, j&rsquo;ai cru que cette ovation n&rsquo;allait jamais se terminer\u00a0\u00bb, souriait le meilleur buteur du club.<\/p>\n<p>Les r\u00e9actions<\/p>\n<p><strong>Julio Tavares<\/strong>\u00a0: \u00ab\u00a0Enorm\u00e9ment d&rsquo;\u00e9motions, j&rsquo;attendais ce moment depuis longtemps, mais apr\u00e8s quand on rentre on doit se mettre directement dans le match, m\u00eame si ce n&rsquo;est pas facile, parce qu&rsquo;on ne se fait pas acclamer souvent comme \u00e7a, \u00e7&rsquo;a ma rappel\u00e9 il y a quelques ann\u00e9es en arri\u00e8re&#8230;\u00a0\u00bb<\/p>\n<p><strong>Quentin Bernard<\/strong>\u00a0: \u00ab\u00a0J&rsquo;ai pas trop les mots, on avait consigne de d\u00e9marrer fort, on marque ce but hyper rapide et apr\u00e8s je pense qu&rsquo;on se l&rsquo;est un peu trop r\u00e9gal\u00e9&#8230; Inconsciemment tu le g\u00e8res un peu diff\u00e9remment. On sent que c&rsquo;est un match de fin de pr\u00e9paration, on n&rsquo;est pas encore lanc\u00e9s \u00e0 100%, en gros on a tous \u00e9t\u00e9 un peu moyens. Donc match nul assez logique. On va retenir le point, et puis il sera b\u00e9n\u00e9fique si on fait un r\u00e9sultat la semaine prochaine.\u00a0\u00bb<\/p>\n<p>\u00c0 \u00e9couter aussi   <img decoding=\"async\" src=\"https:\/\/www.europesays.com\/fr\/wp-content\/uploads\/2025\/08\/560x315_sc_gettyimages-1209882364.jpg\" alt=\"Julio Tavares veut aider le DFCO \u00e0 retrouver la Ligue 2 \u00e0 l'issue de cette saison 2025-2026.\" style=\"--_image-preview:url('data:image\/jpeg;base64,\/9j\/2wBDACgcHiMeGSgjISMtKygwPGRBPDc3PHtYXUlkkYCZlo+AjIqgtObDoKrarYqMyP\/L2u71\/\/\/\/m8H\/\/\/\/6\/+b9\/\/j\/2wBDASstLTw1PHZBQXb4pYyl+Pj4+Pj4+Pj4+Pj4+Pj4+Pj4+Pj4+Pj4+Pj4+Pj4+Pj4+Pj4+Pj4+Pj4+Pj4+Pj4+Pj\/wAARCAAXACoDASIAAhEBAxEB\/8QAGQAAAwEBAQAAAAAAAAAAAAAAAAIDAQQF\/8QAGBABAQEBAQAAAAAAAAAAAAAAAAIBEhH\/xAAXAQEBAQEAAAAAAAAAAAAAAAAAAQID\/8QAFREBAQAAAAAAAAAAAAAAAAAAABH\/2gAMAwEAAhEDEQA\/APPzFMlsypMs0JyzZX5ZsqOapLyvUk5BfJUmQHMN4WsAUTrCeACv\/9k=');\" loading=\"lazy\" fetchpriority=\"low\" aria-hidden=\"true\" class=\"svelte-1pnmlwx rounded\" onload=\"this.__e=event\" onerror=\"this.__e=event\"\/><\/p>\n","protected":false},"excerpt":{"rendered":"Le DFCO et le FC Rouen se quittent sur un match nul 1-1, ce vendredi, lors de cette&hellip;\n","protected":false},"author":2,"featured_media":321943,"comment_status":"","ping_status":"","sticky":false,"template":"","format":"standard","meta":{"footnotes":""},"categories":[9587],"tags":[1111,11,1777,674,1011,27,12,5161,25,9590],"class_list":{"0":"post-321942","1":"post","2":"type-post","3":"status-publish","4":"format-standard","5":"has-post-thumbnail","7":"category-rouen","8":"tag-actu","9":"tag-actualites","10":"tag-eu","11":"tag-europe","12":"tag-fr","13":"tag-france","14":"tag-news","15":"tag-normandie","16":"tag-republique-francaise","17":"tag-rouen"},"share_on_mastodon":{"url":"https:\/\/pubeurope.com\/@fr\/115035907242694160","error":""},"_links":{"self":[{"href":"https:\/\/www.europesays.com\/fr\/wp-json\/wp\/v2\/posts\/321942","targetHints":{"allow":["GET"]}}],"collection":[{"href":"https:\/\/www.europesays.com\/fr\/wp-json\/wp\/v2\/posts"}],"about":[{"href":"https:\/\/www.europesays.com\/fr\/wp-json\/wp\/v2\/types\/post"}],"author":[{"embeddable":true,"href":"https:\/\/www.europesays.com\/fr\/wp-json\/wp\/v2\/users\/2"}],"replies":[{"embeddable":true,"href":"https:\/\/www.europesays.com\/fr\/wp-json\/wp\/v2\/comments?post=321942"}],"version-history":[{"count":0,"href":"https:\/\/www.europesays.com\/fr\/wp-json\/wp\/v2\/posts\/321942\/revisions"}],"wp:featuredmedia":[{"embeddable":true,"href":"https:\/\/www.europesays.com\/fr\/wp-json\/wp\/v2\/media\/321943"}],"wp:attachment":[{"href":"https:\/\/www.europesays.com\/fr\/wp-json\/wp\/v2\/media?parent=321942"}],"wp:term":[{"taxonomy":"category","embeddable":true,"href":"https:\/\/www.europesays.com\/fr\/wp-json\/wp\/v2\/categories?post=321942"},{"taxonomy":"post_tag","embeddable":true,"href":"https:\/\/www.europesays.com\/fr\/wp-json\/wp\/v2\/tags?post=321942"}],"curies":[{"name":"wp","href":"https:\/\/api.w.org\/{rel}","templated":true}]}}