{"id":321945,"date":"2025-08-16T01:51:18","date_gmt":"2025-08-16T01:51:18","guid":{"rendered":"https:\/\/www.europesays.com\/fr\/321945\/"},"modified":"2025-08-16T01:51:18","modified_gmt":"2025-08-16T01:51:18","slug":"le-debrief-complet-de-lafter","status":"publish","type":"post","link":"https:\/\/www.europesays.com\/fr\/321945\/","title":{"rendered":"Le d\u00e9brief complet de L&rsquo;After"},"content":{"rendered":"<p>Rennes 1-0 OM : Le d\u00e9brief complet de L&rsquo;After Sur le m\u00eame sujet<a href=\"https:\/\/rmcsport.bfmtv.com\/replay-emissions\/after-foot\/video-rennes-1-0-om-le-debrief-complet-de-l-after_VN-202508150487.html\" title=\"Rennes 1-0 OM : Le d\u00e9brief complet de L&#039;After\" rel=\"nofollow noopener\" target=\"_blank\"><img class=\"lozad\"  width=\"16\" height=\"9\" alt=\"Rennes 1-0 OM : Le d\u00e9brief complet de L'After\"\/>en lectureRennes 1-0 OM : Le d\u00e9brief complet de L&rsquo;After<\/a><a href=\"https:\/\/rmcsport.bfmtv.com\/replay-emissions\/after-foot\/video-ligue-1-une-premiere-convaincante-ou-decevante-j-ai-envie-de-voir-la-suite-salue-riolo_VN-202508150475.html\" title=\"Ligue 1+, une premi\u00e8re convaincante ou d\u00e9cevante ? &quot;J\u2019ai envie de voir la suite&quot;, salue Riolo\" rel=\"nofollow noopener\" target=\"_blank\"><img class=\"lozad\"  width=\"16\" height=\"9\" alt=\"Ligue 1+, une premi\u00e8re convaincante ou d\u00e9cevante ? &quot;J\u2019ai envie de voir la suite&quot;, salue Riolo\"\/>8:11Ligue 1+, une premi\u00e8re convaincante ou d\u00e9cevante ? \u00ab\u00a0J\u2019ai envie de voir la suite\u00a0\u00bb, salue Riolo<\/a><a href=\"https:\/\/rmcsport.bfmtv.com\/replay-emissions\/after-foot\/video-rennes-a-rongier-de-prouver-pouille-tres-clair-sur-la-banderole-contre-le-joueur_VN-202508150428.html\" title=\"Rennes : &quot;\u00c0 Rongier de prouver...&quot;, Pouille tr\u00e8s clair sur la banderole contre le joueur\" rel=\"nofollow noopener\" target=\"_blank\"><img class=\"lozad\"  width=\"16\" height=\"9\" alt=\"Rennes : &quot;\u00c0 Rongier de prouver...&quot;, Pouille tr\u00e8s clair sur la banderole contre le joueur\"\/>5:55Rennes : \u00ab\u00a0\u00c0 Rongier de prouver&#8230;\u00a0\u00bb, Pouille tr\u00e8s clair sur la banderole contre le joueur<\/a><a href=\"https:\/\/rmcsport.bfmtv.com\/replay-emissions\/after-foot\/video-psg-luis-enrique-va-devoir-se-reinventer-cette-saison-estime-acherchour_VN-202508150201.html\" title=\"PSG : \u201cLuis Enrique va devoir se r\u00e9inventer cette saison\u201d, estime Acherchour\" rel=\"nofollow noopener\" target=\"_blank\"><img class=\"lozad\"  width=\"16\" height=\"9\" alt=\"PSG : \u201cLuis Enrique va devoir se r\u00e9inventer cette saison\u201d, estime Acherchour\"\/>1:06PSG : \u201cLuis Enrique va devoir se r\u00e9inventer cette saison\u201d, estime Acherchour<\/a><a href=\"https:\/\/rmcsport.bfmtv.com\/replay-emissions\/after-foot\/video-psg-sa-tactique-l-a-sauve-luis-enrique-a-mettre-en-avant-dans-la-victoire-parisienne_VN-202508140556.html\" title=\"PSG : &quot;Sa tactique l&#039;a sauv\u00e9&quot;, Luis Enrique \u00e0 mettre en avant dans la victoire parisienne ?\" rel=\"nofollow noopener\" target=\"_blank\"><img class=\"lozad\"  width=\"16\" height=\"9\" alt=\"PSG : &quot;Sa tactique l'a sauv\u00e9&quot;, Luis Enrique \u00e0 mettre en avant dans la victoire parisienne ?\"\/>0:55PSG : \u00ab\u00a0Sa tactique l&rsquo;a sauv\u00e9\u00a0\u00bb, Luis Enrique \u00e0 mettre en avant dans la victoire parisienne ?<\/a><a href=\"https:\/\/rmcsport.bfmtv.com\/football\/ligue-2\/video-fc-93-il-faut-aller-jusqu-au-bout-le-combat-de-sefyu-pour-integrer-le-national_VN-202508140535.html\" title=\"FC 93 : &quot;Il faut aller jusqu&#039;au bout&quot;, le combat de Sefyu pour int\u00e9grer le National\" rel=\"nofollow noopener\" target=\"_blank\"><img class=\"lozad\"  width=\"16\" height=\"9\" alt=\"FC 93 : &quot;Il faut aller jusqu'au bout&quot;, le combat de Sefyu pour int\u00e9grer le National\"\/>13:31FC 93 : \u00ab\u00a0Il faut aller jusqu&rsquo;au bout\u00a0\u00bb, le combat de Sefyu pour int\u00e9grer le National<\/a><a href=\"https:\/\/rmcsport.bfmtv.com\/replay-emissions\/after-foot\/video-ol-bravo-fonseca-une-preparation-reussie-avant-une-bonne-saison-lyonnaise_VN-202508140532.html\" title=\"OL : &quot;Bravo Fonseca&quot;, une pr\u00e9paration r\u00e9ussie avant une bonne saison lyonnaise ?\" rel=\"nofollow noopener\" target=\"_blank\"><img class=\"lozad\"  width=\"16\" height=\"9\" alt=\"OL : &quot;Bravo Fonseca&quot;, une pr\u00e9paration r\u00e9ussie avant une bonne saison lyonnaise ?\"\/>7:11OL : \u00ab\u00a0Bravo Fonseca\u00a0\u00bb, une pr\u00e9paration r\u00e9ussie avant une bonne saison lyonnaise ?<\/a><a href=\"https:\/\/rmcsport.bfmtv.com\/replay-emissions\/after-foot\/video-psg-2-2-4tab3-tottenham-assumer-ce-succes-un-sacre-qui-sert-de-tournant-pour-la-suite_VN-202508140518.html\" title=\"PSG 2-2 (4tab3) Tottenham : &quot;Assumer ce succ\u00e8s&quot;, un sacre qui sert de tournant pour la suite ?\" rel=\"nofollow noopener\" target=\"_blank\"><img class=\"lozad\"  width=\"16\" height=\"9\" alt=\"PSG 2-2 (4tab3) Tottenham : &quot;Assumer ce succ\u00e8s&quot;, un sacre qui sert de tournant pour la suite ?\"\/>15:49PSG 2-2 (4tab3) Tottenham : \u00ab\u00a0Assumer ce succ\u00e8s\u00a0\u00bb, un sacre qui sert de tournant pour la suite ?<\/a><a href=\"https:\/\/rmcsport.bfmtv.com\/replay-emissions\/after-foot\/video-pourquoi-le-psg-et-luis-enrique-ont-absolument-voulu-zabarnyi-after-mercato_VN-202508140339.html\" title=\"Pourquoi le PSG et Luis Enrique ont absolument voulu Zabarnyi (After mercato)\" rel=\"nofollow noopener\" target=\"_blank\"><img class=\"lozad\"  width=\"16\" height=\"9\" alt=\"Pourquoi le PSG et Luis Enrique ont absolument voulu Zabarnyi (After mercato)\"\/>11:22Pourquoi le PSG et Luis Enrique ont absolument voulu Zabarnyi (After mercato)<\/a><a href=\"https:\/\/rmcsport.bfmtv.com\/football\/ligue-1\/video-d-riolo-j-attend-beaucoup-de-cette-equipe-du-paris-fc-et-de-son-mercato-2025-26_VN-202508140305.html\" title=\"D. Riolo : \u201cJ\u2019attends beaucoup de cette \u00e9quipe du Paris FC et de son mercato 2025\/26\u201d\" rel=\"nofollow noopener\" target=\"_blank\"><img class=\"lozad\"  width=\"16\" height=\"9\" alt=\"D. Riolo : \u201cJ\u2019attends beaucoup de cette \u00e9quipe du Paris FC et de son mercato 2025\/26\u201d\"\/>2:08D. Riolo : \u201cJ\u2019attends beaucoup de cette \u00e9quipe du Paris FC et de son mercato 2025\/26\u201d<\/a><a href=\"https:\/\/rmcsport.bfmtv.com\/football\/ligue-1\/video-psg-chevalier-a-les-capacites-pour-jouer-a-paris-valide-makelele_VN-202508140231.html\" title=\"PSG : &quot;Chevalier a les capacit\u00e9s pour jouer \u00e0 Paris&quot;, valide Mak\u00e9l\u00e9l\u00e9\" rel=\"nofollow noopener\" target=\"_blank\"><img class=\"lozad\"  width=\"16\" height=\"9\" alt=\"PSG : &quot;Chevalier a les capacit\u00e9s pour jouer \u00e0 Paris&quot;, valide Mak\u00e9l\u00e9l\u00e9\"\/>1:15PSG : \u00ab\u00a0Chevalier a les capacit\u00e9s pour jouer \u00e0 Paris\u00a0\u00bb, valide Mak\u00e9l\u00e9l\u00e9<\/a><a href=\"https:\/\/rmcsport.bfmtv.com\/football\/ligue-1\/video-ligue-1-nice-est-a-vendre-la-grosse-info-de-riolo_VN-202508140211.html\" title=\"Ligue 1 : &quot;Nice est \u00e0 vendre&quot;, la grosse info de Riolo\" rel=\"nofollow noopener\" target=\"_blank\"><img class=\"lozad\"  width=\"16\" height=\"9\" alt=\"Ligue 1 : &quot;Nice est \u00e0 vendre&quot;, la grosse info de Riolo\"\/>1:18Ligue 1 : \u00ab\u00a0Nice est \u00e0 vendre\u00a0\u00bb, la grosse info de Riolo<\/a><a href=\"https:\/\/rmcsport.bfmtv.com\/replay-emissions\/after-foot\/video-psg-luis-enrique-ne-voulait-plus-de-donnarumma-riolo-hausse-le-ton_VN-202508140190.html\" title=\"PSG : &quot;Luis Enrique ne voulait plus de Donnarumma !&quot;, Riolo hausse le ton\" rel=\"nofollow noopener\" target=\"_blank\"><img class=\"lozad\"  width=\"16\" height=\"9\" alt=\"PSG : &quot;Luis Enrique ne voulait plus de Donnarumma !&quot;, Riolo hausse le ton\"\/>3:17PSG : \u00ab\u00a0Luis Enrique ne voulait plus de Donnarumma !\u00a0\u00bb, Riolo hausse le ton<\/a><a href=\"https:\/\/rmcsport.bfmtv.com\/replay-emissions\/after-foot\/video-psg-2-2-4tab3-tottenham-j-ai-envie-de-dire-bravo-chevalier-felicite-riolo_VN-202508140183.html\" title=\"PSG 2-2 (4tab3) Tottenham : &quot;J\u2019ai envie de dire bravo Chevalier !&quot;, f\u00e9licite Riolo\" rel=\"nofollow noopener\" target=\"_blank\"><img class=\"lozad\"  width=\"16\" height=\"9\" alt=\"PSG 2-2 (4tab3) Tottenham : &quot;J\u2019ai envie de dire bravo Chevalier !&quot;, f\u00e9licite Riolo\"\/>0:47PSG 2-2 (4tab3) Tottenham : \u00ab\u00a0J\u2019ai envie de dire bravo Chevalier !\u00a0\u00bb, f\u00e9licite Riolo<\/a><a class=\"jumpToVideo\" target=\"_blank\"><img class=\"thumbnailPreview\"\/><\/a><\/p>\n","protected":false},"excerpt":{"rendered":"Rennes 1-0 OM : Le d\u00e9brief complet de L&rsquo;After Sur le m\u00eame sujeten lectureRennes 1-0 OM : Le&hellip;\n","protected":false},"author":2,"featured_media":321946,"comment_status":"","ping_status":"","sticky":false,"template":"","format":"standard","meta":{"footnotes":""},"categories":[2821],"tags":[1111,11,829,1777,674,1011,27,12,584,25],"class_list":{"0":"post-321945","1":"post","2":"type-post","3":"status-publish","4":"format-standard","5":"has-post-thumbnail","7":"category-rennes","8":"tag-actu","9":"tag-actualites","10":"tag-bretagne","11":"tag-eu","12":"tag-europe","13":"tag-fr","14":"tag-france","15":"tag-news","16":"tag-rennes","17":"tag-republique-francaise"},"share_on_mastodon":{"url":"https:\/\/pubeurope.com\/@fr\/115035942579594998","error":""},"_links":{"self":[{"href":"https:\/\/www.europesays.com\/fr\/wp-json\/wp\/v2\/posts\/321945","targetHints":{"allow":["GET"]}}],"collection":[{"href":"https:\/\/www.europesays.com\/fr\/wp-json\/wp\/v2\/posts"}],"about":[{"href":"https:\/\/www.europesays.com\/fr\/wp-json\/wp\/v2\/types\/post"}],"author":[{"embeddable":true,"href":"https:\/\/www.europesays.com\/fr\/wp-json\/wp\/v2\/users\/2"}],"replies":[{"embeddable":true,"href":"https:\/\/www.europesays.com\/fr\/wp-json\/wp\/v2\/comments?post=321945"}],"version-history":[{"count":0,"href":"https:\/\/www.europesays.com\/fr\/wp-json\/wp\/v2\/posts\/321945\/revisions"}],"wp:featuredmedia":[{"embeddable":true,"href":"https:\/\/www.europesays.com\/fr\/wp-json\/wp\/v2\/media\/321946"}],"wp:attachment":[{"href":"https:\/\/www.europesays.com\/fr\/wp-json\/wp\/v2\/media?parent=321945"}],"wp:term":[{"taxonomy":"category","embeddable":true,"href":"https:\/\/www.europesays.com\/fr\/wp-json\/wp\/v2\/categories?post=321945"},{"taxonomy":"post_tag","embeddable":true,"href":"https:\/\/www.europesays.com\/fr\/wp-json\/wp\/v2\/tags?post=321945"}],"curies":[{"name":"wp","href":"https:\/\/api.w.org\/{rel}","templated":true}]}}