{"id":321947,"date":"2025-08-16T01:53:21","date_gmt":"2025-08-16T01:53:21","guid":{"rendered":"https:\/\/www.europesays.com\/fr\/321947\/"},"modified":"2025-08-16T01:53:21","modified_gmt":"2025-08-16T01:53:21","slug":"doukoure-ecarte-une-defense-decimee-ce-quil-faut-retenir-avant-le-debut-de-saison-du-racing-club-de-strasbourg","status":"publish","type":"post","link":"https:\/\/www.europesays.com\/fr\/321947\/","title":{"rendered":"Doukour\u00e9 \u00e9cart\u00e9, une d\u00e9fense d\u00e9cim\u00e9e\u00a0: ce qu&rsquo;il faut retenir avant le d\u00e9but de saison du Racing Club de Strasbourg"},"content":{"rendered":"<p>Huit joueurs du Racing seront absents pour le derby ce dimanche \u00e0 Metz en ouverture de la Ligue 1. Parmi eux, Isma\u00ebl Doukour\u00e9 \u00e9cart\u00e9 depuis le d\u00e9but de semaine, car il refuse de prolonger au club. L&rsquo;entra\u00eeneur Liam Rosenior explique que \u00ab\u00a0la porte reste ouverte\u00a0\u00bb.<\/p>\n<p>Le cas Doukour\u00e9<\/p>\n<p>Liam Rosenior a confirm\u00e9 ce vendredi en conf\u00e9rence de presse que la mise \u00e0 l&rsquo;\u00e9cart du d\u00e9fenseur \u00e9tait li\u00e9e \u00e0 sa situation contractuelle. <strong>Isma\u00ebl Doukour\u00e9, dont le contrat ave le Racing expire l&rsquo;\u00e9t\u00e9 prochain, refuse de signer la prolongation de contrat<\/strong> que lui a propos\u00e9 le club. Depuis le d\u00e9but de la semaine, il a donc \u00e9t\u00e9 pri\u00e9 de s&rsquo;entra\u00eener avec la r\u00e9serve.<\/p>\n<p>\u00ab\u00a0J&rsquo;aime Isma, d&rsquo;abord en tant que joueur, ensuite et surtout en tant que personne, a d\u00e9taill\u00e9 Liam Rosenior. Il a fait des performances fantastiques pour le Racing et c&rsquo;est vraiment quelqu&rsquo;un de tr\u00e8s bien. Mais ce que nous devons faire en tant que club, c&rsquo;est prot\u00e9ger nos int\u00e9r\u00eats. Nous avons fait une offre fantastique \u00e0 Isma\u00ebl, qui \u00e9tait sur la table depuis longtemps. Il sait combien nous l&rsquo;appr\u00e9cions. Il lui reste un an de contrat et nous lui avons donn\u00e9 une date limite pour signer. Nous avons clairement indiqu\u00e9 que s&rsquo;il ne signait pas, il devrait s&rsquo;entra\u00eener avec l&rsquo;\u00e9quipe r\u00e9serve, afin que nous puissions nous concentrer sur le groupe et sur les victoires \u00e0 court terme.\u00a0Ce n&rsquo;est pas personnel. C&rsquo;est une d\u00e9cision professionnelle qu&rsquo;il a prise. Ce que je dirais \u00e0 ce sujet, c&rsquo;est que la porte n&rsquo;est pas compl\u00e8tement ferm\u00e9e. J&rsquo;aimerais que nous trouvions un accord avec Isma\u00ebl. Mais si on n&rsquo;y parvient pas, le club continuera \u00e0 prosp\u00e9rer. Ni moi, ni aucun joueur sommes indispensables \u00e0 l&rsquo;avenir du club\u00a0\u00bb.<\/p>\n<p>Une d\u00e9fense d\u00e9plum\u00e9e<\/p>\n<p>Le Racing sera d\u00e9cim\u00e9 en d\u00e9fense pour le derby ce dimanche \u00e0 Metz (\u00e0 suivre d\u00e8s 16h30 sur Ici Alsace, coup d&rsquo;envoi \u00e0 17h15). <strong>Andrew Omobamidele<\/strong> est suspendu.\u00a0<strong>Souma\u00efla Coulibaly<\/strong> est touch\u00e9 au mollet et devrait encore rater un mois de comp\u00e9tition.\u00a0<strong>Abakar Sylla<\/strong> a rejoint l&rsquo;infirmerie en d\u00e9but de semaine et pourrait manquer deux \u00e0 trois semaines. <strong>Sa\u00efdou Sow<\/strong> se remet de sa rupture du ligament crois\u00e9 du genou. <strong>Gu\u00e9la Dou\u00e9 et Diego Moreira<\/strong> ont eux repris la course, mais ne sont pas pr\u00eats pour ce derby.<\/p>\n<p>Il y a aussi un forfait parmi les milieux de terrain, celui de <strong>Mathis Amougou<\/strong>, bless\u00e9 lors du match amical \u00e0 Graz.<\/p>\n<p>Emegha nouveau capitaine<\/p>\n<p>Liam Rosenior a \u00e9galement justifi\u00e9 son choix d&rsquo;offrir le brassard de capitaine \u00e0 <strong>son avant-centre n\u00e9erlandais Emmanuel Emegha<\/strong>, apr\u00e8s le d\u00e9part de Habib Diarra \u00e0 Sunderland.<\/p>\n<p>\u00ab\u00a0Ce n&rsquo;\u00e9tait pas un choix facile, car j&rsquo;ai beaucoup de leaders dans le vestiaire, a expliqu\u00e9 le coach britannique. Beaucoup de bons jeunes joueurs qui s&rsquo;acquittent tr\u00e8s bien de leurs t\u00e2ches avec beaucoup de professionnalisme au quotidien. Emma est combatif, il a de l&rsquo;\u00e9nergie, il est passionn\u00e9. Il court pour l&rsquo;\u00e9quipe. Il se sacrifie pour elle. Quel que soit son poste sur le terrain, c&rsquo;est quelqu&rsquo;un en qui j&rsquo;ai confiance et en qui les joueurs ont confiance pour \u00eatre un leader. M\u00eame s&rsquo;il porte le brassard, il n&rsquo;a rien \u00e0 changer. Je pense que c&rsquo;est le message le plus important que je lui ai transmis. Il doit simplement \u00eatre lui-m\u00eame \u00ab\u00a0.<\/p>\n<p>Souvent siffl\u00e9 par une partie du public lors de ses d\u00e9buts avec le Racing pour sa maladresse devant le but, Emmanuel Emegha a offert une deuxi\u00e8me saison plus convaincante. Il a \u00e9t\u00e9 le meilleur buteur du club en Ligue 1 <strong>avec 13 r\u00e9alisations<\/strong>. Il se dit pr\u00eat \u00e0 assumer ses nouvelles responsabilit\u00e9s de capitaine.<\/p>\n<p>\u00ab\u00a0C&rsquo;est un honneur d&rsquo;\u00eatre nomm\u00e9 capitaine de ce club, dit-il fi\u00e8rement. Mais je ne me vois pas comme le seul capitaine. Nous formons tous une \u00e9quipe. Nous sommes tous jeunes et on fait tout cela ensemble. Je crois que ce sera une grande \u00e9tape pour ma carri\u00e8re personnelle, d&rsquo;apprendre de nouvelles choses en tant que capitaine. \u00c7a va \u00eatre nouveau pour moi, mais je pense que je suis pr\u00eat. J&rsquo;ai toujours entendu dire que j&rsquo;\u00e9tais capitaine sans le brassard, donc je l&rsquo;ai un peu vu venir. Je veux \u00eatre un exemple. Si je ne suis pas \u00e0 la salle, personne n&rsquo;y sera. Vous voyez ce que je veux dire\u00a0? Je serai donc le premier \u00e0 montrer la voie et tout le monde suivra\u00a0\u00bb.<\/p>\n<p>Les grandes ambitions de Rosenior<\/p>\n<p>Apr\u00e8s un mercato estival qui lui a permis d&rsquo;attirer dix joueurs (plus trois joueurs dont les options d&rsquo;achat ont \u00e9t\u00e9 lev\u00e9es, avec Valentin Barco, Andrew Omobamidele et Samuel Amo-Ameyaw) <strong>pour la bagatelle de 100 millions d&rsquo;euros<\/strong> (seul le PSG a autant d\u00e9pens\u00e9 en L1), le Racing se veut plus ambitieux que jamais. S&rsquo;il n&rsquo;a pas publiquement fix\u00e9 d&rsquo;objectif pr\u00e9cis, Liam Rosenior a envie de voir son \u00e9quipe poursuivre sa progression vers les sommets de la Ligue 1.<\/p>\n<p>\u00ab\u00a0Je suis ravi du soutien que m&rsquo;ont apport\u00e9 le conseil d&rsquo;administration et le propri\u00e9taire du club, s&rsquo;est f\u00e9licit\u00e9 l&rsquo;entra\u00eeneur du Racing. J&rsquo;ai beaucoup de chance que nous ayons \u00e0 nouveau recrut\u00e9 de jeunes joueurs exceptionnels. J&rsquo;ai dit \u00e0 la fin de la saison derni\u00e8re que je souhaitais avoir une \u00e9quipe plus forte et je pense que nous sommes en bonne voie pour y parvenir. J&rsquo;ai un bon groupe de joueurs qui comprennent non seulement les principes de jeu, mais aussi nos valeurs fondamentales, notre intensit\u00e9 et notre combativit\u00e9. Mais maintenant, je dois int\u00e9grer les nouveaux joueurs \u00e0 cette dynamique. Nous ne serons pas parfaits d\u00e8s le d\u00e9part, mais nous devrions \u00eatre en tr\u00e8s bonne position pour nous battre pour nos objectifs cette saison. Nous sommes tr\u00e8s ambitieux. Nous avons termin\u00e9 septi\u00e8mes.\u00a0Nous voulons faire mieux que la saison pr\u00e9c\u00e9dente\u00a0\u00bb.<\/p>\n<p>\u00c0 \u00e9couter aussi  <\/p>\n<p class=\"IciLink ici-link disabled title no-color g-ici-title-5 svelte-lu7k6w\">Liam Rosenior prolonge son contrat d&rsquo;entra\u00eeneur au Racing club de Strasbourg<\/p>\n<p>   <img decoding=\"async\" src=\"https:\/\/www.europesays.com\/fr\/wp-content\/uploads\/2025\/08\/560x315_sc_lesreportages-4000x1000.jpg\" alt=\"Les reportages de &quot;ici Alsace&quot;\" style=\"--_image-preview:url('data:image\/jpeg;base64,\/9j\/2wBDACgcHiMeGSgjISMtKygwPGRBPDc3PHtYXUlkkYCZlo+AjIqgtObDoKrarYqMyP\/L2u71\/\/\/\/m8H\/\/\/\/6\/+b9\/\/j\/2wBDASstLTw1PHZBQXb4pYyl+Pj4+Pj4+Pj4+Pj4+Pj4+Pj4+Pj4+Pj4+Pj4+Pj4+Pj4+Pj4+Pj4+Pj4+Pj4+Pj4+Pj\/wAARCAAXACoDASIAAhEBAxEB\/8QAGAAAAwEBAAAAAAAAAAAAAAAAAAECAwT\/xAAXEAEBAQEAAAAAAAAAAAAAAAAAAREC\/8QAFwEBAQEBAAAAAAAAAAAAAAAAAwACAf\/EABcRAQEBAQAAAAAAAAAAAAAAAAABERL\/2gAMAwEAAhEDEQA\/AMYqVGnp+hYvTlRpyuWqRrzV6xlVo6WRzaegLWRqpQGlFSqAYpI\/\/9k=');\" loading=\"lazy\" fetchpriority=\"low\" aria-hidden=\"true\" class=\"svelte-1pnmlwx rounded\" onload=\"this.__e=event\" onerror=\"this.__e=event\"\/>\u00c0 lire aussi   <img decoding=\"async\" src=\"https:\/\/www.europesays.com\/fr\/wp-content\/uploads\/2025\/08\/560x315_sc_maxnewsspecial955642.jpg\" alt=\"Liam Rosenior (ici avec son capitaine Habib Diarra \u00e0 Lille) a r\u00e9volutionn\u00e9 le jeu du Racing\" style=\"--_image-preview:url('data:image\/jpeg;base64,\/9j\/2wBDACgcHiMeGSgjISMtKygwPGRBPDc3PHtYXUlkkYCZlo+AjIqgtObDoKrarYqMyP\/L2u71\/\/\/\/m8H\/\/\/\/6\/+b9\/\/j\/2wBDASstLTw1PHZBQXb4pYyl+Pj4+Pj4+Pj4+Pj4+Pj4+Pj4+Pj4+Pj4+Pj4+Pj4+Pj4+Pj4+Pj4+Pj4+Pj4+Pj4+Pj\/wAARCAAXACoDASIAAhEBAxEB\/8QAGAABAQEBAQAAAAAAAAAAAAAAAAIBAwT\/xAAYEAEBAQEBAAAAAAAAAAAAAAAAARECEv\/EABYBAQEBAAAAAAAAAAAAAAAAAAABAv\/EABURAQEAAAAAAAAAAAAAAAAAAAAR\/9oADAMBAAIRAxEAPwD02p9M6qdFi9brnKqBF6awRYnpzoCti+QBQCNP\/9k=');\" loading=\"lazy\" fetchpriority=\"low\" aria-hidden=\"true\" class=\"svelte-1pnmlwx rounded\" onload=\"this.__e=event\" onerror=\"this.__e=event\"\/><\/p>\n","protected":false},"excerpt":{"rendered":"Huit joueurs du Racing seront absents pour le derby ce dimanche \u00e0 Metz en ouverture de la Ligue&hellip;\n","protected":false},"author":2,"featured_media":321948,"comment_status":"","ping_status":"","sticky":false,"template":"","format":"standard","meta":{"footnotes":""},"categories":[2820],"tags":[1111,11,1777,674,1011,27,775,12,25,640],"class_list":{"0":"post-321947","1":"post","2":"type-post","3":"status-publish","4":"format-standard","5":"has-post-thumbnail","7":"category-strasbourg","8":"tag-actu","9":"tag-actualites","10":"tag-eu","11":"tag-europe","12":"tag-fr","13":"tag-france","14":"tag-grand-est","15":"tag-news","16":"tag-republique-francaise","17":"tag-strasbourg"},"share_on_mastodon":{"url":"https:\/\/pubeurope.com\/@fr\/115035950549215539","error":""},"_links":{"self":[{"href":"https:\/\/www.europesays.com\/fr\/wp-json\/wp\/v2\/posts\/321947","targetHints":{"allow":["GET"]}}],"collection":[{"href":"https:\/\/www.europesays.com\/fr\/wp-json\/wp\/v2\/posts"}],"about":[{"href":"https:\/\/www.europesays.com\/fr\/wp-json\/wp\/v2\/types\/post"}],"author":[{"embeddable":true,"href":"https:\/\/www.europesays.com\/fr\/wp-json\/wp\/v2\/users\/2"}],"replies":[{"embeddable":true,"href":"https:\/\/www.europesays.com\/fr\/wp-json\/wp\/v2\/comments?post=321947"}],"version-history":[{"count":0,"href":"https:\/\/www.europesays.com\/fr\/wp-json\/wp\/v2\/posts\/321947\/revisions"}],"wp:featuredmedia":[{"embeddable":true,"href":"https:\/\/www.europesays.com\/fr\/wp-json\/wp\/v2\/media\/321948"}],"wp:attachment":[{"href":"https:\/\/www.europesays.com\/fr\/wp-json\/wp\/v2\/media?parent=321947"}],"wp:term":[{"taxonomy":"category","embeddable":true,"href":"https:\/\/www.europesays.com\/fr\/wp-json\/wp\/v2\/categories?post=321947"},{"taxonomy":"post_tag","embeddable":true,"href":"https:\/\/www.europesays.com\/fr\/wp-json\/wp\/v2\/tags?post=321947"}],"curies":[{"name":"wp","href":"https:\/\/api.w.org\/{rel}","templated":true}]}}