{"id":321953,"date":"2025-08-16T02:00:26","date_gmt":"2025-08-16T02:00:26","guid":{"rendered":"https:\/\/www.europesays.com\/fr\/321953\/"},"modified":"2025-08-16T02:00:26","modified_gmt":"2025-08-16T02:00:26","slug":"7-idees-sorties-sympa-pour-ce-week-end-15-au-17-aout","status":"publish","type":"post","link":"https:\/\/www.europesays.com\/fr\/321953\/","title":{"rendered":"7 id\u00e9es sorties sympa pour ce week-end (15 au 17 ao\u00fbt)"},"content":{"rendered":"<p class=\"intro\">Ce week-end du 15 au 17 ao\u00fbt, Bordeaux et sa r\u00e9gion vous r\u00e9servent un programme aussi vari\u00e9 qu&rsquo;un bon mill\u00e9sime bordelais\u00a0! Entre festivals musicaux \u00e9lectrisants, com\u00e9dies d\u00e9sopilantes, reconstitutions historiques \u00e9piques et exp\u00e9riences immersives, il y a de quoi satisfaire toutes les envies. Que vous soyez amateur de culture, d&rsquo;histoire ou simplement en qu\u00eate de moments conviviaux, laissez-vous guider par notre s\u00e9lection et d\u00e9couvrez ce que la m\u00e9tropole bordelaise a de mieux \u00e0 offrir pour un week-end r\u00e9ussi\u00a0!<\/p>\n<p class=\"mise_en_avant\"><strong>Pr\u00e9visions m\u00e9t\u00e9o ce week-end\u00a0:<\/strong> Le soleil sera de la partie avec un grand ciel d\u00e9gag\u00e9 et des temp\u00e9ratures estivales oscillant entre 37\u00b0C et 42\u00b0C &#8211; parfait pour profiter des \u00e9v\u00e9nements en ext\u00e9rieur, mais pensez \u00e0 vous hydrater\u00a0!<\/p>\n<p>1\/ Festival Relache Bordeaux 2025 [Coup de \u2764\ufe0f JDS]\u00a0: l&rsquo;\u00e9t\u00e9 musical par excellence<\/p>\n<p>Le <a href=\"https:\/\/www.jds.fr\/bordeaux\/manifestations\/festival\/festival-relache-de-bordeaux-177400_A\" rel=\"nofollow noopener\" target=\"_blank\">Festival Relache Bordeaux 2025<\/a> continue de faire vibrer la m\u00e9tropole avec sa programmation \u00e9clectique qui rassemble pr\u00e8s de 200 000 visiteurs chaque ann\u00e9e. \ud83c\udfb5 Ce festival de musique, orchestr\u00e9 par l&rsquo;association Allez les Filles, propose une quarantaine de concerts jusqu&rsquo;au 19 septembre, m\u00ealant artistes locaux et internationaux dans tous les genres\u00a0: rock, electro, blues, gospel, reggae. Cette institution bordelaise transforme la ville en sc\u00e8ne musicale g\u00e9ante, un incontournable pour tous les m\u00e9lomanes\u00a0!<\/p>\n<p>\ud83d\udca1 <strong>Notre conseil\u00a0:<\/strong> Avec ces temp\u00e9ratures caniculaires, privil\u00e9giez les concerts en soir\u00e9e et n&rsquo;oubliez pas votre bouteille d&rsquo;eau pour rester hydrat\u00e9 tout en profitant de la musique.<\/p>\n<p>\ud83d\udccd Bordeaux<br \/>\ud83d\udcc5 Jusqu&rsquo;au 19\/09\/2025<\/p>\n<p class=\"mise_en_avant\">\ud83d\udc49 <a href=\"https:\/\/www.jds.fr\/bordeaux\/manifestations\/festival\/festival-relache-de-bordeaux-177400_A\" rel=\"nofollow noopener\" target=\"_blank\">[Coup de \u2764\ufe0f JDS] Festival Relache Bordeaux 2025\u00a0: festival de musique\u00a0: toutes les informations<\/a><\/p>\n<p><a data-lightbox=\"article\" data-title=\"Festival Relache de Bordeaux \u00a9 Facebook \/ Relache\" class=\"image detail fullwidth\" href=\"https:\/\/www.jds.fr\/medias\/image\/festival-relache-bordeaux-annee-372763-1200-0-F.webp\" title=\"Festival Relache de Bordeaux \u00a9 Facebook \/ Relache\" rel=\"nofollow noopener\" target=\"_blank\"><br \/>\n<img decoding=\"async\" loading=\"lazy\" src=\"https:\/\/www.europesays.com\/fr\/wp-content\/uploads\/2025\/07\/festival-relache-bordeaux-annee-372763-1200-0.webp.webp\"   alt=\"Festival Relache de Bordeaux\" class=\"shortcode_image border\"\/><br \/>\n\u00a9 Facebook \/ Relache<br \/>\nFestival Relache de Bordeaux<br \/>\n<\/a>\n<\/p>\n<p>2\/ Mari\u00e9s au Premier Ringard\u00a0: quand l&rsquo;amour rencontre l&rsquo;absurde<\/p>\n<p>Au Th\u00e9\u00e2tre des Chartrons, <a href=\"https:\/\/www.jds.fr\/bordeaux\/spectacles\/humour\/maries-au-premier-ringard-la-comedie-de-julien-sigalas-859785_A\" rel=\"nofollow noopener\" target=\"_blank\">Mari\u00e9s au Premier Ringard de Julien Sigalas \u00e0 Bordeaux<\/a> vous propose une com\u00e9die hilarante qui parodie avec finesse ces \u00e9missions de t\u00e9l\u00e9-r\u00e9alit\u00e9 o\u00f9 des inconnus se marient sans s&rsquo;\u00eatre jamais vus. \ud83d\ude02 Cette com\u00e9die tout public de 1h15 vous emm\u00e8ne dans les m\u00e9andres d&rsquo;une \u00e9mission aussi improbable qu&rsquo;hilarante, port\u00e9e par des com\u00e9diens \u00e0 l&rsquo;\u00e9nergie d\u00e9bordante. Un spectacle parfait pour rire intelligemment de nos travers t\u00e9l\u00e9visuels contemporains\u00a0!<\/p>\n<p>\ud83d\udca1 <strong>Notre conseil\u00a0:<\/strong> Avec la chaleur, le th\u00e9\u00e2tre climatis\u00e9 sera votre meilleur alli\u00e9 pour passer un moment rafra\u00eechissant tout en vous divertissant.<\/p>\n<p>\ud83d\udccd Th\u00e9\u00e2tre des Chartrons | Bordeaux<br \/>\ud83d\udcc5 Du 14\/08\/2025 au 30\/08\/2025<\/p>\n<p class=\"mise_en_avant\">\ud83d\udc49 <a href=\"https:\/\/www.jds.fr\/bordeaux\/spectacles\/humour\/maries-au-premier-ringard-la-comedie-de-julien-sigalas-859785_A\" rel=\"nofollow noopener\" target=\"_blank\">Mari\u00e9s au Premier Ringard &#8211; la com\u00e9die de Julien Sigalas\u00a0: toutes les informations<\/a><\/p>\n<p><a class=\"btn btn-lg shadow-lg btn-primary rounded-pill fnac_link\" data-fnac=\"in_article\" href=\"https:\/\/www.awin1.com\/pclick.php?p=40658914350&amp;a=634278&amp;m=12494&amp;clickref=in_article-A-desktop\" target=\"_blank\" rel=\"nofollow noopener\"> Acheter des billets<\/a><\/p>\n<p>3\/ La Bataille de Castillon\u00a0: un voyage \u00e9pique dans l&rsquo;Histoire<\/p>\n<p>\u00c0 Belv\u00e8s-de-Castillon, plongez dans la grandeur du Moyen \u00c2ge avec <a href=\"https:\/\/www.jds.fr\/spectacles\/la-bataille-de-castillon-938201_A\" rel=\"nofollow noopener\" target=\"_blank\">La Bataille de Castillon<\/a>, le plus grand spectacle historique de Nouvelle-Aquitaine\u00a0! \u2694\ufe0f Au pied du ch\u00e2teau de Castegens, vivez une reconstitution spectaculaire de la fin de la Guerre de Cent Ans avec cascades \u00e9questres, combats \u00e9piques et effets pyrotechniques grandioses. Cette fresque historique immersive, o\u00f9 acteurs, chevaux et lumi\u00e8res redonnent vie \u00e0 l&rsquo;Histoire, promet d&rsquo;\u00e9blouir petits et grands. Un \u00e9v\u00e9nement unique pour revivre les pages les plus fascinantes de l&rsquo;histoire de France\u00a0!<\/p>\n<p>\ud83d\udca1 <strong>Notre conseil\u00a0:<\/strong> Pr\u00e9voyez un chapeau et de la cr\u00e8me solaire, car ce spectacle en plein air se d\u00e9roule dans un cadre exceptionnel mais sans ombre naturelle suffisante par cette chaleur.<\/p>\n<p>\ud83d\udccd Village de la bataille | Belv\u00e8s-de-Castillon<br \/>\ud83d\udcc5 Du 14\/08\/2025 au 16\/08\/2025<\/p>\n<p class=\"mise_en_avant\">\ud83d\udc49 <a href=\"https:\/\/www.jds.fr\/spectacles\/la-bataille-de-castillon-938201_A\" rel=\"nofollow noopener\" target=\"_blank\">La Bataille de Castillon\u00a0: toutes les informations<\/a><\/p>\n<p><a class=\"btn btn-lg shadow-lg btn-primary rounded-pill fnac_link\" data-fnac=\"in_article\" href=\"https:\/\/www.awin1.com\/pclick.php?p=40230038152&amp;a=634278&amp;m=12494&amp;clickref=in_article-A-desktop\" target=\"_blank\" rel=\"nofollow noopener\"> Acheter des billets<\/a><\/p>\n<p>4\/ Bassins des Lumi\u00e8res\u00a0: l&rsquo;\u00c9gypte des Pharaons comme vous ne l&rsquo;avez jamais vue<\/p>\n<p>Aux <a href=\"https:\/\/www.jds.fr\/bordeaux\/expos\/bassins-des-lumieres-expositions-immersives-l-egypte-des-pharaons-les-orientalistes-817322_A\" rel=\"nofollow noopener\" target=\"_blank\">Bassins des Lumi\u00e8res &#8211; Expositions Immersives L&rsquo;\u00c9gypte des Pharaons \/ les Orientalistes \u00e0 Bordeaux<\/a>, embarquez pour un voyage temporel exceptionnel de 1h15 dans l&rsquo;ancienne base sous-marine. \ud83c\udffa Cette exposition immersive vous transporte au c\u0153ur de trois mill\u00e9naires de civilisation \u00e9gyptienne, depuis les pyramides qui se construisent sous vos yeux jusqu&rsquo;au tombeau de Tout\u00e2nkhamon r\u00e9v\u00e9l\u00e9 en couleurs \u00e9clatantes. Les chefs-d&rsquo;\u0153uvre de l&rsquo;art \u00e9gyptien prennent vie dans une mise en sc\u00e8ne spectaculaire qui fascine toutes les g\u00e9n\u00e9rations\u00a0!<\/p>\n<p>\ud83d\udca1 <strong>Notre conseil\u00a0:<\/strong> L&rsquo;endroit est parfaitement climatis\u00e9 et offre une fra\u00eecheur bienvenue par ces temp\u00e9ratures estivales &#8211; id\u00e9al pour une pause culturelle rafra\u00eechissante\u00a0!<\/p>\n<p>\ud83d\udccd Les Bassins des Lumi\u00e8res | Bordeaux<br \/>\ud83d\udcc5 Jusqu&rsquo;au 17\/10\/2025<\/p>\n<p class=\"mise_en_avant\">\ud83d\udc49 <a href=\"https:\/\/www.jds.fr\/bordeaux\/expos\/bassins-des-lumieres-expositions-immersives-l-egypte-des-pharaons-les-orientalistes-817322_A\" rel=\"nofollow noopener\" target=\"_blank\">Bassins des Lumi\u00e8res &#8211; Expositions Immersives\u00a0: L&rsquo;egypte des Pharaons \/ les Orientalistes\u00a0: toutes les informations<\/a><\/p>\n<p><a class=\"btn btn-lg shadow-lg btn-primary rounded-pill fnac_link\" data-fnac=\"in_article\" href=\"https:\/\/www.awin1.com\/pclick.php?p=41990835516&amp;a=634278&amp;m=12494&amp;clickref=in_article-A-desktop\" target=\"_blank\" rel=\"nofollow noopener\"> Acheter des billets<\/a><\/p>\n<p>5\/ Bar \u00e0 vin L&rsquo;heure bleue\u00a0: l&rsquo;art de vivre \u00e0 la girondine<\/p>\n<p>Au Ch\u00e2teau Pudris \u00e0 Casseuil, <a href=\"https:\/\/www.jds.fr\/foires-et-salons\/marches\/bar-a-vin-l-heure-bleue-1064113_A\" rel=\"nofollow noopener\" target=\"_blank\">Bar \u00e0 vin L&rsquo;heure bleue \u00e0 Casseuil<\/a> vous invite \u00e0 vivre l&rsquo;art de vivre bordelais dans toute sa splendeur\u00a0! \ud83c\udf77 Chaque soir d&rsquo;\u00e9t\u00e9, le ch\u00e2teau ouvre ses portes pour des soir\u00e9es conviviales m\u00ealant d\u00e9gustation de vins locaux, tapas savoureux et ambiance musicale. Cette exp\u00e9rience authentique vous plonge dans l&rsquo;atmosph\u00e8re unique des vignobles girondins, parfaite pour d\u00e9couvrir les tr\u00e9sors \u0153nologiques de la r\u00e9gion dans un cadre exceptionnel\u00a0!<\/p>\n<p>\ud83d\udca1 <strong>Notre conseil\u00a0:<\/strong> Attendez l&rsquo;heure bleue (vers 19h-20h) quand les temp\u00e9ratures commencent \u00e0 baisser pour profiter pleinement de cette exp\u00e9rience en plein air.<\/p>\n<p>\ud83d\udccd Ch\u00e2teau Pudris<br \/>\nPudris | Casseuil<br \/>\ud83d\udcc5 Jusqu&rsquo;au 16\/08\/2025<\/p>\n<p class=\"mise_en_avant\">\ud83d\udc49 <a href=\"https:\/\/www.jds.fr\/foires-et-salons\/marches\/bar-a-vin-l-heure-bleue-1064113_A\" rel=\"nofollow noopener\" target=\"_blank\">Bar \u00e0 vin: L&rsquo;heure bleue\u00a0: toutes les informations<\/a><\/p>\n<p><a data-lightbox=\"article\" data-title=\" \u00a9 Thierry Thilbault\" class=\"image detail fullwidth\" href=\"https:\/\/www.jds.fr\/medias\/image\/bar-a-vin-l-heure-bleue-661710-1200-0-F.webp\" title=\" \u00a9 Thierry Thilbault\" rel=\"nofollow noopener\" target=\"_blank\"><br \/>\n<img decoding=\"async\" loading=\"lazy\" src=\"https:\/\/www.europesays.com\/fr\/wp-content\/uploads\/2025\/08\/bar-a-vin-l-heure-bleue-661710-1200-0.webp.webp\"   alt=\"Bar \u00e0 vin: L'heure bleue\" class=\"shortcode_image border\"\/><br \/>\n\u00a9 Thierry Thilbault<br \/>\n<\/a>\n<\/p>\n<p>6\/ D\u00e9couvrir le mur de l&rsquo;Atlantique\u00a0: histoire et m\u00e9moire en for\u00eat<\/p>\n<p>\u00c0 La Teste-de-Buch, partez \u00e0 la <a href=\"https:\/\/www.jds.fr\/arcachon\/manifestations\/decouvrir-le-mur-de-l-atlantique-1018935_A\" rel=\"nofollow noopener\" target=\"_blank\">d\u00e9couverte du mur de l&rsquo;Atlantique \u00e0 La Teste-de-Buch<\/a> pour une balade m\u00e9morielle unique en plein c\u0153ur de la for\u00eat. \ud83c\udf32 Ces bunkers de la batterie allemande d&rsquo;Eden \u00e0 Pyla-sur-Mer, qui dorment \u00e0 l&rsquo;ombre des pins depuis 70 ans, r\u00e9v\u00e8lent une page m\u00e9connue de l&rsquo;histoire du Bassin d&rsquo;Arcachon. Cette visite guid\u00e9e de 5 \u00e0 15 personnes maximum vous transporte au temps de la Seconde Guerre mondiale dans un cadre naturel pr\u00e9serv\u00e9. Une exp\u00e9rience historique authentique qui allie d\u00e9couverte culturelle et immersion foresti\u00e8re\u00a0!<\/p>\n<p>\ud83d\udca1 <strong>Notre conseil\u00a0:<\/strong> Privil\u00e9giez la visite de 10h pour \u00e9viter les grosses chaleurs de l&rsquo;apr\u00e8s-midi, et n&rsquo;oubliez pas chaussures de marche et lampe de poche\u00a0!<\/p>\n<p>\ud83d\udccd Avenue de l&rsquo;Eden | La Teste-de-Buch<br \/>\ud83d\udcc5 Jusqu&rsquo;au 19\/08\/2025<\/p>\n<p class=\"mise_en_avant\">\ud83d\udc49 <a href=\"https:\/\/www.jds.fr\/arcachon\/manifestations\/decouvrir-le-mur-de-l-atlantique-1018935_A\" rel=\"nofollow noopener\" target=\"_blank\">D\u00e9couvrir le mur de l&rsquo;Atlantique\u00a0: toutes les informations<\/a><\/p>\n<p><a data-lightbox=\"article\" data-title=\" \u00a9 office de tourisme la teste\" class=\"image detail fullwidth\" href=\"https:\/\/www.jds.fr\/medias\/image\/decouvrir-le-mur-de-l-atlantique-636558-1200-0-F.webp\" title=\" \u00a9 office de tourisme la teste\" rel=\"nofollow noopener\" target=\"_blank\"><br \/>\n<img decoding=\"async\" loading=\"lazy\" src=\"https:\/\/www.europesays.com\/fr\/wp-content\/uploads\/2025\/08\/decouvrir-le-mur-de-l-atlantique-636558-1200-0.webp.webp\"   alt=\"D\u00e9couvrir le mur de l'Atlantique\" class=\"shortcode_image border\"\/><br \/>\n\u00a9 office de tourisme la teste<br \/>\n<\/a>\n<\/p>\n<p>7\/ Musique \u00e0 Cabara\u00a0: l&rsquo;apprentissage musical en toute convivialit\u00e9<\/p>\n<p>\u00c0 Cabara, Christine Cordes vous ouvre les portes de <a href=\"https:\/\/www.jds.fr\/bordeaux\/concerts\/musique-a-cabara-1091291_A\" rel=\"nofollow noopener\" target=\"_blank\">Musique \u00e0 Cabara<\/a> pour des s\u00e9ances individuelles de d\u00e9couverte musicale en synth\u00e9tiseur, piano et accord\u00e9on. \ud83c\udfb9 Que vous soyez curieux, d\u00e9butant ou connaisseur, cette approche personnalis\u00e9e permet \u00e0 chacun de d\u00e9velopper ses comp\u00e9tences musicales \u00e0 son rythme dans une ambiance bienveillante. Une excellente opportunit\u00e9 pour s&rsquo;initier ou se perfectionner dans la musique, loin des foules estivales\u00a0!<\/p>\n<p>\ud83d\udca1 <strong>Notre conseil\u00a0:<\/strong> Parfait pour s&rsquo;offrir une parenth\u00e8se cr\u00e9ative et climatis\u00e9e pendant les heures les plus chaudes de la journ\u00e9e &#8211; l&rsquo;art comme refuge contre la canicule\u00a0!<\/p>\n<p>\ud83d\udccd Salle de cours<br \/>\n3 Avenue du Port | Cabara<br \/>\ud83d\udcc5 Jusqu&rsquo;au 22\/08\/2025<\/p>\n<p class=\"mise_en_avant\">\ud83d\udc49 <a href=\"https:\/\/www.jds.fr\/bordeaux\/concerts\/musique-a-cabara-1091291_A\" rel=\"nofollow noopener\" target=\"_blank\">Musique \u00e0 Cabara\u00a0: toutes les informations<\/a><\/p>\n<p><a data-lightbox=\"article\" data-title=\" \u00a9 (c) Christine Cordes\" class=\"image detail fullwidth\" href=\"https:\/\/www.jds.fr\/medias\/image\/musique-a-cabara-674935-1200-0-F.webp\" title=\" \u00a9 (c) Christine Cordes\" rel=\"nofollow noopener\" target=\"_blank\"><br \/>\n<img decoding=\"async\" loading=\"lazy\" src=\"https:\/\/www.europesays.com\/fr\/wp-content\/uploads\/2025\/08\/musique-a-cabara-674935-1200-0.webp.webp\"   alt=\"Musique \u00e0 Cabara\" class=\"shortcode_image border\"\/><br \/>\n\u00a9 (c) Christine Cordes<br \/>\n<\/a>\n<\/p>\n<p class=\"font-size-30 fw-bold lh-1 mt-0 mb-4\">Je trouve les meilleures sorties dans ma ville<\/p>\n","protected":false},"excerpt":{"rendered":"Ce week-end du 15 au 17 ao\u00fbt, Bordeaux et sa r\u00e9gion vous r\u00e9servent un programme aussi vari\u00e9 qu&rsquo;un&hellip;\n","protected":false},"author":2,"featured_media":321954,"comment_status":"","ping_status":"","sticky":false,"template":"","format":"standard","meta":{"footnotes":""},"categories":[2817],"tags":[1111,11,1997,1777,674,1011,27,12,2219,25],"class_list":{"0":"post-321953","1":"post","2":"type-post","3":"status-publish","4":"format-standard","5":"has-post-thumbnail","7":"category-bordeaux","8":"tag-actu","9":"tag-actualites","10":"tag-bordeaux","11":"tag-eu","12":"tag-europe","13":"tag-fr","14":"tag-france","15":"tag-news","16":"tag-nouvelle-aquitaine","17":"tag-republique-francaise"},"share_on_mastodon":{"url":"https:\/\/pubeurope.com\/@fr\/115035978363125185","error":""},"_links":{"self":[{"href":"https:\/\/www.europesays.com\/fr\/wp-json\/wp\/v2\/posts\/321953","targetHints":{"allow":["GET"]}}],"collection":[{"href":"https:\/\/www.europesays.com\/fr\/wp-json\/wp\/v2\/posts"}],"about":[{"href":"https:\/\/www.europesays.com\/fr\/wp-json\/wp\/v2\/types\/post"}],"author":[{"embeddable":true,"href":"https:\/\/www.europesays.com\/fr\/wp-json\/wp\/v2\/users\/2"}],"replies":[{"embeddable":true,"href":"https:\/\/www.europesays.com\/fr\/wp-json\/wp\/v2\/comments?post=321953"}],"version-history":[{"count":0,"href":"https:\/\/www.europesays.com\/fr\/wp-json\/wp\/v2\/posts\/321953\/revisions"}],"wp:featuredmedia":[{"embeddable":true,"href":"https:\/\/www.europesays.com\/fr\/wp-json\/wp\/v2\/media\/321954"}],"wp:attachment":[{"href":"https:\/\/www.europesays.com\/fr\/wp-json\/wp\/v2\/media?parent=321953"}],"wp:term":[{"taxonomy":"category","embeddable":true,"href":"https:\/\/www.europesays.com\/fr\/wp-json\/wp\/v2\/categories?post=321953"},{"taxonomy":"post_tag","embeddable":true,"href":"https:\/\/www.europesays.com\/fr\/wp-json\/wp\/v2\/tags?post=321953"}],"curies":[{"name":"wp","href":"https:\/\/api.w.org\/{rel}","templated":true}]}}