{"id":321959,"date":"2025-08-16T02:04:32","date_gmt":"2025-08-16T02:04:32","guid":{"rendered":"https:\/\/www.europesays.com\/fr\/321959\/"},"modified":"2025-08-16T02:04:32","modified_gmt":"2025-08-16T02:04:32","slug":"apres-giroud-un-autre-champion-du-monde-en-approche-a-lille","status":"publish","type":"post","link":"https:\/\/www.europesays.com\/fr\/321959\/","title":{"rendered":"Apr\u00e8s Giroud, un autre champion du monde en approche \u00e0 Lille"},"content":{"rendered":"<p><strong>Le Losc a d\u00e9cid\u00e9 de frapper un<br \/>\ngrand coup en cette fin de mercato, en attirant dans ses filets une<br \/>\nbelle prise.<\/strong><\/p>\n<p>C\u2019est la surprise du chef, dans <strong><a href=\"https:\/\/www.sports.fr\/football\/mercato\" rel=\"nofollow noopener\" target=\"_blank\">un mercato<br \/>\nlillois<\/a><\/strong> plut\u00f4t frustrant jusqu\u2019alors. Si ce n\u2019est un<br \/>\nOlivier Giroud en fin de course, le Losc a surtout mis\u00e9 cet \u00e9t\u00e9 sur<br \/>\ndes paris d\u2019avenir, tout en perdant des cadres aguerris tels que<br \/>\nJonathan David, Lucas Chevalier, Bafod\u00e9 Diakit\u00e9 ou Angel Gomes.<br \/>\nAussi la nouvelle du jour est-elle des plus savoureuses.<\/p>\n<p>Selon le journaliste Santi Aouna, les Dogues se seraient mis en<br \/>\nt\u00eate de rapatrier un certain Benjamin Pavard \u2013 un pur produit de la<br \/>\nmaison qui a v\u00e9cu sa premi\u00e8re saison professionnelle dans le Nord,<br \/>\nen 2015-2016, avant de s\u2019envoler pour l\u2019Allemagne et Stuttgart.<br \/>\nAvec la suite que l\u2019on sait au Bayern ou \u00e0 l\u2019Inter.<\/p>\n<blockquote class=\"twitter-tweet\"><p><a class=\"twitter-link\" rel=\"noindex, nofollow noopener\" href=\"https:\/\/twitter.com\/sports_fr\/status\/1956244884903301298\" target=\"_blank\"><\/p><\/blockquote>\n<p>La Gazzetta dello Sport assure que les Nerazzurri ont ouvert la<br \/>\nporte et qu\u2019un deal \u00e0 20 millions d\u2019euros \u00e0 peine est envisageable.<br \/>\nUn montant qui ne sera pas de nature \u00e0 effrayer des Lillois qui<br \/>\nviennent d\u2019engranger 40 millions avec le seul transfert de Bafod\u00e9<br \/>\nDiakit\u00e9 \u00e0 Bournemouth. A 29 ans, le d\u00e9fenseur polyvalent verrait<br \/>\nlui dans cette option l\u2019opportunit\u00e9 de se rapprocher du berceau<br \/>\nfamilial, tout en restant dans le viseur du s\u00e9lectionneur national<br \/>\nen cette ann\u00e9e de Coupe du monde.<\/p>\n<p>Un ancien Nantais dans le viseur de Lille \u00e9galement<\/p>\n<p>Champion du monde en 2018 et vice-champion en 2022, Benjamin<br \/>\nPavard vise naturellement la passe de trois sous les ordres de<br \/>\nDidier Deschamps. Et rallier le Losc, dans un contexte qu\u2019il<br \/>\nconna\u00eet parfaitement, peut \u00eatre un pari moins risqu\u00e9 que l\u2019aventure<br \/>\nstambouliote ou saoudienne alors que le Galatasaray et le Neom SC<br \/>\npoussent \u00e9galement pour le d\u00e9baucher.<\/p>\n<p>Outre le natif de Maubeuge, les Dogues travaillent le dossier de<br \/>\nl\u2019ancien Nantais Diego Carlos. Le Br\u00e9silien de 32 ans n\u2019entre pas<br \/>\ndans les plans de l\u2019entra\u00eeneur du Fenerbah\u00e7e Jos\u00e9 Mourinho pour la<br \/>\nsaison \u00e0 venir et cherche \u00e0 changer d\u2019air. Un accord de principe<br \/>\nentre le joueur et le Losc aurait d\u2019ores et d\u00e9j\u00e0 \u00e9t\u00e9 trouv\u00e9. Sous<br \/>\ncontrat jusqu\u2019en 2028, l\u2019int\u00e9ress\u00e9 est \u00e9valu\u00e9 \u00e0 10 millions d\u2019euros<br \/>\nenviron.<\/p>\n<p><script async src=\"https:\/\/platform.twitter.com\/widgets.js\" charset=\"utf-8\"><\/script><\/p>\n","protected":false},"excerpt":{"rendered":"Le Losc a d\u00e9cid\u00e9 de frapper un grand coup en cette fin de mercato, en attirant dans ses&hellip;\n","protected":false},"author":2,"featured_media":321960,"comment_status":"","ping_status":"","sticky":false,"template":"","format":"standard","meta":{"footnotes":""},"categories":[2815],"tags":[1111,11,1777,674,1011,27,811,1307,12,25],"class_list":{"0":"post-321959","1":"post","2":"type-post","3":"status-publish","4":"format-standard","5":"has-post-thumbnail","7":"category-lille","8":"tag-actu","9":"tag-actualites","10":"tag-eu","11":"tag-europe","12":"tag-fr","13":"tag-france","14":"tag-hauts-de-france","15":"tag-lille","16":"tag-news","17":"tag-republique-francaise"},"share_on_mastodon":{"url":"https:\/\/pubeurope.com\/@fr\/115035993729618237","error":""},"_links":{"self":[{"href":"https:\/\/www.europesays.com\/fr\/wp-json\/wp\/v2\/posts\/321959","targetHints":{"allow":["GET"]}}],"collection":[{"href":"https:\/\/www.europesays.com\/fr\/wp-json\/wp\/v2\/posts"}],"about":[{"href":"https:\/\/www.europesays.com\/fr\/wp-json\/wp\/v2\/types\/post"}],"author":[{"embeddable":true,"href":"https:\/\/www.europesays.com\/fr\/wp-json\/wp\/v2\/users\/2"}],"replies":[{"embeddable":true,"href":"https:\/\/www.europesays.com\/fr\/wp-json\/wp\/v2\/comments?post=321959"}],"version-history":[{"count":0,"href":"https:\/\/www.europesays.com\/fr\/wp-json\/wp\/v2\/posts\/321959\/revisions"}],"wp:featuredmedia":[{"embeddable":true,"href":"https:\/\/www.europesays.com\/fr\/wp-json\/wp\/v2\/media\/321960"}],"wp:attachment":[{"href":"https:\/\/www.europesays.com\/fr\/wp-json\/wp\/v2\/media?parent=321959"}],"wp:term":[{"taxonomy":"category","embeddable":true,"href":"https:\/\/www.europesays.com\/fr\/wp-json\/wp\/v2\/categories?post=321959"},{"taxonomy":"post_tag","embeddable":true,"href":"https:\/\/www.europesays.com\/fr\/wp-json\/wp\/v2\/tags?post=321959"}],"curies":[{"name":"wp","href":"https:\/\/api.w.org\/{rel}","templated":true}]}}