{"id":321961,"date":"2025-08-16T02:05:26","date_gmt":"2025-08-16T02:05:26","guid":{"rendered":"https:\/\/www.europesays.com\/fr\/321961\/"},"modified":"2025-08-16T02:05:26","modified_gmt":"2025-08-16T02:05:26","slug":"touchee-par-les-fees-du-31-03-2026-au-11-04-2026-marseille-2","status":"publish","type":"post","link":"https:\/\/www.europesays.com\/fr\/321961\/","title":{"rendered":"Touch\u00e9e par les f\u00e9es &#8211; Du 31\/03\/2026 au 11\/04\/2026 &#8211; Marseille"},"content":{"rendered":"<p class=\"subtitle subtitle--header subtitle--activity\">Quand Ariane Ascaride pose ses valises et d\u00e9cide de raconter sa vie, \u00e7a d\u00e9m\u00e9nage dans un texte au cordeau, co-\u00e9crit avec Marie Desplechin et chor\u00e9graphi\u00e9 par Thierry Thie\u00fb Niang.<\/p>\n<p>&#13;<\/p>\n<p class=\"subtitle subtitle--header subtitle--activity\">Que de souvenirs et d\u2019histoires de famille entass\u00e9s dans ces six valises ! Ainsi lest\u00e9e, Ariane Ascaride d\u00e9barque sur sc\u00e8ne avec armes et bagages pour ne rien oublier de sa dr\u00f4le d\u2019histoire. C\u2019est qu\u2019il y a mati\u00e8re \u00e0 raconter quand on grandit entre un p\u00e8re communiste, volage, fou d\u2019op\u00e9ra qui fait hurler les Choeurs de l\u2019Arm\u00e9e Rouge et une m\u00e8re quasi mutique. Forc\u00e9ment, la petite est un peu \u00ab touch\u00e9e par les f\u00e9es \u00bb comme on dit \u00e0 Marseille, un rien fada. \u00c7a la fait rire Ariane et elle d\u00e9roule le fil de son existence comme une com\u00e9die attachante et burlesque, nous offrant le r\u00f4le de sa vie comme un cadeau des f\u00e9es.<\/p>\n<p>&#13;<\/p>\n<p class=\"subtitle subtitle--header subtitle--activity\">Ariane Ascaride, Thierry Thie\u00fb Niang<\/p>\n<p>&#13;<\/p>\n<p class=\"subtitle subtitle--header subtitle--activity\">&gt;Infos\/billetterie en ligne :\u00a0<a href=\"https:\/\/www.lestheatres.net\/\" target=\"_blank\" rel=\"nofollow noopener\">www.lestheatres.net<\/a><\/p>\n","protected":false},"excerpt":{"rendered":"Quand Ariane Ascaride pose ses valises et d\u00e9cide de raconter sa vie, \u00e7a d\u00e9m\u00e9nage dans un texte au&hellip;\n","protected":false},"author":2,"featured_media":313600,"comment_status":"","ping_status":"","sticky":false,"template":"","format":"standard","meta":{"footnotes":""},"categories":[2814],"tags":[1111,11,1777,674,1011,27,884,12,882,25],"class_list":{"0":"post-321961","1":"post","2":"type-post","3":"status-publish","4":"format-standard","5":"has-post-thumbnail","7":"category-marseille","8":"tag-actu","9":"tag-actualites","10":"tag-eu","11":"tag-europe","12":"tag-fr","13":"tag-france","14":"tag-marseille","15":"tag-news","16":"tag-provence-alpes-cote-dazur","17":"tag-republique-francaise"},"share_on_mastodon":{"url":"https:\/\/pubeurope.com\/@fr\/115035997679958388","error":""},"_links":{"self":[{"href":"https:\/\/www.europesays.com\/fr\/wp-json\/wp\/v2\/posts\/321961","targetHints":{"allow":["GET"]}}],"collection":[{"href":"https:\/\/www.europesays.com\/fr\/wp-json\/wp\/v2\/posts"}],"about":[{"href":"https:\/\/www.europesays.com\/fr\/wp-json\/wp\/v2\/types\/post"}],"author":[{"embeddable":true,"href":"https:\/\/www.europesays.com\/fr\/wp-json\/wp\/v2\/users\/2"}],"replies":[{"embeddable":true,"href":"https:\/\/www.europesays.com\/fr\/wp-json\/wp\/v2\/comments?post=321961"}],"version-history":[{"count":0,"href":"https:\/\/www.europesays.com\/fr\/wp-json\/wp\/v2\/posts\/321961\/revisions"}],"wp:featuredmedia":[{"embeddable":true,"href":"https:\/\/www.europesays.com\/fr\/wp-json\/wp\/v2\/media\/313600"}],"wp:attachment":[{"href":"https:\/\/www.europesays.com\/fr\/wp-json\/wp\/v2\/media?parent=321961"}],"wp:term":[{"taxonomy":"category","embeddable":true,"href":"https:\/\/www.europesays.com\/fr\/wp-json\/wp\/v2\/categories?post=321961"},{"taxonomy":"post_tag","embeddable":true,"href":"https:\/\/www.europesays.com\/fr\/wp-json\/wp\/v2\/tags?post=321961"}],"curies":[{"name":"wp","href":"https:\/\/api.w.org\/{rel}","templated":true}]}}