{"id":321962,"date":"2025-08-16T02:06:13","date_gmt":"2025-08-16T02:06:13","guid":{"rendered":"https:\/\/www.europesays.com\/fr\/321962\/"},"modified":"2025-08-16T02:06:13","modified_gmt":"2025-08-16T02:06:13","slug":"marseille-le-volet-mobilite-du-plan-marseille-en-grand-a-500-me","status":"publish","type":"post","link":"https:\/\/www.europesays.com\/fr\/321962\/","title":{"rendered":"MARSEILLE : Le volet mobilit\u00e9 du plan Marseille en Grand \u00e0 500 M\u20ac"},"content":{"rendered":"<p><b>Signature de l\u2019avenant \u00e0 la convention cadre du volet mobilit\u00e9 du plan Marseille en Grand pour un montant de 500 M\u20ac.<\/b><\/p>\n<p>Le pr\u00e9sident de la R\u00e9publique a annonc\u00e9 le 2 septembre 2021 un vaste plan : Marseille en Grand, pour r\u00e9pondre aux urgences auxquelles la ville \u00e9tait confront\u00e9e, b\u00e2tir une nouvelle ambition pour la jeunesse marseillaise et renforcer la capacit\u00e9 de Marseille \u00e0 porter de grands projets europ\u00e9ens structurants.<\/p>\n<p style=\"font-weight: 400\">Le ministre de l\u2019Am\u00e9nagement du territoire et de la D\u00e9centralisation, Fran\u00e7ois Rebsamen, a r\u00e9affirm\u00e9 l\u2019engagement sans pr\u00e9c\u00e9dent de l\u2019\u00c9tat pour transformer Marseille et sa m\u00e9tropole au cours d\u2019une r\u00e9union de suivi qu\u2019il a pr\u00e9sid\u00e9e \u00e0 la pr\u00e9fecture des Bouches-du-Rh\u00f4ne. En tant que pilote de ce plan interminist\u00e9riel, Fran\u00e7ois Rebsamen avait constat\u00e9 l\u2019avanc\u00e9e et la concr\u00e9tisation des projets sur toutes les th\u00e9matiques du plan (\u00e9ducation, s\u00e9curit\u00e9, transports, logement, sant\u00e9, culture, emploi, insertion et d\u00e9veloppement du port) et demand\u00e9 au pr\u00e9fet d\u2019acc\u00e9l\u00e9rer la mise en \u0153uvre du plan. Alors que 31% des cr\u00e9dits du plan Marseille en Grand avaient \u00e9t\u00e9 engag\u00e9s \u00e0 cette date, ce sont d\u00e9sormais plus de 50% des cr\u00e9dits qui ont \u00e9t\u00e9 engag\u00e9s au 30 juin 2025. C\u2019est le signe de la d\u00e9termination des services de l\u2019\u00c9tat \u00e0 mettre en \u0153uvre ce plan en lien avec l\u2019ensemble des collectivit\u00e9s territoriales et acteurs locaux.<\/p>\n<p style=\"font-weight: 400\">Le mercredi 2 juillet 2025, le ministre de l\u2019Am\u00e9nagement du territoire et de la D\u00e9centralisation, Fran\u00e7ois Rebsamen, a sign\u00e9 l\u2019avenant \u00e0 la convention-cadre du volet mobilit\u00e9 du plan Marseille en Grand, qui porte la subvention de l\u2019\u00c9tat aux transports marseillais de 256 \u00e0 500 millions d\u2019euros. Cette augmentation significative traduit la d\u00e9termination du Gouvernement \u00e0 am\u00e9liorer, concr\u00e8tement, le quotidien des Marseillais.<\/p>\n<p style=\"font-weight: 400\">Cet effort exceptionnel permet d\u2019ailleurs d\u2019int\u00e9grer un seizi\u00e8me projet, de t\u00e9l\u00e9ph\u00e9rique reliant la gare de Vitrolles VAMP, le site Airbus et l\u2019a\u00e9roport de Marseille. Inscrit dans la strat\u00e9gie de d\u00e9carbonation des acc\u00e8s \u00e0 la plateforme a\u00e9roportuaire, ce nouveau projet vise \u00e0 am\u00e9liorer significativement la desserte pour les passagers comme pour les salari\u00e9s de la zone. Ce transport \u00e0 haut niveau de service, offrira une solution fiable, r\u00e9guli\u00e8re et adapt\u00e9e aux contraintes topographiques du site, tout en r\u00e9duisant fortement les \u00e9missions de CO\u2082, en coh\u00e9rence avec les objectifs de l\u2019accord de Paris.<\/p>\n<p style=\"font-weight: 400\">De mani\u00e8re plus g\u00e9n\u00e9rale, le d\u00e9ploiement du plan Marseille en Grand se poursuit avec de premiers r\u00e9sultats concrets au service des habitants. Plus de 80 \u00e9coles sont engag\u00e9es en phase op\u00e9rationnelle, plus de 100 op\u00e9rations de r\u00e9novation urbaine sont en cours, plus de 200 policiers sont arriv\u00e9s \u00e0 Marseille sur les 300 pr\u00e9vus et des op\u00e9rations d\u2019ampleur ont \u00e9t\u00e9 conduites dans le domaine de la sant\u00e9. La mobilisation des services de l\u2019\u00c9tat, sous l\u2019autorit\u00e9 du pr\u00e9fet de r\u00e9gion, ainsi que de l\u2019ensemble des acteurs publics se poursuivra afin que chaque engagement pris pour Marseille soit honor\u00e9.<\/p>\n<p style=\"font-weight: 400\"><strong>Photo d\u2019illustration DR.<\/strong><\/p>\n<p>\u00a0<\/p>\n","protected":false},"excerpt":{"rendered":"Signature de l\u2019avenant \u00e0 la convention cadre du volet mobilit\u00e9 du plan Marseille en Grand pour un montant&hellip;\n","protected":false},"author":2,"featured_media":321963,"comment_status":"","ping_status":"","sticky":false,"template":"","format":"standard","meta":{"footnotes":""},"categories":[2814],"tags":[1111,11,1777,674,1011,27,884,12,882,25],"class_list":{"0":"post-321962","1":"post","2":"type-post","3":"status-publish","4":"format-standard","5":"has-post-thumbnail","7":"category-marseille","8":"tag-actu","9":"tag-actualites","10":"tag-eu","11":"tag-europe","12":"tag-fr","13":"tag-france","14":"tag-marseille","15":"tag-news","16":"tag-provence-alpes-cote-dazur","17":"tag-republique-francaise"},"share_on_mastodon":{"url":"https:\/\/pubeurope.com\/@fr\/115036001775507734","error":""},"_links":{"self":[{"href":"https:\/\/www.europesays.com\/fr\/wp-json\/wp\/v2\/posts\/321962","targetHints":{"allow":["GET"]}}],"collection":[{"href":"https:\/\/www.europesays.com\/fr\/wp-json\/wp\/v2\/posts"}],"about":[{"href":"https:\/\/www.europesays.com\/fr\/wp-json\/wp\/v2\/types\/post"}],"author":[{"embeddable":true,"href":"https:\/\/www.europesays.com\/fr\/wp-json\/wp\/v2\/users\/2"}],"replies":[{"embeddable":true,"href":"https:\/\/www.europesays.com\/fr\/wp-json\/wp\/v2\/comments?post=321962"}],"version-history":[{"count":0,"href":"https:\/\/www.europesays.com\/fr\/wp-json\/wp\/v2\/posts\/321962\/revisions"}],"wp:featuredmedia":[{"embeddable":true,"href":"https:\/\/www.europesays.com\/fr\/wp-json\/wp\/v2\/media\/321963"}],"wp:attachment":[{"href":"https:\/\/www.europesays.com\/fr\/wp-json\/wp\/v2\/media?parent=321962"}],"wp:term":[{"taxonomy":"category","embeddable":true,"href":"https:\/\/www.europesays.com\/fr\/wp-json\/wp\/v2\/categories?post=321962"},{"taxonomy":"post_tag","embeddable":true,"href":"https:\/\/www.europesays.com\/fr\/wp-json\/wp\/v2\/tags?post=321962"}],"curies":[{"name":"wp","href":"https:\/\/api.w.org\/{rel}","templated":true}]}}