{"id":321975,"date":"2025-08-16T02:15:20","date_gmt":"2025-08-16T02:15:20","guid":{"rendered":"https:\/\/www.europesays.com\/fr\/321975\/"},"modified":"2025-08-16T02:15:20","modified_gmt":"2025-08-16T02:15:20","slug":"un-office-dintercession-a-saint-jean-de-changhai-a-eu-lieu-a-san-francisco-a-la-veille-de-la-rencontre-entre-les-presidents-des-etats-unis-et-de-la-russie","status":"publish","type":"post","link":"https:\/\/www.europesays.com\/fr\/321975\/","title":{"rendered":"Un office d\u2019intercession \u00e0 saint Jean de Changha\u00ef a eu lieu \u00e0 San Francisco \u00e0 la veille de la rencontre entre les pr\u00e9sidents des \u00c9tats-Unis et de la Russie"},"content":{"rendered":"<p>Le jeudi 14 ao\u00fbt, \u00e0 l\u2019occasion de la f\u00eate\u00a0de la procession de la sainte Croix et\u00a0du premier jour du je\u00fbne de la Dormition\u00a0selon l\u2019ancien calendrier,\u00a0a \u00e9t\u00e9 c\u00e9l\u00e9br\u00e9 \u00e0\u00a0en la cath\u00e9drale Notre-Dame-Joie-de-tous-les-afflig\u00e9s \u00e0 San Francisco (\u00c9glise orthodoxe russe hors-fronti\u00e8res)\u00a0un office d\u2019intercession pour la paix devant\u00a0les reliques\u00a0incorrompues\u00a0de Saint Jean\u00a0de Changha\u00ef le Thaumaturge. L\u2019office \u00e9tait c\u00e9l\u00e9br\u00e9 par le doyen\u00a0de la cath\u00e9drale, l\u2019archipr\u00eatre\u00a0PierrePerekrestov.\u00a0Au cours de l\u2019office, une pri\u00e8re a\u00a0\u00e9t\u00e9 \u00e9lev\u00e9e\u00a0\u00e0 Saint Jean pour la<\/p>\n<p>\t\t\t\t&#13;<br \/>\nLa suite de l&rsquo;article est r\u00e9serv\u00e9e aux abonn\u00e9s d&rsquo;Orthodoxie.com!&#13;<\/p>\n<p>Pour acc\u00e9der \u00e0 un nombre illimit\u00e9 d&rsquo;articles complets, veuillez :<\/p>\n<p>&#13;<br \/>\n&#13;<\/p>\n<p style=\"margin-top: 20px\">D\u00e9j\u00e0 connect\u00e9 ? Veuillez <a href=\"https:\/\/orthodoxie.com\/un-office-dintercession-a-saint-jean-de-changhai-a-eu-lieu-a-san-francisco-a-la-veille-de-la-rencontre-entre-les-presidents-des-etats-unis-et-de-la-russie\/.?bienvenue=\" style=\"color: #aa3d1c;font-weight: bold\" rel=\"nofollow noopener\" target=\"_blank\">cliquer ici<\/a> pour rafra\u00eechir la page. <\/p>\n<p>&#13;<\/p>\n","protected":false},"excerpt":{"rendered":"Le jeudi 14 ao\u00fbt, \u00e0 l\u2019occasion de la f\u00eate\u00a0de la procession de la sainte Croix et\u00a0du premier jour&hellip;\n","protected":false},"author":2,"featured_media":321976,"comment_status":"","ping_status":"","sticky":false,"template":"","format":"standard","meta":{"footnotes":""},"categories":[1591],"tags":[11,1887,12,1885,1886,132],"class_list":{"0":"post-321975","1":"post","2":"type-post","3":"status-publish","4":"format-standard","5":"has-post-thumbnail","7":"category-russie","8":"tag-actualites","9":"tag-federation-de-russie","10":"tag-news","11":"tag-russia","12":"tag-russian-federation","13":"tag-russie"},"share_on_mastodon":{"url":"https:\/\/pubeurope.com\/@fr\/115036037047956105","error":""},"_links":{"self":[{"href":"https:\/\/www.europesays.com\/fr\/wp-json\/wp\/v2\/posts\/321975","targetHints":{"allow":["GET"]}}],"collection":[{"href":"https:\/\/www.europesays.com\/fr\/wp-json\/wp\/v2\/posts"}],"about":[{"href":"https:\/\/www.europesays.com\/fr\/wp-json\/wp\/v2\/types\/post"}],"author":[{"embeddable":true,"href":"https:\/\/www.europesays.com\/fr\/wp-json\/wp\/v2\/users\/2"}],"replies":[{"embeddable":true,"href":"https:\/\/www.europesays.com\/fr\/wp-json\/wp\/v2\/comments?post=321975"}],"version-history":[{"count":0,"href":"https:\/\/www.europesays.com\/fr\/wp-json\/wp\/v2\/posts\/321975\/revisions"}],"wp:featuredmedia":[{"embeddable":true,"href":"https:\/\/www.europesays.com\/fr\/wp-json\/wp\/v2\/media\/321976"}],"wp:attachment":[{"href":"https:\/\/www.europesays.com\/fr\/wp-json\/wp\/v2\/media?parent=321975"}],"wp:term":[{"taxonomy":"category","embeddable":true,"href":"https:\/\/www.europesays.com\/fr\/wp-json\/wp\/v2\/categories?post=321975"},{"taxonomy":"post_tag","embeddable":true,"href":"https:\/\/www.europesays.com\/fr\/wp-json\/wp\/v2\/tags?post=321975"}],"curies":[{"name":"wp","href":"https:\/\/api.w.org\/{rel}","templated":true}]}}