{"id":321983,"date":"2025-08-16T02:19:32","date_gmt":"2025-08-16T02:19:32","guid":{"rendered":"https:\/\/www.europesays.com\/fr\/321983\/"},"modified":"2025-08-16T02:19:32","modified_gmt":"2025-08-16T02:19:32","slug":"les-francais-de-letranger-a-suivre-en-2025-2026","status":"publish","type":"post","link":"https:\/\/www.europesays.com\/fr\/321983\/","title":{"rendered":"les Fran\u00e7ais de l&rsquo;\u00e9tranger \u00e0 suivre en 2025-2026"},"content":{"rendered":"<p>La France, championne de l&rsquo;exportation\u00a0?<\/p>\n<p>Hormis en Espagne, o\u00f9 nos\u00a018 Fran\u00e7ais sont moins nombreux que les 20 Argentins qui peuplent la Liga, la France est le pays \u00e9tranger le plus repr\u00e9sent\u00e9 dans les trois autres grands Championnats europ\u00e9ens. En Premier League, nos\u00a038 Frenchies devancent notamment les 35 N\u00e9erlandais et les 34 joueurs br\u00e9siliens. En Bundesliga, les joueurs fran\u00e7ais (34) sont plus nombreux que les Autrichiens (29) ou que les Danois (15). Idem en Serie\u00a0A o\u00f9 les 31 tricolores devancent leurs homologues espagnols (26) et argentins (22).<\/p>\n","protected":false},"excerpt":{"rendered":"La France, championne de l&rsquo;exportation\u00a0? Hormis en Espagne, o\u00f9 nos\u00a018 Fran\u00e7ais sont moins nombreux que les 20 Argentins&hellip;\n","protected":false},"author":2,"featured_media":321984,"comment_status":"","ping_status":"","sticky":false,"template":"","format":"standard","meta":{"footnotes":""},"categories":[1587],"tags":[11,672,1804,1805,1803,1777,674,1801,12,1802],"class_list":{"0":"post-321983","1":"post","2":"type-post","3":"status-publish","4":"format-standard","5":"has-post-thumbnail","7":"category-allemagne","8":"tag-actualites","9":"tag-allemagne","10":"tag-bundesrepublik-deutschland","11":"tag-de","12":"tag-deutschland","13":"tag-eu","14":"tag-europe","15":"tag-germany","16":"tag-news","17":"tag-republique-federale-dallemagne"},"share_on_mastodon":{"url":"https:\/\/pubeurope.com\/@fr\/115036052760742375","error":""},"_links":{"self":[{"href":"https:\/\/www.europesays.com\/fr\/wp-json\/wp\/v2\/posts\/321983","targetHints":{"allow":["GET"]}}],"collection":[{"href":"https:\/\/www.europesays.com\/fr\/wp-json\/wp\/v2\/posts"}],"about":[{"href":"https:\/\/www.europesays.com\/fr\/wp-json\/wp\/v2\/types\/post"}],"author":[{"embeddable":true,"href":"https:\/\/www.europesays.com\/fr\/wp-json\/wp\/v2\/users\/2"}],"replies":[{"embeddable":true,"href":"https:\/\/www.europesays.com\/fr\/wp-json\/wp\/v2\/comments?post=321983"}],"version-history":[{"count":0,"href":"https:\/\/www.europesays.com\/fr\/wp-json\/wp\/v2\/posts\/321983\/revisions"}],"wp:featuredmedia":[{"embeddable":true,"href":"https:\/\/www.europesays.com\/fr\/wp-json\/wp\/v2\/media\/321984"}],"wp:attachment":[{"href":"https:\/\/www.europesays.com\/fr\/wp-json\/wp\/v2\/media?parent=321983"}],"wp:term":[{"taxonomy":"category","embeddable":true,"href":"https:\/\/www.europesays.com\/fr\/wp-json\/wp\/v2\/categories?post=321983"},{"taxonomy":"post_tag","embeddable":true,"href":"https:\/\/www.europesays.com\/fr\/wp-json\/wp\/v2\/tags?post=321983"}],"curies":[{"name":"wp","href":"https:\/\/api.w.org\/{rel}","templated":true}]}}