{"id":322000,"date":"2025-08-16T02:30:12","date_gmt":"2025-08-16T02:30:12","guid":{"rendered":"https:\/\/www.europesays.com\/fr\/322000\/"},"modified":"2025-08-16T02:30:12","modified_gmt":"2025-08-16T02:30:12","slug":"bagnaia-etait-le-plus-rapide-en-rythme-de-course","status":"publish","type":"post","link":"https:\/\/www.europesays.com\/fr\/322000\/","title":{"rendered":"Bagnaia \u00e9tait\u00a0le plus rapide en rythme de course"},"content":{"rendered":"<p><a href=\"https:\/\/fr.motorsport.com\/driver\/marc-marquez\/92646\/\" target=\"_blank\" rel=\"noopener\">Marc M\u00e1rquez<\/a> a beau avoir termin\u00e9 en t\u00eate des deux premi\u00e8res s\u00e9ances d&rsquo;essais du week-end au Grand Prix d&rsquo;Autriche, il assure \u00e0 qui veut bien l&rsquo;entendre que la menace vient de l&rsquo;autre c\u00f4t\u00e9 du garage Ducati, qu&rsquo;il partage avec <a href=\"https:\/\/fr.motorsport.com\/driver\/pecco-bagnaia\/109394\/\" target=\"_blank\" rel=\"noopener\">Pecco Bagnaia<\/a>. Rapide sur un tour mais en qu\u00eate de\u00a0\u00ab\u00a0constance\u00a0\u00bb, le pilote espagnol ne doute pas du statut de favori de son co\u00e9quipier, qu&rsquo;il estime de retour \u00e0 autre niveau que celui du d\u00e9but d&rsquo;ann\u00e9e.<\/p>\n<p>\u00ab\u00a0Il \u00e9tait\u00a0le plus rapide en rythme de course aujourd&rsquo;hui\u00a0\u00bb, insiste-t-il. \u00ab\u00a0Je ne suis pas surpris, parce que c&rsquo;est Pecco. Ce qui est surprenant, c&rsquo;est ce qui s&rsquo;est pass\u00e9 en premi\u00e8re partie de saison. Pecco est un pilote super rapide, et on est sur un de ses circuits. Il a gagn\u00e9 l&rsquo;an dernier apr\u00e8s un week-end solide, et on voit ce vendredi qu&rsquo;il est d\u00e9j\u00e0 l\u00e0.\u00a0\u00bb<\/p>\n<blockquote>\n<p>Le matin, je me r\u00e9veille, je regarde le classement, je regarde l&rsquo;\u00e9cart, et je continue de me dire que je dois finir les courses.<\/p>\n<\/blockquote>\n<p>Comment Marc M\u00e1rquez explique-t-il alors ce sentiment qui diff\u00e8re de la lecture accord\u00e9e \u00e0 la feuille des temps\u00a0? Lui assure avoir trouv\u00e9 la performance pure plut\u00f4t naturellement, sans pour autant \u00eatre satisfait de son rythme de course, sur un trac\u00e9 o\u00f9 il ne se sent toutefois pas contraint d&rsquo;adapter son pilotage.\u00a0<\/p>\n<p>\u00ab\u00a0Comprendre les sensations \u00e0 l&rsquo;avant \u00e9tait le plus difficile aujourd&rsquo;hui\u00a0\u00bb, pr\u00e9cise-t-il. \u00ab\u00a0C&rsquo;est pour cette raison que ce matin, je suis sorti, j&rsquo;ai juste attaqu\u00e9 et je me suis retrouv\u00e9 en t\u00eate du classement, mais je n&rsquo;ai pas trouv\u00e9 la r\u00e9gularit\u00e9. Dans l&rsquo;apr\u00e8s-midi, j&rsquo;ai un peu chang\u00e9 la mani\u00e8re de travailler et j&rsquo;ai davantage essay\u00e9 de changer la fa\u00e7on de freiner, et c&rsquo;est pour \u00e7a qu&rsquo;il m&rsquo;a fallu du temps pour faire un bon chrono. J&rsquo;ai un peu trouv\u00e9 cette r\u00e9gularit\u00e9, mais on peut encore l&rsquo;am\u00e9liorer.\u00a0\u00bb<\/p>\n<p>\u00ab\u00a0C&rsquo;est un des circuits o\u00f9 l&rsquo;on change le moins de style de pilotage. Parce que dans les virages stop-and-go, la Honda \u00e9tait super bonne. Il faut freiner le plus fort possible, et repartir. Si la Honda \u00e9tait super bonne dans la mani\u00e8re d&rsquo;entrer dans le virage, la Ducati est tr\u00e8s bonne pour en sortir. Mais au bout du compte, il y a une trajectoire, un style de pilotage, et c&rsquo;est la raison pour laquelle les chronos sont super serr\u00e9s. Et si on regarde aujourd&rsquo;hui, il y a des pilotes Honda en Q2.\u00a0\u00bb<\/p>\n<p>Leader du championnat avec <a href=\"https:\/\/fr.motorsport.com\/motogp\/standings\/2025\/\" target=\"_blank\" rel=\"noopener\">120 points d&rsquo;avance<\/a> sur son plus proche poursuivant, Marc M\u00e1rquez ne change ni de logiciel, ni de boussole\u00a0: gagner oui, mais plus \u00e0 n&rsquo;importe quel prix.\u00a0\u00ab\u00a0Le matin, je me r\u00e9veille, je regarde le classement, je regarde l&rsquo;\u00e9cart, et je continue de me dire que je dois finir les courses\u00a0\u00bb, conclut-il.\u00a0<\/p>\n<p>Lire aussi :<\/p>\n<p>Dans cet article<\/p>\n<p>Soyez le premier inform\u00e9 et souscrivez aux alertes mails pour recevoir les infos en temps r\u00e9el<\/p>\n<p>    S&rsquo;abonner aux alertes de news<\/p>\n","protected":false},"excerpt":{"rendered":"Marc M\u00e1rquez a beau avoir termin\u00e9 en t\u00eate des deux premi\u00e8res s\u00e9ances d&rsquo;essais du week-end au Grand Prix&hellip;\n","protected":false},"author":2,"featured_media":322001,"comment_status":"","ping_status":"","sticky":false,"template":"","format":"standard","meta":{"footnotes":""},"categories":[1413],"tags":[4950,1011,27,34489,5038,1457,1456,1458,45966,34490,60],"class_list":{"0":"post-322000","1":"post","2":"type-post","3":"status-publish","4":"format-standard","5":"has-post-thumbnail","7":"category-moto","8":"tag-ducati-team","9":"tag-fr","10":"tag-france","11":"tag-gp-dautriche","12":"tag-marc-mu00e1rquez","13":"tag-moto","14":"tag-motocycle","15":"tag-motogp","16":"tag-mu00e1rquez-se-mu00e9fie-bagnaia-u00e9taitu00a0le-plus-rapide-en-rythme-de-course","17":"tag-red-bull-ring","18":"tag-sports"},"share_on_mastodon":{"url":"https:\/\/pubeurope.com\/@fr\/115036095998087449","error":""},"_links":{"self":[{"href":"https:\/\/www.europesays.com\/fr\/wp-json\/wp\/v2\/posts\/322000","targetHints":{"allow":["GET"]}}],"collection":[{"href":"https:\/\/www.europesays.com\/fr\/wp-json\/wp\/v2\/posts"}],"about":[{"href":"https:\/\/www.europesays.com\/fr\/wp-json\/wp\/v2\/types\/post"}],"author":[{"embeddable":true,"href":"https:\/\/www.europesays.com\/fr\/wp-json\/wp\/v2\/users\/2"}],"replies":[{"embeddable":true,"href":"https:\/\/www.europesays.com\/fr\/wp-json\/wp\/v2\/comments?post=322000"}],"version-history":[{"count":0,"href":"https:\/\/www.europesays.com\/fr\/wp-json\/wp\/v2\/posts\/322000\/revisions"}],"wp:featuredmedia":[{"embeddable":true,"href":"https:\/\/www.europesays.com\/fr\/wp-json\/wp\/v2\/media\/322001"}],"wp:attachment":[{"href":"https:\/\/www.europesays.com\/fr\/wp-json\/wp\/v2\/media?parent=322000"}],"wp:term":[{"taxonomy":"category","embeddable":true,"href":"https:\/\/www.europesays.com\/fr\/wp-json\/wp\/v2\/categories?post=322000"},{"taxonomy":"post_tag","embeddable":true,"href":"https:\/\/www.europesays.com\/fr\/wp-json\/wp\/v2\/tags?post=322000"}],"curies":[{"name":"wp","href":"https:\/\/api.w.org\/{rel}","templated":true}]}}