{"id":322002,"date":"2025-08-16T02:31:15","date_gmt":"2025-08-16T02:31:15","guid":{"rendered":"https:\/\/www.europesays.com\/fr\/322002\/"},"modified":"2025-08-16T02:31:15","modified_gmt":"2025-08-16T02:31:15","slug":"logan-sargeant-relance-sa-carriere-en-lmp2-apres-la-f1","status":"publish","type":"post","link":"https:\/\/www.europesays.com\/fr\/322002\/","title":{"rendered":"Logan Sargeant relance sa carri\u00e8re en LMP2 apr\u00e8s la F1"},"content":{"rendered":"<p>\u00c9vinc\u00e9 de Williams \u00e0 la mi-2024 au profit de Franco Colapinto, Logan Sargeant avait ensuite renonc\u00e9 \u00e0 un programme en ELMS avec IDEC-Genesis Magma Racing d\u00e9but 2025, laissant planer le doute sur son avenir sportif.<\/p>\n<blockquote>\n<p>\u201cSuite \u00e0 la d\u00e9cision de Logan Sargeant de se retirer du sport pour se consacrer \u00e0 d\u2019autres int\u00e9r\u00eats, (IDEC) et Genesis Magma Racing prennent acte de sa d\u00e9cision et annonceront son rempla\u00e7ant dans les prochains jours\u201d Expliquait IDEC Sport, source : <a href=\"http:\/\/nextgen-auto.com\" target=\"_blank\" rel=\"noopener\">nextgen-auto.com<\/a>\u00a0<\/p>\n<\/blockquote>\n<p><b>Un retour attendu sur la sc\u00e8ne internationale<\/b><\/p>\n<p>Contre toute attente, Sargeant a sign\u00e9 avec Oliver Gavin Motorsport Management (OGMM) pour entamer un nouveau chapitre en courses de voitures de sport. Logan Sargeant, ex-pilote Williams, va retrouver la piste en int\u00e9grant l\u2019\u00e9quipe PR1\/Mathiasen Motorsports en cat\u00e9gorie LMP2 pour les deux derni\u00e8res manches du championnat IMSA 2025. Le pilote am\u00e9ricain sera au d\u00e9part des 6 Heures d\u2019Indianapolis le 21 septembre, puis du Petit Le Mans \u00e0 Road Atlanta le 11 octobre, aux c\u00f4t\u00e9s de ses co\u00e9quipiers Ben et Naveen. Il pilotera une Oreca 07, r\u00e9f\u00e9rence de la cat\u00e9gorie.<\/p>\n<blockquote>\n<p>\u201cNous sommes ravis d\u2019accueillir Logan Sargeant au sein de l\u2019\u00e9quipe OGMM. Fort d\u2019une solide exp\u00e9rience en monoplace et \u00e2g\u00e9 de seulement 24 ans, Logan rejoint OGMM afin de se concentrer sur une future carri\u00e8re dans les voitures de sport.\u201d D\u00e9clare le Team OGMM, source : <a href=\"http:\/\/nextgen-auto.com\" target=\"_blank\" rel=\"noopener\">nextgen-auto.com<\/a>\u00a0<\/p>\n<\/blockquote>\n<p><b>Une nouvelle \u00e9tape dans sa carri\u00e8re<\/b><\/p>\n<p>Sargeant voit cette opportunit\u00e9 comme un tremplin pour sa reconversion car apr\u00e8s son d\u00e9part de la F1 et une p\u00e9riode d\u2019incertitude, l\u2019Am\u00e9ricain esp\u00e8re que ce programme en endurance ouvrira de nouvelles portes, que ce soit en IMSA, au WEC ou dans d\u2019autres championnats majeurs.<\/p>\n<blockquote>\n<p>\u201cJe suis super excit\u00e9 de remonter dans une voiture pour les deux derni\u00e8res courses LMP2 de l\u2019IMSA avec PR1\/Mathiasen Motorsports.C\u2019est une excellente occasion de piloter sur deux circuits exceptionnels, Indianapolis et Road Atlanta, et d\u2019aider mes co\u00e9quipiers Ben et Naveen \u00e0 obtenir de bons r\u00e9sultats. Je suis impatient de contribuer au succ\u00e8s de l\u2019\u00e9quipe lors de ces deux courses et de mettre mes connaissances et mon exp\u00e9rience au service de tous les participants.\u201d D\u00e9clare l\u2019ancien pilote Williams, source : <a href=\"http:\/\/nextgen-auto.com\" target=\"_blank\" rel=\"noopener\">nextgen-auto.com<\/a>\u00a0<\/p>\n<\/blockquote>\n<p>    Partagez cette info avec vos amis et vos proches en cliquant ici  <\/p>\n<p> Podcasts \u00e0 la une MEN LIFE <\/p>\n<p>    Williams : Logan Sargeant rebondit en IMSA apr\u00e8s son d\u00e9part de la F1<\/p>\n<p>Apr\u00e8s avoir quitt\u00e9 Williams en 2024 et mis entre parenth\u00e8ses sa carri\u00e8re, Logan Sargeant fait son retour en comp\u00e9tition. L\u2019Am\u00e9ricain participera aux deux derni\u00e8res manches du championnat IMSA 2025 en LMP2 avec PR1\/Mathiasen Motorsports, une \u00e9tape cl\u00e9 pour relancer sa trajectoire sportive vers l\u2019endurance.<\/p>\n<p>R\u00e9dacteur<\/p>\n<p><img decoding=\"async\" width=\"76\" height=\"76\" loading=\"lazy\" src=\"https:\/\/www.europesays.com\/fr\/wp-content\/uploads\/2025\/04\/avatar-sport-am.png\" alt=\"Victor Teyssier\"\/><\/p>\n","protected":false},"excerpt":{"rendered":"\u00c9vinc\u00e9 de Williams \u00e0 la mi-2024 au profit de Franco Colapinto, Logan Sargeant avait ensuite renonc\u00e9 \u00e0 un&hellip;\n","protected":false},"author":2,"featured_media":322003,"comment_status":"","ping_status":"","sticky":false,"template":"","format":"standard","meta":{"footnotes":""},"categories":[1412],"tags":[1451,1452,1453,1454,1455,1011,27,60],"class_list":{"0":"post-322002","1":"post","2":"type-post","3":"status-publish","4":"format-standard","5":"has-post-thumbnail","7":"category-f1","8":"tag-f1","9":"tag-formula-1","10":"tag-formula1","11":"tag-formule-1","12":"tag-formule1","13":"tag-fr","14":"tag-france","15":"tag-sports"},"share_on_mastodon":{"url":"https:\/\/pubeurope.com\/@fr\/115036099927991129","error":""},"_links":{"self":[{"href":"https:\/\/www.europesays.com\/fr\/wp-json\/wp\/v2\/posts\/322002","targetHints":{"allow":["GET"]}}],"collection":[{"href":"https:\/\/www.europesays.com\/fr\/wp-json\/wp\/v2\/posts"}],"about":[{"href":"https:\/\/www.europesays.com\/fr\/wp-json\/wp\/v2\/types\/post"}],"author":[{"embeddable":true,"href":"https:\/\/www.europesays.com\/fr\/wp-json\/wp\/v2\/users\/2"}],"replies":[{"embeddable":true,"href":"https:\/\/www.europesays.com\/fr\/wp-json\/wp\/v2\/comments?post=322002"}],"version-history":[{"count":0,"href":"https:\/\/www.europesays.com\/fr\/wp-json\/wp\/v2\/posts\/322002\/revisions"}],"wp:featuredmedia":[{"embeddable":true,"href":"https:\/\/www.europesays.com\/fr\/wp-json\/wp\/v2\/media\/322003"}],"wp:attachment":[{"href":"https:\/\/www.europesays.com\/fr\/wp-json\/wp\/v2\/media?parent=322002"}],"wp:term":[{"taxonomy":"category","embeddable":true,"href":"https:\/\/www.europesays.com\/fr\/wp-json\/wp\/v2\/categories?post=322002"},{"taxonomy":"post_tag","embeddable":true,"href":"https:\/\/www.europesays.com\/fr\/wp-json\/wp\/v2\/tags?post=322002"}],"curies":[{"name":"wp","href":"https:\/\/api.w.org\/{rel}","templated":true}]}}